{"id":21701,"date":"2024-01-29T19:19:28","date_gmt":"2024-01-29T19:19:28","guid":{"rendered":"https:\/\/www.salvatorianas.org.br\/blog\/?p=21701"},"modified":"2024-01-29T19:19:29","modified_gmt":"2024-01-29T19:19:29","slug":"irmas-salvatorianas-concluem-curso-de-pos-graduacao-em-missiologia","status":"publish","type":"post","link":"https:\/\/www.salvatorianas.org.br\/blog\/irmas-salvatorianas-concluem-curso-de-pos-graduacao-em-missiologia\/","title":{"rendered":"IRMAS SALVATORIANAS CONCLUEM CURSO DE P\u00d3S-GRADUA\u00c7\u00c3O EM MISSIOLOGIA"},"content":{"rendered":"\n<p>No final de janeiro de 2024, aconteceram as \u00faltimas disciplinas referentes ao Curso de P\u00f3s Gradua\u00e7\u00e3o em Missiologia&nbsp; promovido pela CNBB em parceria com o Centro Cultural Mission\u00e1rio (CCM) e a Faculdade de Teologia da Arquidiocese de Bras\u00edlia, DF. O Curso aconteceu em tr\u00eas etapas nos meses de janeiro e julho de 2023 e janeiro 2024.<\/p>\n\n\n\n<p>As Irm\u00e3s Maria Jovelina Oliveira, Henriqueta Mezzomo da Prov\u00edncia Santa Catarina e Eny Xavier da Prov\u00edncia S\u00e3o Paulo, agradecem as duas Prov\u00edncias pela oportunidade de poderem participar desta capacita\u00e7\u00e3o. A missiologia \u00e9 parte integrante de nossa vida salvatoriana e crist\u00e3.&nbsp; Quem se sentir chamado(a) a esta bela miss\u00e3o, vale a pena este aprofundamento.<\/p>\n\n\n\n<p>&nbsp;&nbsp;&nbsp;&nbsp;&nbsp;&nbsp;&nbsp;&nbsp;&nbsp;&nbsp;&nbsp;&nbsp;&nbsp;&nbsp;&nbsp;&nbsp;&nbsp;&nbsp;&nbsp;&nbsp;&nbsp;&nbsp;&nbsp;&nbsp;&nbsp;&nbsp;&nbsp;&nbsp;&nbsp;&nbsp;&nbsp;&nbsp;&nbsp;&nbsp;&nbsp;&nbsp;&nbsp;&nbsp;&nbsp;&nbsp;&nbsp;&nbsp;&nbsp;&nbsp;&nbsp;&nbsp;&nbsp;&nbsp;&nbsp;&nbsp;&nbsp;&nbsp;&nbsp;&nbsp;&nbsp;&nbsp;&nbsp;&nbsp;&nbsp;&nbsp;&nbsp;&nbsp;&nbsp;&nbsp;&nbsp;&nbsp;&nbsp;&nbsp;&nbsp;&nbsp; Irm\u00e3s Maria Jovelina, Eny e Henriqueta<\/p>\n\n\n\n<figure class=\"wp-block-image size-large\"><img decoding=\"async\" loading=\"lazy\" width=\"768\" height=\"1024\" src=\"https:\/\/www.salvatorianas.org.br\/blog\/wp-content\/uploads\/2024\/01\/6a1a8fac-b73d-40a7-9f4e-f10cea059a10-768x1024.jpeg\" alt=\"\" class=\"wp-image-21703\" srcset=\"https:\/\/www.salvatorianas.org.br\/blog\/wp-content\/uploads\/2024\/01\/6a1a8fac-b73d-40a7-9f4e-f10cea059a10-768x1024.jpeg 768w, https:\/\/www.salvatorianas.org.br\/blog\/wp-content\/uploads\/2024\/01\/6a1a8fac-b73d-40a7-9f4e-f10cea059a10-225x300.jpeg 225w, https:\/\/www.salvatorianas.org.br\/blog\/wp-content\/uploads\/2024\/01\/6a1a8fac-b73d-40a7-9f4e-f10cea059a10-1152x1536.jpeg 1152w, https:\/\/www.salvatorianas.org.br\/blog\/wp-content\/uploads\/2024\/01\/6a1a8fac-b73d-40a7-9f4e-f10cea059a10.jpeg 1200w\" sizes=\"(max-width: 768px) 100vw, 768px\" \/><\/figure>\n\n\n\n<p><\/p>\n\n\n\n<figure class=\"wp-block-image size-large\"><img decoding=\"async\" loading=\"lazy\" width=\"1024\" height=\"768\" src=\"https:\/\/www.salvatorianas.org.br\/blog\/wp-content\/uploads\/2024\/01\/97dca446-974f-426c-a482-98bd41833b96-1024x768.jpeg\" alt=\"\" class=\"wp-image-21704\" srcset=\"https:\/\/www.salvatorianas.org.br\/blog\/wp-content\/uploads\/2024\/01\/97dca446-974f-426c-a482-98bd41833b96-1024x768.jpeg 1024w, https:\/\/www.salvatorianas.org.br\/blog\/wp-content\/uploads\/2024\/01\/97dca446-974f-426c-a482-98bd41833b96-300x225.jpeg 300w, https:\/\/www.salvatorianas.org.br\/blog\/wp-content\/uploads\/2024\/01\/97dca446-974f-426c-a482-98bd41833b96-768x576.jpeg 768w, https:\/\/www.salvatorianas.org.br\/blog\/wp-content\/uploads\/2024\/01\/97dca446-974f-426c-a482-98bd41833b96-1536x1152.jpeg 1536w, https:\/\/www.salvatorianas.org.br\/blog\/wp-content\/uploads\/2024\/01\/97dca446-974f-426c-a482-98bd41833b96.jpeg 1600w\" sizes=\"(max-width: 1024px) 100vw, 1024px\" \/><\/figure>\n\n\n\n<figure class=\"wp-block-image size-large\"><img decoding=\"async\" loading=\"lazy\" width=\"1024\" height=\"748\" src=\"https:\/\/www.salvatorianas.org.br\/blog\/wp-content\/uploads\/2024\/01\/e00dc714-130d-43c7-b9f5-2884b5427a2c-1024x748.jpeg\" alt=\"\" class=\"wp-image-21705\" srcset=\"https:\/\/www.salvatorianas.org.br\/blog\/wp-content\/uploads\/2024\/01\/e00dc714-130d-43c7-b9f5-2884b5427a2c-1024x748.jpeg 1024w, https:\/\/www.salvatorianas.org.br\/blog\/wp-content\/uploads\/2024\/01\/e00dc714-130d-43c7-b9f5-2884b5427a2c-300x219.jpeg 300w, https:\/\/www.salvatorianas.org.br\/blog\/wp-content\/uploads\/2024\/01\/e00dc714-130d-43c7-b9f5-2884b5427a2c-768x561.jpeg 768w, https:\/\/www.salvatorianas.org.br\/blog\/wp-content\/uploads\/2024\/01\/e00dc714-130d-43c7-b9f5-2884b5427a2c.jpeg 1074w\" sizes=\"(max-width: 1024px) 100vw, 1024px\" \/><\/figure>\n","protected":false},"excerpt":{"rendered":"<p>No final de janeiro de 2024, aconteceram as \u00faltimas disciplinas referentes ao Curso de P\u00f3s Gradua\u00e7\u00e3o em Missiologia&nbsp; promovido pela CNBB em parceria com o Centro Cultural Mission\u00e1rio (CCM) e a Faculdade de&#8230;<\/p>\n","protected":false},"author":2,"featured_media":21702,"comment_status":"open","ping_status":"open","sticky":false,"template":"","format":"standard","meta":[],"categories":[1],"tags":[],"_links":{"self":[{"href":"https:\/\/www.salvatorianas.org.br\/blog\/wp-json\/wp\/v2\/posts\/21701"}],"collection":[{"href":"https:\/\/www.salvatorianas.org.br\/blog\/wp-json\/wp\/v2\/posts"}],"about":[{"href":"https:\/\/www.salvatorianas.org.br\/blog\/wp-json\/wp\/v2\/types\/post"}],"author":[{"embeddable":true,"href":"https:\/\/www.salvatorianas.org.br\/blog\/wp-json\/wp\/v2\/users\/2"}],"replies":[{"embeddable":true,"href":"https:\/\/www.salvatorianas.org.br\/blog\/wp-json\/wp\/v2\/comments?post=21701"}],"version-history":[{"count":1,"href":"https:\/\/www.salvatorianas.org.br\/blog\/wp-json\/wp\/v2\/posts\/21701\/revisions"}],"predecessor-version":[{"id":21706,"href":"https:\/\/www.salvatorianas.org.br\/blog\/wp-json\/wp\/v2\/posts\/21701\/revisions\/21706"}],"wp:featuredmedia":[{"embeddable":true,"href":"https:\/\/www.salvatorianas.org.br\/blog\/wp-json\/wp\/v2\/media\/21702"}],"wp:attachment":[{"href":"https:\/\/www.salvatorianas.org.br\/blog\/wp-json\/wp\/v2\/media?parent=21701"}],"wp:term":[{"taxonomy":"category","embeddable":true,"href":"https:\/\/www.salvatorianas.org.br\/blog\/wp-json\/wp\/v2\/categories?post=21701"},{"taxonomy":"post_tag","embeddable":true,"href":"https:\/\/www.salvatorianas.org.br\/blog\/wp-json\/wp\/v2\/tags?post=21701"}],"curies":[{"name":"wp","href":"https:\/\/api.w.org\/{rel}","templated":true}]}}