{"id":2170,"date":"2015-05-25T00:00:00","date_gmt":"2015-05-25T00:00:00","guid":{"rendered":"https:\/\/www.salvatorianas.org.br\/blog\/anec-organiza-3-congresso-nacional-de-educacao-catolica\/"},"modified":"2015-05-25T00:00:00","modified_gmt":"2015-05-25T00:00:00","slug":"anec-organiza-3-congresso-nacional-de-educacao-catolica","status":"publish","type":"post","link":"https:\/\/www.salvatorianas.org.br\/blog\/anec-organiza-3-congresso-nacional-de-educacao-catolica\/","title":{"rendered":"Anec organiza 3\u00ba Congresso Nacional de Educa\u00e7\u00e3o Cat\u00f3lica"},"content":{"rendered":"<p style=\"text-align: justify;\" align=\"center\">[imagem2]<\/p>\n<p style=\"text-align: justify;\" align=\"center\">&nbsp;<\/p>\n<p style=\"text-align: justify;\" align=\"center\">Com o tema &ldquo;M&iacute;stica, conhecimento e compet&ecirc;ncias &ndash; Desafios e oportunidades para a Educa&ccedil;&atilde;o Cat&oacute;lica nas Culturas Contempor&acirc;neas&rdquo;, o 3&ordm; Congresso Nacional de Educa&ccedil;&atilde;o Cat&oacute;lica debater&aacute; os desafios enfrentados na educa&ccedil;&atilde;o e as transforma&ccedil;&otilde;es que o ensino vem enfrentando. O evento &eacute; organizado pela Associa&ccedil;&atilde;o Nacional de Educa&ccedil;&atilde;o Cat&oacute;lica do Brasil (Anec) e ocorrer&aacute; de 15 a 18 de julho, na Pontif&iacute;cia Universidade Cat&oacute;lica do Paran&aacute; (PUCPR).<\/p>\n<p style=\"text-align: justify;\" align=\"center\">O Congresso refletir&aacute;, ainda, sobre o processo de mercantiliza&ccedil;&atilde;o da educa&ccedil;&atilde;o no Brasil nas &uacute;ltimas tr&ecirc;s d&eacute;cadas.<\/p>\n<p style=\"text-align: justify;\" align=\"center\">De acordo com um comunicado da Anec, &ldquo;fazer educa&ccedil;&atilde;o, formar os futuros cidad&atilde;os, sem que nesse processo os princ&iacute;pios da Educa&ccedil;&atilde;o Cat&oacute;lica sejam passados, &eacute; perder uma excelente oportunidade de fazer a diferen&ccedil;a na sociedade, atitude t&atilde;o importante num momento em que existe uma grav&iacute;ssima crise de valores na contemporaneidade&#8221;.<\/p>\n<p style=\"text-align: justify;\">Na programa&ccedil;&atilde;o do evento est&atilde;o previstas palestras, f&oacute;runs, apresenta&ccedil;&atilde;o de oficinas, sess&otilde;es de comunica&ccedil;&otilde;es cient&iacute;ficas e de p&ocirc;steres, que poder&atilde;o ser feitas por qualquer profissional de ensino ou estudante. &nbsp;O Congresso &eacute; destinado aos gestores acad&ecirc;micos das institui&ccedil;&otilde;es de ensino, gestores administrativos, professores, pesquisadores e alunos de p&oacute;s-gradua&ccedil;&atilde;o, gradua&ccedil;&atilde;o e educa&ccedil;&atilde;o b&aacute;sica.<\/p>\n<p style=\"text-align: justify;\">Informa&ccedil;&otilde;es no site:&nbsp;<a href=\"http:\/\/anec.org.br\/congresso\">http:\/\/anec.org.br\/congresso<\/a>.<\/p>\n<p style=\"text-align: justify;\">&nbsp;<\/p>\n<p style=\"text-align: justify;\">Fonte: CNBB<\/p>\n","protected":false},"excerpt":{"rendered":"<p>[imagem2] &nbsp; Com o tema &ldquo;M&iacute;stica, conhecimento e compet&ecirc;ncias &ndash; Desafios e oportunidades para a Educa&ccedil;&atilde;o Cat&oacute;lica nas Culturas Contempor&acirc;neas&rdquo;, o 3&ordm; Congresso Nacional de Educa&ccedil;&atilde;o Cat&oacute;lica debater&aacute; os desafios enfrentados na educa&ccedil;&atilde;o&#8230;<\/p>\n","protected":false},"author":1,"featured_media":2337,"comment_status":"open","ping_status":"open","sticky":false,"template":"","format":"standard","meta":[],"categories":[1],"tags":[],"_links":{"self":[{"href":"https:\/\/www.salvatorianas.org.br\/blog\/wp-json\/wp\/v2\/posts\/2170"}],"collection":[{"href":"https:\/\/www.salvatorianas.org.br\/blog\/wp-json\/wp\/v2\/posts"}],"about":[{"href":"https:\/\/www.salvatorianas.org.br\/blog\/wp-json\/wp\/v2\/types\/post"}],"author":[{"embeddable":true,"href":"https:\/\/www.salvatorianas.org.br\/blog\/wp-json\/wp\/v2\/users\/1"}],"replies":[{"embeddable":true,"href":"https:\/\/www.salvatorianas.org.br\/blog\/wp-json\/wp\/v2\/comments?post=2170"}],"version-history":[{"count":0,"href":"https:\/\/www.salvatorianas.org.br\/blog\/wp-json\/wp\/v2\/posts\/2170\/revisions"}],"wp:featuredmedia":[{"embeddable":true,"href":"https:\/\/www.salvatorianas.org.br\/blog\/wp-json\/wp\/v2\/media\/2337"}],"wp:attachment":[{"href":"https:\/\/www.salvatorianas.org.br\/blog\/wp-json\/wp\/v2\/media?parent=2170"}],"wp:term":[{"taxonomy":"category","embeddable":true,"href":"https:\/\/www.salvatorianas.org.br\/blog\/wp-json\/wp\/v2\/categories?post=2170"},{"taxonomy":"post_tag","embeddable":true,"href":"https:\/\/www.salvatorianas.org.br\/blog\/wp-json\/wp\/v2\/tags?post=2170"}],"curies":[{"name":"wp","href":"https:\/\/api.w.org\/{rel}","templated":true}]}}