{"id":21691,"date":"2024-01-26T21:57:33","date_gmt":"2024-01-26T21:57:33","guid":{"rendered":"https:\/\/www.salvatorianas.org.br\/blog\/?p=21691"},"modified":"2024-01-26T21:57:34","modified_gmt":"2024-01-26T21:57:34","slug":"solidariedade-tem-lugar","status":"publish","type":"post","link":"https:\/\/www.salvatorianas.org.br\/blog\/solidariedade-tem-lugar\/","title":{"rendered":"Solidariedade tem lugar"},"content":{"rendered":"\n<p>&#8220;Tudo o que fizeres ao menor dos meus irm\u00e3os \u00e9 a mim que fazeis&#8221;.( Mt 25,40)<\/p>\n\n\n\n<p><\/p>\n\n\n\n<p>Como resposta aos apelos da realidade a comunidade das Irm\u00e3s Salvatorianas residentes em S\u00e3o Mateus\/ S\u00e3o Paulo na pessoa da Ir. Vera L\u00facia Palermo assumiu, como parte da miss\u00e3o, apoiar o Pe. J\u00falio Lancellotti, Vig\u00e1rio Episcopal da Arquidiocese de S\u00e3o Paulo, no trabalho, acolhida e cuidado com o povo em situa\u00e7\u00e3o de rua.<\/p>\n\n\n\n<p>A Ir. Edenilse Maria Marcon, da Prov\u00edncia Santa Catarina das Irm\u00e3s Salvatorianas, teve a oportunidade de estar presente juntamente com Ir. Vera L\u00facia e a novi\u00e7a C\u00e9lia na celebra\u00e7\u00e3o Eucar\u00edstica e distribui\u00e7\u00e3o de caf\u00e9 e materiais de higiene, na manh\u00e3 de 25 de janeiro. Foi muito edificante ver e sentir a realidade e o testemunho de entrega e doa\u00e7\u00e3o especialmente do Pe. J\u00falio e de todos os que com ele trabalham.<\/p>\n\n\n\n<p>Nossa presen\u00e7a \u00e9 demonstra\u00e7\u00e3o da nossa comunh\u00e3o e apoio ao Pe. J\u00falio que sofre persegui\u00e7\u00e3o por seguir e servir a Jesus pobre e desprezado. Na verdade, \u00e9 uma multid\u00e3o de homens e mulheres, muitos com a sa\u00fade debilitada, que se aproximam e encontram acolhida e cuidado. Religiosas e volunt\u00e1rios com alegria participam, partilham e somam for\u00e7as para amenizar o sofrimento destes irm\u00e3os e irm\u00e3s.<\/p>\n\n\n\n<p><\/p>\n\n\n\n<figure class=\"wp-block-image size-large\"><img decoding=\"async\" loading=\"lazy\" width=\"1024\" height=\"768\" src=\"https:\/\/www.salvatorianas.org.br\/blog\/wp-content\/uploads\/2024\/01\/Foto-2-1-1024x768.jpg\" alt=\"\" class=\"wp-image-21693\" srcset=\"https:\/\/www.salvatorianas.org.br\/blog\/wp-content\/uploads\/2024\/01\/Foto-2-1-1024x768.jpg 1024w, https:\/\/www.salvatorianas.org.br\/blog\/wp-content\/uploads\/2024\/01\/Foto-2-1-300x225.jpg 300w, https:\/\/www.salvatorianas.org.br\/blog\/wp-content\/uploads\/2024\/01\/Foto-2-1-768x576.jpg 768w, https:\/\/www.salvatorianas.org.br\/blog\/wp-content\/uploads\/2024\/01\/Foto-2-1-1536x1152.jpg 1536w, https:\/\/www.salvatorianas.org.br\/blog\/wp-content\/uploads\/2024\/01\/Foto-2-1.jpg 1600w\" sizes=\"(max-width: 1024px) 100vw, 1024px\" \/><\/figure>\n\n\n\n<p><\/p>\n\n\n\n<figure class=\"wp-block-image size-large\"><img decoding=\"async\" loading=\"lazy\" width=\"1024\" height=\"768\" src=\"https:\/\/www.salvatorianas.org.br\/blog\/wp-content\/uploads\/2024\/01\/Foto-3-1-1024x768.jpg\" alt=\"\" class=\"wp-image-21694\" srcset=\"https:\/\/www.salvatorianas.org.br\/blog\/wp-content\/uploads\/2024\/01\/Foto-3-1-1024x768.jpg 1024w, https:\/\/www.salvatorianas.org.br\/blog\/wp-content\/uploads\/2024\/01\/Foto-3-1-300x225.jpg 300w, https:\/\/www.salvatorianas.org.br\/blog\/wp-content\/uploads\/2024\/01\/Foto-3-1-768x576.jpg 768w, https:\/\/www.salvatorianas.org.br\/blog\/wp-content\/uploads\/2024\/01\/Foto-3-1-1536x1152.jpg 1536w, https:\/\/www.salvatorianas.org.br\/blog\/wp-content\/uploads\/2024\/01\/Foto-3-1.jpg 1600w\" sizes=\"(max-width: 1024px) 100vw, 1024px\" \/><\/figure>\n\n\n\n<p><\/p>\n\n\n\n<figure class=\"wp-block-image size-large\"><img decoding=\"async\" loading=\"lazy\" width=\"1024\" height=\"768\" src=\"https:\/\/www.salvatorianas.org.br\/blog\/wp-content\/uploads\/2024\/01\/Foto-4-1024x768.jpg\" alt=\"\" class=\"wp-image-21695\" srcset=\"https:\/\/www.salvatorianas.org.br\/blog\/wp-content\/uploads\/2024\/01\/Foto-4-1024x768.jpg 1024w, https:\/\/www.salvatorianas.org.br\/blog\/wp-content\/uploads\/2024\/01\/Foto-4-300x225.jpg 300w, https:\/\/www.salvatorianas.org.br\/blog\/wp-content\/uploads\/2024\/01\/Foto-4-768x576.jpg 768w, https:\/\/www.salvatorianas.org.br\/blog\/wp-content\/uploads\/2024\/01\/Foto-4-1536x1152.jpg 1536w, https:\/\/www.salvatorianas.org.br\/blog\/wp-content\/uploads\/2024\/01\/Foto-4.jpg 1600w\" sizes=\"(max-width: 1024px) 100vw, 1024px\" \/><\/figure>\n","protected":false},"excerpt":{"rendered":"<p>&#8220;Tudo o que fizeres ao menor dos meus irm\u00e3os \u00e9 a mim que fazeis&#8221;.( Mt 25,40) Como resposta aos apelos da realidade a comunidade das Irm\u00e3s Salvatorianas residentes em S\u00e3o Mateus\/ S\u00e3o Paulo&#8230;<\/p>\n","protected":false},"author":2,"featured_media":21692,"comment_status":"open","ping_status":"open","sticky":false,"template":"","format":"standard","meta":[],"categories":[1],"tags":[],"_links":{"self":[{"href":"https:\/\/www.salvatorianas.org.br\/blog\/wp-json\/wp\/v2\/posts\/21691"}],"collection":[{"href":"https:\/\/www.salvatorianas.org.br\/blog\/wp-json\/wp\/v2\/posts"}],"about":[{"href":"https:\/\/www.salvatorianas.org.br\/blog\/wp-json\/wp\/v2\/types\/post"}],"author":[{"embeddable":true,"href":"https:\/\/www.salvatorianas.org.br\/blog\/wp-json\/wp\/v2\/users\/2"}],"replies":[{"embeddable":true,"href":"https:\/\/www.salvatorianas.org.br\/blog\/wp-json\/wp\/v2\/comments?post=21691"}],"version-history":[{"count":2,"href":"https:\/\/www.salvatorianas.org.br\/blog\/wp-json\/wp\/v2\/posts\/21691\/revisions"}],"predecessor-version":[{"id":21697,"href":"https:\/\/www.salvatorianas.org.br\/blog\/wp-json\/wp\/v2\/posts\/21691\/revisions\/21697"}],"wp:featuredmedia":[{"embeddable":true,"href":"https:\/\/www.salvatorianas.org.br\/blog\/wp-json\/wp\/v2\/media\/21692"}],"wp:attachment":[{"href":"https:\/\/www.salvatorianas.org.br\/blog\/wp-json\/wp\/v2\/media?parent=21691"}],"wp:term":[{"taxonomy":"category","embeddable":true,"href":"https:\/\/www.salvatorianas.org.br\/blog\/wp-json\/wp\/v2\/categories?post=21691"},{"taxonomy":"post_tag","embeddable":true,"href":"https:\/\/www.salvatorianas.org.br\/blog\/wp-json\/wp\/v2\/tags?post=21691"}],"curies":[{"name":"wp","href":"https:\/\/api.w.org\/{rel}","templated":true}]}}