{"id":21679,"date":"2024-01-25T22:01:40","date_gmt":"2024-01-25T22:01:40","guid":{"rendered":"https:\/\/www.salvatorianas.org.br\/blog\/?p=21679"},"modified":"2024-01-25T22:01:40","modified_gmt":"2024-01-25T22:01:40","slug":"50-anos-de-vida-consagrada-salvatoriana","status":"publish","type":"post","link":"https:\/\/www.salvatorianas.org.br\/blog\/50-anos-de-vida-consagrada-salvatoriana\/","title":{"rendered":"50 anos de Vida Consagrada Salvatoriana"},"content":{"rendered":"\n<p><\/p>\n\n\n\n<p>Imensa alegria e consola\u00e7\u00e3o s\u00e3o marcas da caminhada de nossa vida consagrada salvatoriana. Identificamos e somos agradecidas pela &#8220;presen\u00e7a e heran\u00e7a com que o Senhor nos presenteou&#8221; nestes 50 anos. Jubilosas, renovamos nossa decis\u00e3o de &#8220;testemunhar e salmodiar, em nossa vida e miss\u00e3o, o Divino Salvador, enquanto existimos&#8221; com confian\u00e7a e conscientes pois sabemos, &#8220;que tudo podemos Naquele que nos fortalece e sustenta&#8221;.\u00a0 Gratid\u00e3o a Deus, as nossas fam\u00edlias, \u00e0 Congrega\u00e7\u00e3o e Prov\u00edncia e, a todas as pessoas que foram presen\u00e7a em nossa caminhada de 50 anos de vida religiosa salvatoriana.<\/p>\n\n\n\n<p>Irm\u00e3s Lucia Risson, Terezinha Bianchet, Terezinha Pala, Maria Irena Fritzen e Catharina Cericato.<\/p>\n\n\n\n<p><\/p>\n\n\n\n<figure class=\"wp-block-image size-large\"><img decoding=\"async\" loading=\"lazy\" width=\"1024\" height=\"768\" src=\"https:\/\/www.salvatorianas.org.br\/blog\/wp-content\/uploads\/2024\/01\/Foto-2-1024x768.jpg\" alt=\"\" class=\"wp-image-21681\" srcset=\"https:\/\/www.salvatorianas.org.br\/blog\/wp-content\/uploads\/2024\/01\/Foto-2-1024x768.jpg 1024w, https:\/\/www.salvatorianas.org.br\/blog\/wp-content\/uploads\/2024\/01\/Foto-2-300x225.jpg 300w, https:\/\/www.salvatorianas.org.br\/blog\/wp-content\/uploads\/2024\/01\/Foto-2-768x576.jpg 768w, https:\/\/www.salvatorianas.org.br\/blog\/wp-content\/uploads\/2024\/01\/Foto-2-1536x1152.jpg 1536w, https:\/\/www.salvatorianas.org.br\/blog\/wp-content\/uploads\/2024\/01\/Foto-2.jpg 1600w\" sizes=\"(max-width: 1024px) 100vw, 1024px\" \/><\/figure>\n\n\n\n<p><\/p>\n\n\n\n<figure class=\"wp-block-image size-large\"><img decoding=\"async\" loading=\"lazy\" width=\"768\" height=\"1024\" src=\"https:\/\/www.salvatorianas.org.br\/blog\/wp-content\/uploads\/2024\/01\/Foto-3-768x1024.jpg\" alt=\"\" class=\"wp-image-21682\" srcset=\"https:\/\/www.salvatorianas.org.br\/blog\/wp-content\/uploads\/2024\/01\/Foto-3-768x1024.jpg 768w, https:\/\/www.salvatorianas.org.br\/blog\/wp-content\/uploads\/2024\/01\/Foto-3-225x300.jpg 225w, https:\/\/www.salvatorianas.org.br\/blog\/wp-content\/uploads\/2024\/01\/Foto-3-1152x1536.jpg 1152w, https:\/\/www.salvatorianas.org.br\/blog\/wp-content\/uploads\/2024\/01\/Foto-3.jpg 1200w\" sizes=\"(max-width: 768px) 100vw, 768px\" \/><\/figure>\n\n\n\n<p><\/p>\n\n\n\n<figure class=\"wp-block-image size-large\"><img decoding=\"async\" loading=\"lazy\" width=\"1024\" height=\"768\" src=\"https:\/\/www.salvatorianas.org.br\/blog\/wp-content\/uploads\/2024\/01\/Foto-4-1024x768.jpeg\" alt=\"\" class=\"wp-image-21683\" srcset=\"https:\/\/www.salvatorianas.org.br\/blog\/wp-content\/uploads\/2024\/01\/Foto-4-1024x768.jpeg 1024w, https:\/\/www.salvatorianas.org.br\/blog\/wp-content\/uploads\/2024\/01\/Foto-4-300x225.jpeg 300w, https:\/\/www.salvatorianas.org.br\/blog\/wp-content\/uploads\/2024\/01\/Foto-4-768x576.jpeg 768w, https:\/\/www.salvatorianas.org.br\/blog\/wp-content\/uploads\/2024\/01\/Foto-4-1536x1152.jpeg 1536w, https:\/\/www.salvatorianas.org.br\/blog\/wp-content\/uploads\/2024\/01\/Foto-4.jpeg 1600w\" sizes=\"(max-width: 1024px) 100vw, 1024px\" \/><\/figure>\n\n\n\n<p><\/p>\n\n\n\n<figure class=\"wp-block-image size-large\"><img decoding=\"async\" loading=\"lazy\" width=\"1024\" height=\"768\" src=\"https:\/\/www.salvatorianas.org.br\/blog\/wp-content\/uploads\/2024\/01\/Foto-5-1024x768.jpg\" alt=\"\" class=\"wp-image-21684\" srcset=\"https:\/\/www.salvatorianas.org.br\/blog\/wp-content\/uploads\/2024\/01\/Foto-5-1024x768.jpg 1024w, https:\/\/www.salvatorianas.org.br\/blog\/wp-content\/uploads\/2024\/01\/Foto-5-300x225.jpg 300w, https:\/\/www.salvatorianas.org.br\/blog\/wp-content\/uploads\/2024\/01\/Foto-5-768x576.jpg 768w, https:\/\/www.salvatorianas.org.br\/blog\/wp-content\/uploads\/2024\/01\/Foto-5-1536x1152.jpg 1536w, https:\/\/www.salvatorianas.org.br\/blog\/wp-content\/uploads\/2024\/01\/Foto-5.jpg 1600w\" sizes=\"(max-width: 1024px) 100vw, 1024px\" \/><\/figure>\n\n\n\n<p><\/p>\n\n\n\n<figure class=\"wp-block-image size-large\"><img decoding=\"async\" loading=\"lazy\" width=\"768\" height=\"1024\" src=\"https:\/\/www.salvatorianas.org.br\/blog\/wp-content\/uploads\/2024\/01\/Foto-6-768x1024.jpeg\" alt=\"\" class=\"wp-image-21685\" srcset=\"https:\/\/www.salvatorianas.org.br\/blog\/wp-content\/uploads\/2024\/01\/Foto-6-768x1024.jpeg 768w, https:\/\/www.salvatorianas.org.br\/blog\/wp-content\/uploads\/2024\/01\/Foto-6-225x300.jpeg 225w, https:\/\/www.salvatorianas.org.br\/blog\/wp-content\/uploads\/2024\/01\/Foto-6-1152x1536.jpeg 1152w, https:\/\/www.salvatorianas.org.br\/blog\/wp-content\/uploads\/2024\/01\/Foto-6.jpeg 1200w\" sizes=\"(max-width: 768px) 100vw, 768px\" \/><\/figure>\n\n\n\n<p><\/p>\n\n\n\n<figure class=\"wp-block-image size-large\"><img decoding=\"async\" loading=\"lazy\" width=\"1024\" height=\"768\" src=\"https:\/\/www.salvatorianas.org.br\/blog\/wp-content\/uploads\/2024\/01\/Foto-7-1024x768.jpg\" alt=\"\" class=\"wp-image-21686\" srcset=\"https:\/\/www.salvatorianas.org.br\/blog\/wp-content\/uploads\/2024\/01\/Foto-7-1024x768.jpg 1024w, https:\/\/www.salvatorianas.org.br\/blog\/wp-content\/uploads\/2024\/01\/Foto-7-300x225.jpg 300w, https:\/\/www.salvatorianas.org.br\/blog\/wp-content\/uploads\/2024\/01\/Foto-7-768x576.jpg 768w, https:\/\/www.salvatorianas.org.br\/blog\/wp-content\/uploads\/2024\/01\/Foto-7-1536x1152.jpg 1536w, https:\/\/www.salvatorianas.org.br\/blog\/wp-content\/uploads\/2024\/01\/Foto-7.jpg 1600w\" sizes=\"(max-width: 1024px) 100vw, 1024px\" \/><\/figure>\n\n\n\n<p><\/p>\n\n\n\n<figure class=\"wp-block-image size-large\"><img decoding=\"async\" loading=\"lazy\" width=\"768\" height=\"1024\" src=\"https:\/\/www.salvatorianas.org.br\/blog\/wp-content\/uploads\/2024\/01\/Foto-8-768x1024.jpg\" alt=\"\" class=\"wp-image-21687\" srcset=\"https:\/\/www.salvatorianas.org.br\/blog\/wp-content\/uploads\/2024\/01\/Foto-8-768x1024.jpg 768w, https:\/\/www.salvatorianas.org.br\/blog\/wp-content\/uploads\/2024\/01\/Foto-8-225x300.jpg 225w, https:\/\/www.salvatorianas.org.br\/blog\/wp-content\/uploads\/2024\/01\/Foto-8-1152x1536.jpg 1152w, https:\/\/www.salvatorianas.org.br\/blog\/wp-content\/uploads\/2024\/01\/Foto-8.jpg 1200w\" sizes=\"(max-width: 768px) 100vw, 768px\" \/><\/figure>\n","protected":false},"excerpt":{"rendered":"<p>Imensa alegria e consola\u00e7\u00e3o s\u00e3o marcas da caminhada de nossa vida consagrada salvatoriana. Identificamos e somos agradecidas pela &#8220;presen\u00e7a e heran\u00e7a com que o Senhor nos presenteou&#8221; nestes 50 anos. Jubilosas, renovamos nossa&#8230;<\/p>\n","protected":false},"author":2,"featured_media":21680,"comment_status":"open","ping_status":"open","sticky":false,"template":"","format":"standard","meta":[],"categories":[1],"tags":[],"_links":{"self":[{"href":"https:\/\/www.salvatorianas.org.br\/blog\/wp-json\/wp\/v2\/posts\/21679"}],"collection":[{"href":"https:\/\/www.salvatorianas.org.br\/blog\/wp-json\/wp\/v2\/posts"}],"about":[{"href":"https:\/\/www.salvatorianas.org.br\/blog\/wp-json\/wp\/v2\/types\/post"}],"author":[{"embeddable":true,"href":"https:\/\/www.salvatorianas.org.br\/blog\/wp-json\/wp\/v2\/users\/2"}],"replies":[{"embeddable":true,"href":"https:\/\/www.salvatorianas.org.br\/blog\/wp-json\/wp\/v2\/comments?post=21679"}],"version-history":[{"count":3,"href":"https:\/\/www.salvatorianas.org.br\/blog\/wp-json\/wp\/v2\/posts\/21679\/revisions"}],"predecessor-version":[{"id":21690,"href":"https:\/\/www.salvatorianas.org.br\/blog\/wp-json\/wp\/v2\/posts\/21679\/revisions\/21690"}],"wp:featuredmedia":[{"embeddable":true,"href":"https:\/\/www.salvatorianas.org.br\/blog\/wp-json\/wp\/v2\/media\/21680"}],"wp:attachment":[{"href":"https:\/\/www.salvatorianas.org.br\/blog\/wp-json\/wp\/v2\/media?parent=21679"}],"wp:term":[{"taxonomy":"category","embeddable":true,"href":"https:\/\/www.salvatorianas.org.br\/blog\/wp-json\/wp\/v2\/categories?post=21679"},{"taxonomy":"post_tag","embeddable":true,"href":"https:\/\/www.salvatorianas.org.br\/blog\/wp-json\/wp\/v2\/tags?post=21679"}],"curies":[{"name":"wp","href":"https:\/\/api.w.org\/{rel}","templated":true}]}}