{"id":21663,"date":"2024-01-12T22:25:46","date_gmt":"2024-01-12T22:25:46","guid":{"rendered":"https:\/\/www.salvatorianas.org.br\/blog\/?p=21663"},"modified":"2024-01-30T19:53:28","modified_gmt":"2024-01-30T19:53:28","slug":"missao-de-ferias-defender-a-vida-e-a-melhor-heranca-que-podemos-deixar","status":"publish","type":"post","link":"https:\/\/www.salvatorianas.org.br\/blog\/missao-de-ferias-defender-a-vida-e-a-melhor-heranca-que-podemos-deixar\/","title":{"rendered":"MISSAO DE F\u00c9RIAS &#8211; &#8220;Defender a vida \u00e9 a melhor heran\u00e7a que podemos deixar&#8221;-"},"content":{"rendered":"\n<p><\/p>\n\n\n\n<p><\/p>\n\n\n\n<p>\u201cEu e a minha fam\u00edlia seguiremos a Jav\u00e9 o Deus da vida\u201d. Js 24,15<\/p>\n\n\n\n<p>N\u00f3s irm\u00e3s Salvatorianas, estamos participando da Miss\u00e3o de F\u00e9rias na Diocese de Chapec\u00f3\/SC, na par\u00f3quia Santa In\u00eas, de Quilombo que comemora <strong>60 anos <\/strong>de presen\u00e7a e Evangeliza\u00e7\u00e3o.<\/p>\n\n\n\n<p>A miss\u00e3o tem por objetivo visitar, escutar e aben\u00e7oar todas as fam\u00edlias dos centros urbanos dos munic\u00edpios de Quilombo, Irati, Formosa do Sul e Santiago do Sul\/SC atendidos pela par\u00f3quia Santa In\u00eas.&nbsp;<\/p>\n\n\n\n<p>Mais de 120 mission\u00e1rios vindos de toda diocese e um grande grupo de mission\u00e1rios da par\u00f3quia realizam as visitas, encontros de jovens e outras atividades mission\u00e1rias.<\/p>\n\n\n\n<p>A Ir.\u00a0 Edenilse Maria Marcon colabora na comunidade S\u00e3o Peregrino do Bairro Cristo Rei em Quilombo juntamente com um grupo de mission\u00e1rios. &#8220;Defender a vida \u00e9 a melhor heran\u00e7a que podemos deixar&#8221;. Nossa gratid\u00e3o \u00e0 par\u00f3quia e diocese pelo convite e oportunidade de marcar presen\u00e7a nesta experi\u00eancia mission\u00e1ria.<\/p>\n\n\n\n<p><\/p>\n\n\n\n<figure class=\"wp-block-image size-large\"><img decoding=\"async\" loading=\"lazy\" width=\"1024\" height=\"683\" src=\"https:\/\/www.salvatorianas.org.br\/blog\/wp-content\/uploads\/2024\/01\/0-1024x683.jpeg\" alt=\"\" class=\"wp-image-21665\" srcset=\"https:\/\/www.salvatorianas.org.br\/blog\/wp-content\/uploads\/2024\/01\/0-1024x683.jpeg 1024w, https:\/\/www.salvatorianas.org.br\/blog\/wp-content\/uploads\/2024\/01\/0-300x200.jpeg 300w, https:\/\/www.salvatorianas.org.br\/blog\/wp-content\/uploads\/2024\/01\/0-768x512.jpeg 768w, https:\/\/www.salvatorianas.org.br\/blog\/wp-content\/uploads\/2024\/01\/0-1536x1024.jpeg 1536w, https:\/\/www.salvatorianas.org.br\/blog\/wp-content\/uploads\/2024\/01\/0.jpeg 1560w\" sizes=\"(max-width: 1024px) 100vw, 1024px\" \/><\/figure>\n\n\n\n<figure class=\"wp-block-image size-large\"><img decoding=\"async\" loading=\"lazy\" width=\"1024\" height=\"461\" src=\"https:\/\/www.salvatorianas.org.br\/blog\/wp-content\/uploads\/2024\/01\/5-1024x461.jpeg\" alt=\"\" class=\"wp-image-21666\" srcset=\"https:\/\/www.salvatorianas.org.br\/blog\/wp-content\/uploads\/2024\/01\/5-1024x461.jpeg 1024w, https:\/\/www.salvatorianas.org.br\/blog\/wp-content\/uploads\/2024\/01\/5-300x135.jpeg 300w, https:\/\/www.salvatorianas.org.br\/blog\/wp-content\/uploads\/2024\/01\/5-768x346.jpeg 768w, https:\/\/www.salvatorianas.org.br\/blog\/wp-content\/uploads\/2024\/01\/5-1536x691.jpeg 1536w, https:\/\/www.salvatorianas.org.br\/blog\/wp-content\/uploads\/2024\/01\/5.jpeg 1600w\" sizes=\"(max-width: 1024px) 100vw, 1024px\" \/><\/figure>\n\n\n\n<figure class=\"wp-block-image size-large\"><img decoding=\"async\" loading=\"lazy\" width=\"1024\" height=\"768\" src=\"https:\/\/www.salvatorianas.org.br\/blog\/wp-content\/uploads\/2024\/01\/6-1024x768.jpeg\" alt=\"\" class=\"wp-image-21667\" srcset=\"https:\/\/www.salvatorianas.org.br\/blog\/wp-content\/uploads\/2024\/01\/6-1024x768.jpeg 1024w, https:\/\/www.salvatorianas.org.br\/blog\/wp-content\/uploads\/2024\/01\/6-300x225.jpeg 300w, https:\/\/www.salvatorianas.org.br\/blog\/wp-content\/uploads\/2024\/01\/6-768x576.jpeg 768w, https:\/\/www.salvatorianas.org.br\/blog\/wp-content\/uploads\/2024\/01\/6-1536x1152.jpeg 1536w, https:\/\/www.salvatorianas.org.br\/blog\/wp-content\/uploads\/2024\/01\/6.jpeg 1600w\" sizes=\"(max-width: 1024px) 100vw, 1024px\" \/><\/figure>\n\n\n\n<p><\/p>\n\n\n\n<figure class=\"wp-block-image size-large\"><img decoding=\"async\" loading=\"lazy\" width=\"1024\" height=\"768\" src=\"https:\/\/www.salvatorianas.org.br\/blog\/wp-content\/uploads\/2024\/01\/2-1024x768.jpeg\" alt=\"\" class=\"wp-image-21668\" srcset=\"https:\/\/www.salvatorianas.org.br\/blog\/wp-content\/uploads\/2024\/01\/2-1024x768.jpeg 1024w, https:\/\/www.salvatorianas.org.br\/blog\/wp-content\/uploads\/2024\/01\/2-300x225.jpeg 300w, https:\/\/www.salvatorianas.org.br\/blog\/wp-content\/uploads\/2024\/01\/2-768x576.jpeg 768w, https:\/\/www.salvatorianas.org.br\/blog\/wp-content\/uploads\/2024\/01\/2-1536x1152.jpeg 1536w, https:\/\/www.salvatorianas.org.br\/blog\/wp-content\/uploads\/2024\/01\/2.jpeg 1600w\" sizes=\"(max-width: 1024px) 100vw, 1024px\" \/><\/figure>\n","protected":false},"excerpt":{"rendered":"<p>\u201cEu e a minha fam\u00edlia seguiremos a Jav\u00e9 o Deus da vida\u201d. Js 24,15 N\u00f3s irm\u00e3s Salvatorianas, estamos participando da Miss\u00e3o de F\u00e9rias na Diocese de Chapec\u00f3\/SC, na par\u00f3quia Santa In\u00eas, de Quilombo&#8230;<\/p>\n","protected":false},"author":2,"featured_media":21670,"comment_status":"open","ping_status":"open","sticky":false,"template":"","format":"standard","meta":[],"categories":[1],"tags":[],"_links":{"self":[{"href":"https:\/\/www.salvatorianas.org.br\/blog\/wp-json\/wp\/v2\/posts\/21663"}],"collection":[{"href":"https:\/\/www.salvatorianas.org.br\/blog\/wp-json\/wp\/v2\/posts"}],"about":[{"href":"https:\/\/www.salvatorianas.org.br\/blog\/wp-json\/wp\/v2\/types\/post"}],"author":[{"embeddable":true,"href":"https:\/\/www.salvatorianas.org.br\/blog\/wp-json\/wp\/v2\/users\/2"}],"replies":[{"embeddable":true,"href":"https:\/\/www.salvatorianas.org.br\/blog\/wp-json\/wp\/v2\/comments?post=21663"}],"version-history":[{"count":5,"href":"https:\/\/www.salvatorianas.org.br\/blog\/wp-json\/wp\/v2\/posts\/21663\/revisions"}],"predecessor-version":[{"id":21708,"href":"https:\/\/www.salvatorianas.org.br\/blog\/wp-json\/wp\/v2\/posts\/21663\/revisions\/21708"}],"wp:featuredmedia":[{"embeddable":true,"href":"https:\/\/www.salvatorianas.org.br\/blog\/wp-json\/wp\/v2\/media\/21670"}],"wp:attachment":[{"href":"https:\/\/www.salvatorianas.org.br\/blog\/wp-json\/wp\/v2\/media?parent=21663"}],"wp:term":[{"taxonomy":"category","embeddable":true,"href":"https:\/\/www.salvatorianas.org.br\/blog\/wp-json\/wp\/v2\/categories?post=21663"},{"taxonomy":"post_tag","embeddable":true,"href":"https:\/\/www.salvatorianas.org.br\/blog\/wp-json\/wp\/v2\/tags?post=21663"}],"curies":[{"name":"wp","href":"https:\/\/api.w.org\/{rel}","templated":true}]}}