{"id":2166,"date":"2015-05-26T00:00:00","date_gmt":"2015-05-26T00:00:00","guid":{"rendered":"https:\/\/www.salvatorianas.org.br\/blog\/papa-envia-carta-por-ocasiao-da-beatificacao-de-dom-oscar-romero\/"},"modified":"2015-05-26T00:00:00","modified_gmt":"2015-05-26T00:00:00","slug":"papa-envia-carta-por-ocasiao-da-beatificacao-de-dom-oscar-romero","status":"publish","type":"post","link":"https:\/\/www.salvatorianas.org.br\/blog\/papa-envia-carta-por-ocasiao-da-beatificacao-de-dom-oscar-romero\/","title":{"rendered":"Papa envia carta por ocasi\u00e3o da beatifica\u00e7\u00e3o de dom Oscar Romero"},"content":{"rendered":"<p style=\"text-align: justify;\">[imagem1]<\/p>\n<p style=\"text-align: justify;\">&nbsp;<\/p>\n<p style=\"text-align: justify;\">&ldquo;Dom Romero, que construiu a paz com o poder do amor, deu testemunho da f&eacute; com sua vida entregue ao extremo&rdquo;, disse o papa Francisco em carta enviada ao arcebispo de S&atilde;o Salvador e presidente da Confer&ecirc;ncia Episcopal de El Salvador, dom Jos&eacute; Lu&iacute;s Escobar, por ocasi&atilde;o da beatifica&ccedil;&atilde;o de dom Oscar Arnulfo Romero Gald&aacute;mez. A missa de beatifica&ccedil;&atilde;o, celebrada na Pra&ccedil;a do Divino Salvador do Mundo, no &uacute;ltimo domingo, 24, reuniu mais de 250 mil fi&eacute;is, e foi presidida pelo representante do papa Francisco, cardeal Angelo Amato, prefeito da Congrega&ccedil;&atilde;o para as Causas dos Santos.<\/p>\n<p style=\"text-align: justify;\">&nbsp;De acordo com o papa, dom Oscar Romero, que foi pastor da arquidiocese de S&atilde;o Salvador, de 1977 a 1980, &nbsp;&ldquo;soube guiar, defender e proteger seu rebanho, em tempos de dif&iacute;cil conviv&ecirc;ncia, permanecendo fiel ao Evangelho e em comunh&atilde;o com toda a Igreja&rdquo;. Francisco disse que o minist&eacute;rio de dom Romero se distinguiu pela particular aten&ccedil;&atilde;o aos mais pobres e marginalizados. &ldquo;No momento de sua morte, enquanto celebrava o Santo Sacrif&iacute;cio do amor e da reconcilia&ccedil;&atilde;o, recebeu a gra&ccedil;a de identificar-se plenamente com Aquele que deu a vida por suas ovelhas&rdquo;, acrescentou na mensagem.<\/p>\n<p style=\"text-align: justify;\">&nbsp;Para Francisco, a voz do novo beato continua a ressoar hoje para recordar que a Igreja &eacute; fam&iacute;lia de Deus, na qual n&atilde;o pode haver divis&otilde;es. &ldquo;A f&eacute; em Jesus Cristo, quando se entende bem e se assume at&eacute; as &uacute;ltimas consequ&ecirc;ncias, gera comunidade art&iacute;fices da paz e da solidariedade. A isto &eacute; chamada hoje a Igreja em El Salvador, na Am&eacute;rica e no mundo inteiro: a ser rica em miseric&oacute;rdia, a tornar-se fermento de reconcilia&ccedil;&atilde;o na sociedade&rdquo;, afirmou.<\/p>\n<p style=\"text-align: justify;\">Ao final da carta, o papa Francisco falou que este &eacute; um momento favor&aacute;vel para a reconcilia&ccedil;&atilde;o nacional diante dos desafios atuais. &ldquo;O papa participa de suas esperan&ccedil;as, une-se a suas ora&ccedil;&otilde;es para que flores&ccedil;a a semente do mart&iacute;rio e se enra&iacute;zem pelos verdadeiros caminhos para os filhos e filhas desta Na&ccedil;&atilde;o, que orgulhosamente leva o nome do divino Salvador do mundo&rdquo;, disse.<\/p>\n<p style=\"text-align: justify;\">A festa lit&uacute;rgica do novo beato ser&aacute; em 24 de mar&ccedil;o, dia em que dom Romero foi assassinado por um franco-atirador, em 1980, ao celebrar missa na capela do Hospital da Divina Provid&ecirc;ncia, em S&atilde;o Salvador, em meio a doentes e enfermeiros.<\/p>\n<p style=\"text-align: justify;\"><strong>Hist&oacute;ria<\/strong><\/p>\n<p style=\"text-align: justify;\">Dom Romero nasceu em 15 de agosto de 1917, em Ciudad Barrios, em El Salvador. Foi para o semin&aacute;rio aos 13 anos. Concluiu o curso de Teologia em Roma, quando tinha 20 anos. Sua ordena&ccedil;&atilde;o sacerdotal aconteceu em 1943.<\/p>\n<p style=\"text-align: justify;\">De volta ao seu pa&iacute;s, o ent&atilde;o p&aacute;roco j&aacute; demonstrava os sinais da caridade e prefer&ecirc;ncia pelos mais necessitados. Fazia parte de sua rotina as visitas aos doentes, as ajudas aos pobres que se dirigiam &agrave; casa paroquial pedindo aux&iacute;lio, as aulas de religi&atilde;o nas escolas e a atua&ccedil;&atilde;o como capel&atilde;o do pres&iacute;dio.<\/p>\n<p style=\"text-align: justify;\">Assim como no Brasil e em outros pa&iacute;ses latino-americanos, El Salvador enfrentava, na d&eacute;cada de 1970, um regime ditatorial. Neste contexto, em 1977, Romero foi nomeado arcebispo do pa&iacute;s, dois anos antes do golpe militar que deu origem &agrave; guerra civil que assolou El Salvador por mais de uma d&eacute;cada e fez milhares de v&iacute;timas.<\/p>\n<p style=\"text-align: justify;\">O arcebispo denunciava a injusti&ccedil;a e a mis&eacute;ria na regi&atilde;o. Durante os conflitos entre grupos revolucion&aacute;rios e militares, ele criticava a atua&ccedil;&atilde;o do governo, as injusti&ccedil;as e as interfer&ecirc;ncias estrangeiras.<\/p>\n<p style=\"text-align: justify;\">&nbsp;<\/p>\n<p style=\"text-align: justify;\">Fonte: CNBB<\/p>\n","protected":false},"excerpt":{"rendered":"<p>[imagem1] &nbsp; &ldquo;Dom Romero, que construiu a paz com o poder do amor, deu testemunho da f&eacute; com sua vida entregue ao extremo&rdquo;, disse o papa Francisco em carta enviada ao arcebispo de&#8230;<\/p>\n","protected":false},"author":1,"featured_media":2413,"comment_status":"open","ping_status":"open","sticky":false,"template":"","format":"standard","meta":[],"categories":[1],"tags":[],"_links":{"self":[{"href":"https:\/\/www.salvatorianas.org.br\/blog\/wp-json\/wp\/v2\/posts\/2166"}],"collection":[{"href":"https:\/\/www.salvatorianas.org.br\/blog\/wp-json\/wp\/v2\/posts"}],"about":[{"href":"https:\/\/www.salvatorianas.org.br\/blog\/wp-json\/wp\/v2\/types\/post"}],"author":[{"embeddable":true,"href":"https:\/\/www.salvatorianas.org.br\/blog\/wp-json\/wp\/v2\/users\/1"}],"replies":[{"embeddable":true,"href":"https:\/\/www.salvatorianas.org.br\/blog\/wp-json\/wp\/v2\/comments?post=2166"}],"version-history":[{"count":0,"href":"https:\/\/www.salvatorianas.org.br\/blog\/wp-json\/wp\/v2\/posts\/2166\/revisions"}],"wp:featuredmedia":[{"embeddable":true,"href":"https:\/\/www.salvatorianas.org.br\/blog\/wp-json\/wp\/v2\/media\/2413"}],"wp:attachment":[{"href":"https:\/\/www.salvatorianas.org.br\/blog\/wp-json\/wp\/v2\/media?parent=2166"}],"wp:term":[{"taxonomy":"category","embeddable":true,"href":"https:\/\/www.salvatorianas.org.br\/blog\/wp-json\/wp\/v2\/categories?post=2166"},{"taxonomy":"post_tag","embeddable":true,"href":"https:\/\/www.salvatorianas.org.br\/blog\/wp-json\/wp\/v2\/tags?post=2166"}],"curies":[{"name":"wp","href":"https:\/\/api.w.org\/{rel}","templated":true}]}}