{"id":21652,"date":"2024-01-02T11:29:56","date_gmt":"2024-01-02T11:29:56","guid":{"rendered":"https:\/\/www.salvatorianas.org.br\/blog\/?p=21652"},"modified":"2024-01-02T11:29:57","modified_gmt":"2024-01-02T11:29:57","slug":"intencoes-de-oracao-do-papa-francisco-para-2024","status":"publish","type":"post","link":"https:\/\/www.salvatorianas.org.br\/blog\/intencoes-de-oracao-do-papa-francisco-para-2024\/","title":{"rendered":"Inten\u00e7\u00f5es de Ora\u00e7\u00e3o do Papa Francisco para 2024"},"content":{"rendered":"\n<p><strong>J<\/strong>aneiro<\/p>\n\n\n\n<p class=\"has-text-align-center\"><strong><em>Pelo Dom da Diversidade na Igreja<\/em><\/strong><\/p>\n","protected":false},"excerpt":{"rendered":"<p>Janeiro Pelo Dom da Diversidade na Igreja<\/p>\n","protected":false},"author":2,"featured_media":21653,"comment_status":"open","ping_status":"open","sticky":false,"template":"","format":"standard","meta":[],"categories":[1],"tags":[],"_links":{"self":[{"href":"https:\/\/www.salvatorianas.org.br\/blog\/wp-json\/wp\/v2\/posts\/21652"}],"collection":[{"href":"https:\/\/www.salvatorianas.org.br\/blog\/wp-json\/wp\/v2\/posts"}],"about":[{"href":"https:\/\/www.salvatorianas.org.br\/blog\/wp-json\/wp\/v2\/types\/post"}],"author":[{"embeddable":true,"href":"https:\/\/www.salvatorianas.org.br\/blog\/wp-json\/wp\/v2\/users\/2"}],"replies":[{"embeddable":true,"href":"https:\/\/www.salvatorianas.org.br\/blog\/wp-json\/wp\/v2\/comments?post=21652"}],"version-history":[{"count":1,"href":"https:\/\/www.salvatorianas.org.br\/blog\/wp-json\/wp\/v2\/posts\/21652\/revisions"}],"predecessor-version":[{"id":21654,"href":"https:\/\/www.salvatorianas.org.br\/blog\/wp-json\/wp\/v2\/posts\/21652\/revisions\/21654"}],"wp:featuredmedia":[{"embeddable":true,"href":"https:\/\/www.salvatorianas.org.br\/blog\/wp-json\/wp\/v2\/media\/21653"}],"wp:attachment":[{"href":"https:\/\/www.salvatorianas.org.br\/blog\/wp-json\/wp\/v2\/media?parent=21652"}],"wp:term":[{"taxonomy":"category","embeddable":true,"href":"https:\/\/www.salvatorianas.org.br\/blog\/wp-json\/wp\/v2\/categories?post=21652"},{"taxonomy":"post_tag","embeddable":true,"href":"https:\/\/www.salvatorianas.org.br\/blog\/wp-json\/wp\/v2\/tags?post=21652"}],"curies":[{"name":"wp","href":"https:\/\/api.w.org\/{rel}","templated":true}]}}