{"id":21648,"date":"2023-12-13T01:07:00","date_gmt":"2023-12-13T01:07:00","guid":{"rendered":"https:\/\/www.salvatorianas.org.br\/blog\/?p=21648"},"modified":"2023-12-11T20:08:01","modified_gmt":"2023-12-11T20:08:01","slug":"santa-luzia-virgem-e-martir-memoria","status":"publish","type":"post","link":"https:\/\/www.salvatorianas.org.br\/blog\/santa-luzia-virgem-e-martir-memoria\/","title":{"rendered":"Santa Luzia, virgem e m\u00e1rtir, Mem\u00f3ria"},"content":{"rendered":"\n<p>A virgem forte, oferta de pureza, obla\u00e7\u00e3o de castidade, agora segue o Cordeiro por n\u00f3s crucificado.<\/p>\n\n\n\n<p><em>Luzia nasceu na It\u00e1lia, no final do&nbsp; s\u00e9culo 3\u00ba, e foi martirizada no in\u00edcio do 4\u00ba s\u00e9culo, quando Diocleciano perseguia intensamente a Igreja. Seu nome consta na 1\u00aa Ora\u00e7\u00e3o Eucar\u00edstica, chamada C\u00e2non Romano. \u00c9 invocada como protetora da vista. A exemplo da jovem virgem e m\u00e1rtir cuja mem\u00f3ria hoje celebramos, sejamos valentes defensores de nossa f\u00e9 em Cristo.<\/em><\/p>\n\n\n\n<p>Primeira Leitura:&nbsp;<strong>Isa\u00edas 40,25-31<\/strong><\/p>\n\n\n\n<p>Leitura do livro do profeta Isa\u00edas \u2013&nbsp;<sup>25<\/sup>\u201cCom quem haveis de me comparar, e a quem seria eu igual?\u201d, fala o Santo.&nbsp;<sup>26<\/sup>Levantai os olhos para o alto e vede: quem criou tudo isso? Aquele que expressa em n\u00fameros o ex\u00e9rcito das estrelas e a cada uma chama pelo nome: tal \u00e9 a grandeza e for\u00e7a e poder de Deus, que nenhuma delas falta \u00e0 chamada.&nbsp;<sup>27<\/sup>Ent\u00e3o, por que dizes, Jac\u00f3, e por que falas, Israel: \u201cMinha vida ocultou-se da vista do Senhor e meu julgamento escapa ao do meu Deus\u201d?&nbsp;<sup>28<\/sup>Acaso ignoras ou n\u00e3o ouviste? O Senhor \u00e9 o Deus eterno que criou os confins da terra; ele n\u00e3o falha nem se cansa, insond\u00e1vel \u00e9 sua sabedoria;&nbsp;<sup>29<\/sup>ele d\u00e1 coragem ao desvalido e aumenta o vigor do mais fraco.&nbsp;<sup>30<\/sup>Cansam-se as crian\u00e7as e param, os jovens trope\u00e7am e caem,&nbsp;<sup>31<\/sup>mas os que esperam no Senhor renovam suas for\u00e7as, criam asas como as \u00e1guias, correm sem se cansar, caminham sem parar. \u2013 Palavra do Senhor.<\/p>\n\n\n\n<p>Salmo Responsorial:&nbsp;<strong>102(103)<\/strong><\/p>\n\n\n\n<p><strong>Bendize, \u00f3 minha alma, ao Senhor.<\/strong><\/p>\n\n\n\n<p>1. Bendize, \u00f3 minha alma, ao Senhor,&nbsp;\/&nbsp;e todo o meu ser, seu santo nome!&nbsp;\/&nbsp;Bendize, \u00f3 minha alma, ao Senhor,&nbsp;\/&nbsp;n\u00e3o te esque\u00e7as de nenhum de seus favores!&nbsp;\u2013 R.<\/p>\n\n\n\n<p>2. Pois ele te perdoa toda culpa&nbsp;\/&nbsp;e cura toda a tua enfermidade;&nbsp;\/&nbsp;da sepultura ele salva a tua vida&nbsp;\/&nbsp;e te cerca de carinho e compaix\u00e3o.&nbsp;\u2013 R.<\/p>\n\n\n\n<p>3. O Senhor \u00e9 indulgente, \u00e9 favor\u00e1vel,&nbsp;\/&nbsp;\u00e9 paciente, \u00e9 bondoso e compassivo.&nbsp;\/&nbsp;N\u00e3o nos trata como exigem nossas faltas&nbsp;\/&nbsp;nem nos pune em propor\u00e7\u00e3o \u00e0s nossas culpas.&nbsp;\u2013 R.<\/p>\n\n\n\n<p>Evangelho:&nbsp;<strong>Mateus 11,28-30<\/strong><\/p>\n\n\n\n<p><strong><em>Aleluia<\/em><em>, aleluia, aleluia.<\/em><\/strong><\/p>\n\n\n\n<p><strong>Eis que o Senhor h\u00e1 de vir,&nbsp;\/&nbsp;a fim de salvar o seu povo;&nbsp;\/&nbsp;felizes s\u00e3o todos aqueles&nbsp;\/&nbsp;que est\u00e3o prontos para ir-lhe ao encontro.&nbsp;\u2013 R.<\/strong><\/p>\n\n\n\n<p>Proclama\u00e7\u00e3o do santo Evangelho segundo Mateus \u2013 Naquele tempo, tomou Jesus a palavra e disse:&nbsp;<sup>28<\/sup>\u201cVinde a mim todos v\u00f3s que estais cansados e fatigados sob o peso dos vossos fardos, e eu vos darei descanso.&nbsp;<sup>29<\/sup>Tomai sobre v\u00f3s o meu jugo e aprendei de mim, porque sou manso e humilde de cora\u00e7\u00e3o, e v\u00f3s encontrareis descanso.&nbsp;<sup>30<\/sup>Pois o meu jugo \u00e9 suave e o meu fardo \u00e9 leve\u201d. \u2013 Palavra da salva\u00e7\u00e3o.<\/p>\n\n\n\n<p>Reflex\u00e3o:<\/p>\n\n\n\n<p><em>Uma dedicada m\u00e3e, s\u00f3 pelas rea\u00e7\u00f5es do seu filhinho, consegue acertar o que ele est\u00e1 sentindo: dores e alegrias. Do mesmo modo, Jesus, com sua extrema sensibilidade, observa atentamente o semblante e os gestos dos seus conterr\u00e2neos e fica sabendo o quanto eles est\u00e3o sofrendo. Ora, muitos andam t\u00e3o curvados sob o peso de obriga\u00e7\u00f5es sociais e exig\u00eancias religiosas que perdem a alegria de viver e formam um conceito falso a respeito de Deus. Jesus se disp\u00f5e a aliviar-lhes o fardo, opondo-se a todo tipo de explora\u00e7\u00e3o e opress\u00e3o. Prop\u00f5e um caminho de liberdade em que a pessoa seja de fato mais importante do que as leis. O texto nos convida tamb\u00e9m a n\u00e3o sofrermos sozinhos, mas unirmos nossas dores \u00e0s de Jesus.<\/em><\/p>\n","protected":false},"excerpt":{"rendered":"<p>A virgem forte, oferta de pureza, obla\u00e7\u00e3o de castidade, agora segue o Cordeiro por n\u00f3s crucificado. Luzia nasceu na It\u00e1lia, no final do&nbsp; s\u00e9culo 3\u00ba, e foi martirizada no in\u00edcio do 4\u00ba s\u00e9culo,&#8230;<\/p>\n","protected":false},"author":2,"featured_media":21649,"comment_status":"open","ping_status":"open","sticky":false,"template":"","format":"standard","meta":[],"categories":[7],"tags":[],"_links":{"self":[{"href":"https:\/\/www.salvatorianas.org.br\/blog\/wp-json\/wp\/v2\/posts\/21648"}],"collection":[{"href":"https:\/\/www.salvatorianas.org.br\/blog\/wp-json\/wp\/v2\/posts"}],"about":[{"href":"https:\/\/www.salvatorianas.org.br\/blog\/wp-json\/wp\/v2\/types\/post"}],"author":[{"embeddable":true,"href":"https:\/\/www.salvatorianas.org.br\/blog\/wp-json\/wp\/v2\/users\/2"}],"replies":[{"embeddable":true,"href":"https:\/\/www.salvatorianas.org.br\/blog\/wp-json\/wp\/v2\/comments?post=21648"}],"version-history":[{"count":1,"href":"https:\/\/www.salvatorianas.org.br\/blog\/wp-json\/wp\/v2\/posts\/21648\/revisions"}],"predecessor-version":[{"id":21650,"href":"https:\/\/www.salvatorianas.org.br\/blog\/wp-json\/wp\/v2\/posts\/21648\/revisions\/21650"}],"wp:featuredmedia":[{"embeddable":true,"href":"https:\/\/www.salvatorianas.org.br\/blog\/wp-json\/wp\/v2\/media\/21649"}],"wp:attachment":[{"href":"https:\/\/www.salvatorianas.org.br\/blog\/wp-json\/wp\/v2\/media?parent=21648"}],"wp:term":[{"taxonomy":"category","embeddable":true,"href":"https:\/\/www.salvatorianas.org.br\/blog\/wp-json\/wp\/v2\/categories?post=21648"},{"taxonomy":"post_tag","embeddable":true,"href":"https:\/\/www.salvatorianas.org.br\/blog\/wp-json\/wp\/v2\/tags?post=21648"}],"curies":[{"name":"wp","href":"https:\/\/api.w.org\/{rel}","templated":true}]}}