{"id":21645,"date":"2023-12-12T01:06:00","date_gmt":"2023-12-12T01:06:00","guid":{"rendered":"https:\/\/www.salvatorianas.org.br\/blog\/?p=21645"},"modified":"2023-12-11T20:07:00","modified_gmt":"2023-12-11T20:07:00","slug":"bem-aventurada-virgem-maria-de-guadalupe-padroeira-principal-da-america-festa-ano-b","status":"publish","type":"post","link":"https:\/\/www.salvatorianas.org.br\/blog\/bem-aventurada-virgem-maria-de-guadalupe-padroeira-principal-da-america-festa-ano-b\/","title":{"rendered":"Bem-aventurada Virgem Maria de Guadalupe, Padroeira principal da Am\u00e9rica, Festa, Ano B"},"content":{"rendered":"\n<p>Alegremo-nos todos no Senhor, celebrando este dia festivo em honra de Nossa Senhora de Guadalupe; os Anjos se alegram conosco e d\u00e3o gl\u00f3ria ao Filho de Deus.<\/p>\n\n\n\n<p><em>Em 1531, na capital mexicana, manifestou-se ao \u00edndio S\u00e3o Jo\u00e3o Diego uma Senhora que se apresentava como \u201ca sempre virgem Santa Maria, M\u00e3e do verdadeiro Deus\u201d. Sua imagem ficou gravada no manto do vidente. Da\u00ed nasceu o culto a Nossa Senhora de Guadalupe, que logo se expandiu por toda parte. Louvemos a M\u00e3e celeste, a quem imploramos gra\u00e7as em favor de todos, principalmente dos povos latino-americanos.<\/em><\/p>\n\n\n\n<p>Primeira Leitura:&nbsp;<strong>G\u00e1latas 4,4-7<\/strong><\/p>\n\n\n\n<p>Leitura da carta de S\u00e3o Paulo aos G\u00e1latas \u2013 Irm\u00e3os,&nbsp;<sup>4<\/sup>quando se completou o tempo previsto, Deus enviou o seu Filho, nascido de uma mulher, nascido sujeito \u00e0 Lei,&nbsp;<sup>5<\/sup>a fim de resgatar os que eram sujeitos \u00e0 Lei e para que todos receb\u00eassemos a filia\u00e7\u00e3o adotiva.&nbsp;<sup>6<\/sup>E porque sois filhos, Deus enviou aos nossos cora\u00e7\u00f5es o Esp\u00edrito do seu Filho, que clama: Ab\u00e1 \u2013 \u00f3 Pai!&nbsp;<sup>7<\/sup>Assim j\u00e1 n\u00e3o \u00e9s mais escravo, mas filho; e se \u00e9s filho, \u00e9s tamb\u00e9m herdeiro, tudo isso por gra\u00e7a de Deus. \u2013 Palavra do Senhor.<\/p>\n\n\n\n<p>Salmo Responsorial:&nbsp;<strong>95(96)<\/strong><\/p>\n\n\n\n<p><strong>Manifestai a sua gl\u00f3ria entre as na\u00e7\u00f5es.<\/strong><\/p>\n\n\n\n<p>1. Cantai ao Senhor Deus um canto novo,&nbsp;\u2020&nbsp;cantai ao Senhor Deus, \u00f3 terra inteira!&nbsp;\/&nbsp;Cantai e bendizei seu santo nome!&nbsp;\u2013 R.<\/p>\n\n\n\n<p>2. Dia ap\u00f3s dia anunciai sua salva\u00e7\u00e3o,&nbsp;\u2020&nbsp;manifestai a sua gl\u00f3ria entre as na\u00e7\u00f5es&nbsp;\/&nbsp;e, entre os povos do universo, seus prod\u00edgios!&nbsp;\u2013 R.<\/p>\n\n\n\n<p>3. Publicai entre as na\u00e7\u00f5es: \u201cReina o Senhor!&nbsp;\u2020&nbsp;Ele firmou o universo inabal\u00e1vel,&nbsp;\/&nbsp;e os povos ele julga com justi\u00e7a\u201d.&nbsp;\u2013 R.<\/p>\n\n\n\n<p>Evangelho:&nbsp;<strong>Lucas 1,39-47<\/strong><\/p>\n\n\n\n<p><strong><em>Aleluia, aleluia, aleluia.<\/em><\/strong><\/p>\n\n\n\n<p><strong>Maria, alegra-te, \u00f3 cheia de gra\u00e7a, o Senhor \u00e9 contigo;&nbsp;\/&nbsp;\u00e9s bendita entre todas as mulheres da terra! (Lc 1,28)&nbsp;\u2013 R.<\/strong><\/p>\n\n\n\n<p>Proclama\u00e7\u00e3o do santo Evangelho segundo Lucas \u2013&nbsp;<sup>39<\/sup>Naqueles dias, Maria partiu para a regi\u00e3o montanhosa, dirigindo-se, apressadamente, a uma cidade da Judeia.&nbsp;<sup>40<\/sup>Entrou na casa de Zacarias e cumprimentou Isabel.&nbsp;<sup>41<\/sup>Quando Isabel ouviu a sauda\u00e7\u00e3o de Maria, a crian\u00e7a pulou no seu ventre e Isabel ficou cheia do Esp\u00edrito Santo.&nbsp;<sup>42<\/sup>Com um grande grito, exclamou: \u201cBendita \u00e9s tu entre as mulheres e bendito \u00e9 o fruto do teu ventre!&nbsp;<sup>43<\/sup>Como posso merecer que a m\u00e3e do meu Senhor me venha visitar?&nbsp;<sup>44<\/sup>Logo que a tua sauda\u00e7\u00e3o chegou aos meus ouvidos, a crian\u00e7a pulou de alegria no meu ventre.&nbsp;<sup>45<\/sup>Bem-aventurada aquela que acreditou, porque ser\u00e1 cumprido o que o Senhor lhe prometeu\u201d.&nbsp;<sup>46<\/sup>Ent\u00e3o Maria disse: \u201cA minha alma engrandece o Senhor,&nbsp;<sup>47<\/sup>e o meu esp\u00edrito se alegra em Deus, meu salvador\u201d. \u2013 Palavra da salva\u00e7\u00e3o.<\/p>\n\n\n\n<p>Reflex\u00e3o:<\/p>\n\n\n\n<p><em>Segundo s\u00f3lida tradi\u00e7\u00e3o, a imagem da Virgem de Guadalupe apareceu impressa na manta do \u00edndio Jo\u00e3o Diego, em 1531, na Cidade do M\u00e9xico. Seu culto propagou-se rapidamente e muito contribuiu para a difus\u00e3o da f\u00e9 entre os ind\u00edgenas. O santu\u00e1rio atual foi conclu\u00eddo em 1709 e elevado \u00e0 categoria de bas\u00edlica pelo papa S\u00e3o Pio X, em 1904. Em 1910, o mesmo papa proclamou Nossa Senhora de Guadalupe padroeira da Am\u00e9rica Latina. Jo\u00e3o Diego foi canonizado pelo papa S\u00e3o Jo\u00e3o Paulo II em 31 de julho de 2002. A presen\u00e7a de Maria de Guadalupe \u00e9 um abra\u00e7o amoroso a todos os seus devotos, mas \u00e9 tamb\u00e9m uma op\u00e7\u00e3o profunda pelos pobres e marginalizados. Com efeito, o di\u00e1logo de Maria come\u00e7a com um ind\u00edgena, o centro de irradia\u00e7\u00e3o \u00e9 Tepeyac, \u00e0s margens da cidade, entre as pessoas simples e abandonadas.<\/em><\/p>\n","protected":false},"excerpt":{"rendered":"<p>Alegremo-nos todos no Senhor, celebrando este dia festivo em honra de Nossa Senhora de Guadalupe; os Anjos se alegram conosco e d\u00e3o gl\u00f3ria ao Filho de Deus. Em 1531, na capital mexicana, manifestou-se&#8230;<\/p>\n","protected":false},"author":2,"featured_media":21646,"comment_status":"open","ping_status":"open","sticky":false,"template":"","format":"standard","meta":[],"categories":[7],"tags":[],"_links":{"self":[{"href":"https:\/\/www.salvatorianas.org.br\/blog\/wp-json\/wp\/v2\/posts\/21645"}],"collection":[{"href":"https:\/\/www.salvatorianas.org.br\/blog\/wp-json\/wp\/v2\/posts"}],"about":[{"href":"https:\/\/www.salvatorianas.org.br\/blog\/wp-json\/wp\/v2\/types\/post"}],"author":[{"embeddable":true,"href":"https:\/\/www.salvatorianas.org.br\/blog\/wp-json\/wp\/v2\/users\/2"}],"replies":[{"embeddable":true,"href":"https:\/\/www.salvatorianas.org.br\/blog\/wp-json\/wp\/v2\/comments?post=21645"}],"version-history":[{"count":1,"href":"https:\/\/www.salvatorianas.org.br\/blog\/wp-json\/wp\/v2\/posts\/21645\/revisions"}],"predecessor-version":[{"id":21647,"href":"https:\/\/www.salvatorianas.org.br\/blog\/wp-json\/wp\/v2\/posts\/21645\/revisions\/21647"}],"wp:featuredmedia":[{"embeddable":true,"href":"https:\/\/www.salvatorianas.org.br\/blog\/wp-json\/wp\/v2\/media\/21646"}],"wp:attachment":[{"href":"https:\/\/www.salvatorianas.org.br\/blog\/wp-json\/wp\/v2\/media?parent=21645"}],"wp:term":[{"taxonomy":"category","embeddable":true,"href":"https:\/\/www.salvatorianas.org.br\/blog\/wp-json\/wp\/v2\/categories?post=21645"},{"taxonomy":"post_tag","embeddable":true,"href":"https:\/\/www.salvatorianas.org.br\/blog\/wp-json\/wp\/v2\/tags?post=21645"}],"curies":[{"name":"wp","href":"https:\/\/api.w.org\/{rel}","templated":true}]}}