{"id":21639,"date":"2023-12-10T01:00:00","date_gmt":"2023-12-10T01:00:00","guid":{"rendered":"https:\/\/www.salvatorianas.org.br\/blog\/?p=21639"},"modified":"2023-12-08T19:00:57","modified_gmt":"2023-12-08T19:00:57","slug":"2o-domingo-do-advento-ano-b","status":"publish","type":"post","link":"https:\/\/www.salvatorianas.org.br\/blog\/2o-domingo-do-advento-ano-b\/","title":{"rendered":"2\u00ba Domingo do Advento, Ano B"},"content":{"rendered":"\n<p>Povo de Si\u00e3o, o Senhor vem para salvar as na\u00e7\u00f5es; e, na alegria do vosso cora\u00e7\u00e3o, soar\u00e1 majestosa a sua voz (Is 30,19.30).<\/p>\n\n\n\n<p><em>O Senhor nos consola em nossas afli\u00e7\u00f5es e \u00e9 paciente conosco. Ele nos revela sua bondade e nos fortalece a esperan\u00e7a de novos c\u00e9us e nova terra, onde habite a verdadeira justi\u00e7a. Esta Eucaristia nos anime a preparar seus caminhos, para que o amor e a solidariedade se tornem, de fato, realidades firmemente presentes entre n\u00f3s.<\/em><\/p>\n\n\n\n<p>Primeira Leitura:&nbsp;<strong>Isa\u00edas 40,1-5.9-11<\/strong><\/p>\n\n\n\n<p>Leitura do livro do profeta Isa\u00edas \u2013&nbsp;<sup>1<\/sup>\u201cConsolai o meu povo, consolai-o \u2013 diz o vosso Deus.&nbsp;<sup>2<\/sup>Falai ao cora\u00e7\u00e3o de Jerusal\u00e9m e dizei em alta voz que sua servid\u00e3o acabou e a expia\u00e7\u00e3o de suas culpas foi cumprida; ela recebeu das m\u00e3os do Senhor o dobro por todos os seus pecados\u201d.&nbsp;<sup>3<\/sup>Grita uma voz: \u201cPreparai no deserto o caminho do Senhor, aplainai na solid\u00e3o a estrada de nosso Deus.&nbsp;<sup>4<\/sup>Nivelem-se todos os vales, rebaixem-se todos os montes e colinas; endireite-se o que \u00e9 torto e alisem-se as asperezas:&nbsp;<sup>5<\/sup>a gl\u00f3ria do Senhor ent\u00e3o se manifestar\u00e1, e todos os homens ver\u00e3o juntamente o que a boca do Senhor falou.&nbsp;<sup>9<\/sup>Sobe a um alto monte, tu, que trazes a boa-nova a Si\u00e3o; levanta com for\u00e7a a tua voz, tu, que trazes a boa-nova a Jerusal\u00e9m, ergue a voz, n\u00e3o temas; dize \u00e0s cidades de Jud\u00e1: \u2018Eis o vosso Deus,&nbsp;<sup>10<\/sup>eis que o Senhor Deus vem com poder, seu bra\u00e7o tudo domina; eis, com ele, sua conquista, eis \u00e0 sua frente a vit\u00f3ria.&nbsp;<sup>11<\/sup>Como um pastor, ele apascenta o rebanho; re\u00fane, com a for\u00e7a dos bra\u00e7os, os cordeiros e carrega-os ao colo; ele mesmo tange as ovelhas-m\u00e3es&#8217;\u201d. \u2013 Palavra do Senhor.<\/p>\n\n\n\n<p>Salmo Responsorial:&nbsp;<strong>84(85)<\/strong><\/p>\n\n\n\n<p><strong>Mostrai-nos, \u00f3 Senhor, vossa bondade&nbsp;\/&nbsp;e a vossa salva\u00e7\u00e3o nos concedei!<\/strong><\/p>\n\n\n\n<p>1. Quero ouvir o que o Senhor ir\u00e1 falar:&nbsp;\/&nbsp;\u00e9 a paz que ele vai anunciar;&nbsp;\/&nbsp;a paz para o seu povo e seus amigos,&nbsp;\/&nbsp;para os que voltam ao Senhor seu cora\u00e7\u00e3o.&nbsp;\/&nbsp;Est\u00e1 perto a salva\u00e7\u00e3o dos que o temem,&nbsp;\/&nbsp;e a gl\u00f3ria habitar\u00e1 em nossa terra.&nbsp;\u2013 R.<\/p>\n\n\n\n<p>2. A verdade e o amor se encontrar\u00e3o,&nbsp;\/&nbsp;a justi\u00e7a e a paz se abra\u00e7ar\u00e3o;&nbsp;\/&nbsp;da terra brotar\u00e1 a fidelidade,&nbsp;\/&nbsp;e a justi\u00e7a olhar\u00e1 dos altos c\u00e9us.&nbsp;\u2013 R.<\/p>\n\n\n\n<p>3. O Senhor nos dar\u00e1 tudo o que \u00e9 bom,&nbsp;\/&nbsp;e a nossa terra nos dar\u00e1 suas colheitas;&nbsp;\/&nbsp;a justi\u00e7a andar\u00e1 na sua frente&nbsp;\/&nbsp;e a salva\u00e7\u00e3o h\u00e1 de seguir os passos seus.&nbsp;\u2013 R.<\/p>\n\n\n\n<p>Segunda Leitura:&nbsp;<strong>2 Pedro 3,8-14<\/strong><\/p>\n\n\n\n<p>Leitura da segunda carta de S\u00e3o Pedro \u2013 8Uma coisa v\u00f3s n\u00e3o podeis desconhecer, car\u00edssimos: para o Senhor, um dia \u00e9 como mil anos e mil anos como um dia. 9O Senhor n\u00e3o tarda a cumprir sua promessa, como pensam alguns, achando que demora. Ele est\u00e1 usando de paci\u00eancia para convosco, pois n\u00e3o deseja que algu\u00e9m se perca. Ao contr\u00e1rio, quer que todos venham a converter-se. 10O dia do Senhor chegar\u00e1 como um ladr\u00e3o, e ent\u00e3o os c\u00e9us acabar\u00e3o com barulho espantoso; os elementos, devorados pelas chamas, se dissolver\u00e3o, e a terra ser\u00e1 consumida com tudo o que nela se fez. 11Se desse modo tudo se vai desintegrar, qual n\u00e3o deve ser o vosso empenho numa vida santa e piedosa, 12enquanto esperais com anseio a vinda do dia de Deus, quando os c\u00e9us em chama se v\u00e3o derreter e os elementos, consumidos pelo fogo, se fundir\u00e3o? 13O que n\u00f3s esperamos, de acordo com a sua promessa, s\u00e3o novos c\u00e9us e uma nova terra, onde habitar\u00e1 a justi\u00e7a. 14Car\u00edssimos, vivendo nessa esperan\u00e7a, esfor\u00e7ai-vos para que ele vos encontre numa vida pura e sem mancha e em paz. \u2013 Palavra do Senhor.<\/p>\n\n\n\n<p>Evangelho:&nbsp;<strong>Marcos 1,1-8<\/strong><\/p>\n\n\n\n<p><strong><em>Aleluia<\/em><em>, aleluia, aleluia.<\/em><\/strong><\/p>\n\n\n\n<p><strong>Preparai o caminho do Senhor;&nbsp;\/&nbsp;endireitai suas veredas.&nbsp;\/&nbsp;Toda carne h\u00e1 de ver&nbsp;\/&nbsp;a salva\u00e7\u00e3o do nosso Deus (Lc 3,4.6).&nbsp;\u2013 R.<\/strong><\/p>\n\n\n\n<p>Proclama\u00e7\u00e3o do santo Evangelho segundo Marcos \u2013&nbsp;<sup>1<\/sup>In\u00edcio do Evangelho de Jesus Cristo, Filho de Deus.&nbsp;<sup>2<\/sup>Est\u00e1 escrito no livro do profeta Isa\u00edas: \u201cEis que envio meu mensageiro \u00e0 tua frente, para preparar o teu caminho.&nbsp;<sup>3<\/sup>Esta \u00e9 a voz daquele que grita no deserto: \u2018Preparai o caminho do Senhor, endireitai suas estradas!&#8217;\u201d&nbsp;<sup>4<\/sup>Foi assim que Jo\u00e3o Batista apareceu no deserto, pregando um batismo de convers\u00e3o para o perd\u00e3o dos pecados.&nbsp;<sup>5<\/sup>Toda a regi\u00e3o da Judeia e todos os moradores de Jerusal\u00e9m iam ao seu encontro. Confessavam os seus pecados e Jo\u00e3o os batizava no rio Jord\u00e3o.&nbsp;<sup>6<\/sup>Jo\u00e3o se vestia com uma pele de camelo e comia gafanhotos e mel do campo.&nbsp;<sup>7<\/sup>E pregava, dizendo: \u201cDepois de mim vir\u00e1 algu\u00e9m mais forte do que eu. Eu nem sou digno de me abaixar para desamarrar suas sand\u00e1lias.&nbsp;<sup>8<\/sup>Eu vos batizei com \u00e1gua, mas ele vos batizar\u00e1 com o Esp\u00edrito Santo\u201d. \u2013 Palavra da salva\u00e7\u00e3o.<\/p>\n\n\n\n<p>Reflex\u00e3o:<\/p>\n\n\n\n<p><em>As primeiras palavras do Evangelho de Marcos deixam claro quem \u00e9 o protagonista do livro: Jesus Cristo, Filho de Deus. Desponta de imediato a figura de Jo\u00e3o Batista, que reproduz a profecia de Isa\u00edas: \u201cUma voz grita no deserto: \u2018Preparem o caminho do Senhor, endireitem suas estradas&#8217;\u201d. Preparar o caminho do Messias \u00e9 manifestar, pelo batismo com \u00e1gua, a firme vontade de mudar de vida e esperar tempos novos, caracterizados pelo batismo com o Esp\u00edrito Santo. Endireitar as estradas \u00e9 criar rela\u00e7\u00f5es com base na igualdade e na pr\u00e1tica da justi\u00e7a. Jo\u00e3o Batista n\u00e3o se considera o Messias, \u00e9 apenas o precursor dele: \u201cDepois de mim, vem aquele que \u00e9 mais forte do que eu\u201d. Jesus \u00e9 o Messias, que possui a plenitude do Esp\u00edrito Santo: \u201cDerramarei o meu Esp\u00edrito sobre todos os viventes\u201d (Jl 3,1).<\/em><\/p>\n","protected":false},"excerpt":{"rendered":"<p>Povo de Si\u00e3o, o Senhor vem para salvar as na\u00e7\u00f5es; e, na alegria do vosso cora\u00e7\u00e3o, soar\u00e1 majestosa a sua voz (Is 30,19.30). O Senhor nos consola em nossas afli\u00e7\u00f5es e \u00e9 paciente&#8230;<\/p>\n","protected":false},"author":2,"featured_media":21640,"comment_status":"open","ping_status":"open","sticky":false,"template":"","format":"standard","meta":[],"categories":[7],"tags":[],"_links":{"self":[{"href":"https:\/\/www.salvatorianas.org.br\/blog\/wp-json\/wp\/v2\/posts\/21639"}],"collection":[{"href":"https:\/\/www.salvatorianas.org.br\/blog\/wp-json\/wp\/v2\/posts"}],"about":[{"href":"https:\/\/www.salvatorianas.org.br\/blog\/wp-json\/wp\/v2\/types\/post"}],"author":[{"embeddable":true,"href":"https:\/\/www.salvatorianas.org.br\/blog\/wp-json\/wp\/v2\/users\/2"}],"replies":[{"embeddable":true,"href":"https:\/\/www.salvatorianas.org.br\/blog\/wp-json\/wp\/v2\/comments?post=21639"}],"version-history":[{"count":1,"href":"https:\/\/www.salvatorianas.org.br\/blog\/wp-json\/wp\/v2\/posts\/21639\/revisions"}],"predecessor-version":[{"id":21641,"href":"https:\/\/www.salvatorianas.org.br\/blog\/wp-json\/wp\/v2\/posts\/21639\/revisions\/21641"}],"wp:featuredmedia":[{"embeddable":true,"href":"https:\/\/www.salvatorianas.org.br\/blog\/wp-json\/wp\/v2\/media\/21640"}],"wp:attachment":[{"href":"https:\/\/www.salvatorianas.org.br\/blog\/wp-json\/wp\/v2\/media?parent=21639"}],"wp:term":[{"taxonomy":"category","embeddable":true,"href":"https:\/\/www.salvatorianas.org.br\/blog\/wp-json\/wp\/v2\/categories?post=21639"},{"taxonomy":"post_tag","embeddable":true,"href":"https:\/\/www.salvatorianas.org.br\/blog\/wp-json\/wp\/v2\/tags?post=21639"}],"curies":[{"name":"wp","href":"https:\/\/api.w.org\/{rel}","templated":true}]}}