{"id":21636,"date":"2023-12-09T01:59:00","date_gmt":"2023-12-09T01:59:00","guid":{"rendered":"https:\/\/www.salvatorianas.org.br\/blog\/?p=21636"},"modified":"2023-12-08T19:00:17","modified_gmt":"2023-12-08T19:00:17","slug":"1a-semana-do-advento-4","status":"publish","type":"post","link":"https:\/\/www.salvatorianas.org.br\/blog\/1a-semana-do-advento-4\/","title":{"rendered":"1\u00aa Semana do Advento"},"content":{"rendered":"\n<p>Vinde, Senhor, que estais sentado acima dos querubins; mostrai-nos a vossa face, e seremos salvos (Sl 79,4.2).<\/p>\n\n\n\n<p><em>O tempo de Advento infunde em n\u00f3s um sopro de esperan\u00e7a, porque o Senhor vai \u201ccurar a ferida de seu povo\u201d. Preparemos nosso interior para acolher Jesus, que vem carregado de abundantes dons e nos quer ensinar seu olhar cheio de compaix\u00e3o.<\/em><\/p>\n\n\n\n<p>Primeira Leitura:&nbsp;<strong>Isa\u00edas 30,19-21.23-26<\/strong><\/p>\n\n\n\n<p>Leitura do livro do profeta Isa\u00edas \u2013 Assim fala o Senhor, o santo de Israel:&nbsp;<sup>19<\/sup>\u201cPovo de Si\u00e3o, que habitas em Jerusal\u00e9m, n\u00e3o ter\u00e1s motivo algum para chorar: ele se comover\u00e1 \u00e0 voz do teu clamor; logo que te ouvir, ele atender\u00e1.&nbsp;<sup>20<\/sup>O Senhor decerto dar\u00e1 a todos o p\u00e3o da ang\u00fastia e a \u00e1gua da afli\u00e7\u00e3o, n\u00e3o se apartar\u00e1 mais de ti o teu mestre; teus olhos poder\u00e3o v\u00ea-lo&nbsp;<sup>21<\/sup>e teus ouvidos poder\u00e3o ouvir a palavra de aviso atr\u00e1s de ti: \u2018O caminho \u00e9 este para todos, segui por ele, sem desviar-vos \u00e0 direita ou \u00e0 esquerda\u2019.&nbsp;<sup>23<\/sup>Ele te dar\u00e1 chuva para a semente que tiveres semeado na terra, e o fruto da terra ser\u00e1 abundante e rico; nesse dia, o teu rebanho pastar\u00e1 em vastas pastagens,&nbsp;<sup>24<\/sup>teus bois e os animais que lavram a terra comer\u00e3o forragem salgada, limpa com p\u00e1 e peneira.&nbsp;<sup>25<\/sup>Haver\u00e1 em toda montanha alta e em toda colina elevada arroios de \u00e1gua corrente, num dia em que muitos ser\u00e3o mortos com o desabamento de seus torre\u00f5es.&nbsp;<sup>26<\/sup>A lua brilhar\u00e1 como a luz do sol, e o sol brilhar\u00e1 sete vezes mais, como a luz de sete dias, no dia em que o Senhor curar a ferida de seu povo e fizer sarar a les\u00e3o de sua chaga\u201d. \u2013 Palavra do Senhor.<\/p>\n\n\n\n<p>Salmo Responsorial:&nbsp;<strong>146(147A)<\/strong><\/p>\n\n\n\n<p><strong>Felizes s\u00e3o aqueles que esperam no Senhor!<\/strong><\/p>\n\n\n\n<p>1. Louvai o Senhor Deus, porque ele \u00e9 bom,&nbsp;\u2020&nbsp;cantai ao nosso Deus, porque \u00e9 suave:&nbsp;\/&nbsp;ele \u00e9 digno de louvor, ele o merece!&nbsp;\/&nbsp;O Senhor reconstruiu Jerusal\u00e9m&nbsp;\/&nbsp;e os dispersos de Israel juntou de novo.&nbsp;\u2013 R.<\/p>\n\n\n\n<p>2. Ele conforta os cora\u00e7\u00f5es despeda\u00e7ados,&nbsp;\/&nbsp;ele enfaixa suas feridas e as cura;&nbsp;\/&nbsp;fixa o n\u00famero de todas as estrelas&nbsp;\/&nbsp;e chama a cada uma por seu nome.&nbsp;\u2013 R.<\/p>\n\n\n\n<p>3. \u00c9 grande e onipotente o nosso Deus,&nbsp;\/&nbsp;seu saber n\u00e3o tem medida nem limites.&nbsp;\/&nbsp;O Senhor Deus \u00e9 o amparo dos humildes,&nbsp;\/&nbsp;mas dobra at\u00e9 o ch\u00e3o os que s\u00e3o \u00edmpios.&nbsp;\u2013 R.<\/p>\n\n\n\n<p>Evangelho:&nbsp;<strong>Mateus 9,35-10,1.6-8<\/strong><\/p>\n\n\n\n<p><strong><em>Aleluia<\/em><em>, aleluia, aleluia.<\/em><\/strong><\/p>\n\n\n\n<p><strong>\u00c9 o Senhor nosso juiz e nosso rei.&nbsp;\/&nbsp;O Senhor legislador nos salvar\u00e1 (Is 33,22).&nbsp;\u2013 R.<\/strong><\/p>\n\n\n\n<p>Proclama\u00e7\u00e3o do santo Evangelho segundo Mateus \u2013 Naquele tempo,&nbsp;<sup>35<\/sup>Jesus percorria todas as cidades e povoados, ensinando em suas sinagogas, pregando o Evangelho do Reino e curando todo tipo de doen\u00e7a e enfermidade.&nbsp;<sup>36<\/sup>Vendo Jesus as multid\u00f5es, compadeceu-se delas, porque estavam cansadas e abatidas como ovelhas que n\u00e3o t\u00eam pastor. Ent\u00e3o disse a seus disc\u00edpulos:&nbsp;<sup>37<\/sup>\u201cA messe \u00e9 grande, mas os trabalhadores s\u00e3o poucos.&nbsp;<sup>38<\/sup>Pedi, pois, ao dono da messe que envie trabalhadores para a sua colheita!\u201d&nbsp;<sup>10,1<\/sup>E, chamando os seus doze disc\u00edpulos, deu-lhes poder para expulsarem os esp\u00edritos maus e para curarem todo tipo de doen\u00e7a e enfermidade. Enviou-os com as seguintes recomenda\u00e7\u00f5es:&nbsp;<sup>6<\/sup>\u201cIde, antes, \u00e0s ovelhas perdidas da casa de Israel!&nbsp;<sup>7<\/sup>Em vosso caminho, anunciai: \u2018O Reino dos C\u00e9us est\u00e1 pr\u00f3ximo\u2019.&nbsp;<sup>8<\/sup>Curai os doentes, ressuscitai os mortos, purificai os leprosos, expulsai os dem\u00f4nios. De gra\u00e7a recebestes, de gra\u00e7a deveis dar!\u201d \u2013 Palavra da salva\u00e7\u00e3o.<\/p>\n\n\n\n<p>Reflex\u00e3o:<\/p>\n\n\n\n<p><em>Jesus \u00e9 um l\u00edder que n\u00e3o se isola do povo nem est\u00e1 alheio \u00e0s suas necessidades. Ao contr\u00e1rio, solid\u00e1rio com suas mis\u00e9rias e sofrimentos, anuncia-lhes que o Reino do c\u00e9u est\u00e1 ao alcance de todos. E completa o an\u00fancio, curando toda esp\u00e9cie de enfermidade. Jesus sabe e v\u00ea que as pessoas est\u00e3o desorientadas, afastadas de Deus, como ovelhas sem pastor. Reconhece que \u00e9 imenso o trabalho de lideran\u00e7a e de solidariedade com essa gente sofrida. Por isso, n\u00e3o guarda para si a miss\u00e3o de evangelizar e curar, mas quer compartilhar esta \u00e2nsia pastoral com seus disc\u00edpulos. E lhes recomenda fazer preces para que Deus aumente o n\u00famero dos oper\u00e1rios do Reino, j\u00e1 que \u201ca colheita \u00e9 grande, mas os trabalhadores s\u00e3o poucos\u201d.<\/em><\/p>\n","protected":false},"excerpt":{"rendered":"<p>Vinde, Senhor, que estais sentado acima dos querubins; mostrai-nos a vossa face, e seremos salvos (Sl 79,4.2). O tempo de Advento infunde em n\u00f3s um sopro de esperan\u00e7a, porque o Senhor vai \u201ccurar&#8230;<\/p>\n","protected":false},"author":2,"featured_media":21637,"comment_status":"open","ping_status":"open","sticky":false,"template":"","format":"standard","meta":[],"categories":[7],"tags":[],"_links":{"self":[{"href":"https:\/\/www.salvatorianas.org.br\/blog\/wp-json\/wp\/v2\/posts\/21636"}],"collection":[{"href":"https:\/\/www.salvatorianas.org.br\/blog\/wp-json\/wp\/v2\/posts"}],"about":[{"href":"https:\/\/www.salvatorianas.org.br\/blog\/wp-json\/wp\/v2\/types\/post"}],"author":[{"embeddable":true,"href":"https:\/\/www.salvatorianas.org.br\/blog\/wp-json\/wp\/v2\/users\/2"}],"replies":[{"embeddable":true,"href":"https:\/\/www.salvatorianas.org.br\/blog\/wp-json\/wp\/v2\/comments?post=21636"}],"version-history":[{"count":1,"href":"https:\/\/www.salvatorianas.org.br\/blog\/wp-json\/wp\/v2\/posts\/21636\/revisions"}],"predecessor-version":[{"id":21638,"href":"https:\/\/www.salvatorianas.org.br\/blog\/wp-json\/wp\/v2\/posts\/21636\/revisions\/21638"}],"wp:featuredmedia":[{"embeddable":true,"href":"https:\/\/www.salvatorianas.org.br\/blog\/wp-json\/wp\/v2\/media\/21637"}],"wp:attachment":[{"href":"https:\/\/www.salvatorianas.org.br\/blog\/wp-json\/wp\/v2\/media?parent=21636"}],"wp:term":[{"taxonomy":"category","embeddable":true,"href":"https:\/\/www.salvatorianas.org.br\/blog\/wp-json\/wp\/v2\/categories?post=21636"},{"taxonomy":"post_tag","embeddable":true,"href":"https:\/\/www.salvatorianas.org.br\/blog\/wp-json\/wp\/v2\/tags?post=21636"}],"curies":[{"name":"wp","href":"https:\/\/api.w.org\/{rel}","templated":true}]}}