{"id":21631,"date":"2023-12-08T12:21:32","date_gmt":"2023-12-08T12:21:32","guid":{"rendered":"https:\/\/www.salvatorianas.org.br\/blog\/?p=21631"},"modified":"2023-12-08T12:28:22","modified_gmt":"2023-12-08T12:28:22","slug":"o-pacto-de-pe-jordan","status":"publish","type":"post","link":"https:\/\/www.salvatorianas.org.br\/blog\/o-pacto-de-pe-jordan\/","title":{"rendered":"O Pacto de Pe. Jordan."},"content":{"rendered":"\n<p><\/p>\n\n\n\n<p>A Comiss\u00e3o Conjunta Internacional sobre Identidade e Miss\u00e3o Salvatoriana (ICSIM) gostaria de desejar a todos um aben\u00e7oado Dia da Funda\u00e7\u00e3o! Esperamos que voc\u00ea tenha aproveitado os tr\u00eas servi\u00e7os de ora\u00e7\u00e3o poss\u00edveis no \u201cPacto\u201d do nosso fundador em prepara\u00e7\u00e3o para a nossa celebra\u00e7\u00e3o salvatoriana mundial. Gostar\u00edamos agora de compartilhar com voc\u00eas um v\u00eddeo de apresenta\u00e7\u00e3o sobre \u201cO Pactum\u201d para uma reflex\u00e3o mais aprofundada sobre seu pacto pessoal com Deus.<\/p>\n\n\n\n<p>Tr\u00eas representantes de cada ramo da Fam\u00edlia Salvatoriana compartilha sua perspectiva sobre \u201cO pactum\u201d: Pe. Peter van Meijl, Ir. Carol Thresher e Sr. Christian Patzel. Agradecemos muito a generosidade e o esfor\u00e7o colaborativo de cada um dos membros da nossa Fam\u00edlia Salvatoriana. O V\u00eddeo est\u00e1 em ingl\u00eas. Mas felizmente, o Youtube nos permite inserir legendas no seu idioma.<\/p>\n\n\n\n<figure class=\"wp-block-embed is-type-video is-provider-youtube wp-block-embed-youtube wp-embed-aspect-16-9 wp-has-aspect-ratio\"><div class=\"wp-block-embed__wrapper\">\n<iframe loading=\"lazy\" title=\"The Pactum of Blessed Francis Jordan  A Spiritual Journey\" width=\"500\" height=\"281\" src=\"https:\/\/www.youtube.com\/embed\/PQWuQU2P38g?feature=oembed\" frameborder=\"0\" allow=\"accelerometer; autoplay; clipboard-write; encrypted-media; gyroscope; picture-in-picture; web-share\" allowfullscreen><\/iframe>\n<\/div><\/figure>\n\n\n\n<p>Segue um passo a passo para acessar a legenda em portugu\u00eas:<\/p>\n\n\n\n<p>Depois de se conectar usando o link, procure a barra preta abaixo da tela: v\u00e1 at\u00e9 o \u00edcone: e clique nele &#8211; voc\u00ea ver\u00e1 um sublinhado vermelho. Em seguida, clique imediatamente no \u00edcone: e, em seguida, voc\u00ea ver\u00e1 &#8220;auto-translate&#8221; (tradu\u00e7\u00e3o autom\u00e1tica) e clique nele. Em seguida, voc\u00ea ver\u00e1 uma lista de idiomas &#8211; escolha seu idioma. Tamb\u00e9m anexamos abaixo as tradu\u00e7\u00f5es escritas em espanhol, portugu\u00eas, franc\u00eas, alem\u00e3o, polon\u00eas e italiano. Se voc\u00ea puder fazer dublagens ou fornecer suas pr\u00f3prias legendas, fa\u00e7a isso ou simplesmente acompanhe a leitura em seu pr\u00f3prio idioma. Compartilhe essas informa\u00e7\u00f5es com os membros de sua unidade, da maneira que preferir. O ICSIM deseja a todos uma maravilhosa comemora\u00e7\u00e3o do Dia da Funda\u00e7\u00e3o e um tempo de Advento inspirador, repleto de expectativa e alegria!<\/p>\n\n\n\n<p>B\u00ean\u00e7\u00e3os de bondade e paz,<\/p>\n\n\n\n<p>Pe. Joe Rodrigues &#8211; presidente do ICSIM<\/p>\n","protected":false},"excerpt":{"rendered":"<p>A Comiss\u00e3o Conjunta Internacional sobre Identidade e Miss\u00e3o Salvatoriana (ICSIM) gostaria de desejar a todos um aben\u00e7oado Dia da Funda\u00e7\u00e3o! Esperamos que voc\u00ea tenha aproveitado os tr\u00eas servi\u00e7os de ora\u00e7\u00e3o poss\u00edveis no \u201cPacto\u201d&#8230;<\/p>\n","protected":false},"author":2,"featured_media":21632,"comment_status":"open","ping_status":"open","sticky":false,"template":"","format":"standard","meta":[],"categories":[1],"tags":[],"_links":{"self":[{"href":"https:\/\/www.salvatorianas.org.br\/blog\/wp-json\/wp\/v2\/posts\/21631"}],"collection":[{"href":"https:\/\/www.salvatorianas.org.br\/blog\/wp-json\/wp\/v2\/posts"}],"about":[{"href":"https:\/\/www.salvatorianas.org.br\/blog\/wp-json\/wp\/v2\/types\/post"}],"author":[{"embeddable":true,"href":"https:\/\/www.salvatorianas.org.br\/blog\/wp-json\/wp\/v2\/users\/2"}],"replies":[{"embeddable":true,"href":"https:\/\/www.salvatorianas.org.br\/blog\/wp-json\/wp\/v2\/comments?post=21631"}],"version-history":[{"count":2,"href":"https:\/\/www.salvatorianas.org.br\/blog\/wp-json\/wp\/v2\/posts\/21631\/revisions"}],"predecessor-version":[{"id":21635,"href":"https:\/\/www.salvatorianas.org.br\/blog\/wp-json\/wp\/v2\/posts\/21631\/revisions\/21635"}],"wp:featuredmedia":[{"embeddable":true,"href":"https:\/\/www.salvatorianas.org.br\/blog\/wp-json\/wp\/v2\/media\/21632"}],"wp:attachment":[{"href":"https:\/\/www.salvatorianas.org.br\/blog\/wp-json\/wp\/v2\/media?parent=21631"}],"wp:term":[{"taxonomy":"category","embeddable":true,"href":"https:\/\/www.salvatorianas.org.br\/blog\/wp-json\/wp\/v2\/categories?post=21631"},{"taxonomy":"post_tag","embeddable":true,"href":"https:\/\/www.salvatorianas.org.br\/blog\/wp-json\/wp\/v2\/tags?post=21631"}],"curies":[{"name":"wp","href":"https:\/\/api.w.org\/{rel}","templated":true}]}}