{"id":21628,"date":"2023-12-08T01:48:00","date_gmt":"2023-12-08T01:48:00","guid":{"rendered":"https:\/\/www.salvatorianas.org.br\/blog\/?p=21628"},"modified":"2023-12-06T19:49:49","modified_gmt":"2023-12-06T19:49:49","slug":"imaculada-conceicao-da-bem-aventurada-virgem-maria-solenidade-ano-b","status":"publish","type":"post","link":"https:\/\/www.salvatorianas.org.br\/blog\/imaculada-conceicao-da-bem-aventurada-virgem-maria-solenidade-ano-b\/","title":{"rendered":"Imaculada Concei\u00e7\u00e3o da Bem-aventurada Virgem Maria, Solenidade, Ano B"},"content":{"rendered":"\n<p>Eu exulto de alegria no Senhor, e minha alma rejubila no meu Deus. Pois me envolveu de salva\u00e7\u00e3o qual uma veste, e com o manto da justi\u00e7a me cobriu, como a noiva que se enfeita com suas joias (Is 61,10).<\/p>\n\n\n\n<p><em>Celebremos com alegria a solenidade da Imaculada Concei\u00e7\u00e3o. Maria, que acolheu confiante os planos divinos a seu respeito, por meio de seu incondicional SIM, nos anime, nesta liturgia, a tamb\u00e9m confiar na a\u00e7\u00e3o de Deus em n\u00f3s.<\/em><\/p>\n\n\n\n<p>Primeira Leitura:&nbsp;<strong>G\u00eanesis 3,9-15.20<\/strong><\/p>\n\n\n\n<p>Leitura do livro do G\u00eanesis \u2013&nbsp;<sup>9<\/sup>O Senhor Deus chamou Ad\u00e3o, dizendo: \u201cOnde est\u00e1s?\u201d&nbsp;<sup>10<\/sup>E ele respondeu: \u201cOuvi tua voz no jardim e fiquei com medo, porque estava nu; e me escondi\u201d.&nbsp;<sup>11<\/sup>Disse-lhe o Senhor Deus: \u201cE quem te disse que estavas nu? Ent\u00e3o comeste da \u00e1rvore de cujo fruto te proibi comer?\u201d&nbsp;<sup>12<\/sup>Ad\u00e3o disse: \u201cA mulher que tu me deste por companheira, foi ela que me deu do fruto da \u00e1rvore, e eu comi\u201d.&nbsp;<sup>13<\/sup>Disse o Senhor Deus \u00e0 mulher: \u201cPor que fizeste isso?\u201d E a mulher respondeu: \u201cA serpente enganou-me, e eu comi\u201d.&nbsp;<sup>14<\/sup>Ent\u00e3o o Senhor Deus disse \u00e0 serpente: \u201cPorque fizeste isso, ser\u00e1s maldita entre todos os animais dom\u00e9sticos e todos os animais selvagens! Rastejar\u00e1s sobre o ventre e comer\u00e1s p\u00f3 todos os dias da tua vida!&nbsp;<sup>15<\/sup>Porei inimizade entre ti e a mulher, entre a tua descend\u00eancia e a dela. Esta te ferir\u00e1 a cabe\u00e7a, e tu lhe ferir\u00e1s o calcanhar\u201d.&nbsp;<sup>20<\/sup>E Ad\u00e3o chamou \u00e0 sua mulher Eva, porque ela \u00e9 a m\u00e3e de todos os viventes. \u2013 Palavra do Senhor.<\/p>\n\n\n\n<p>Salmo Responsorial:&nbsp;<strong>97(98)<\/strong><\/p>\n\n\n\n<p><strong>Cantai ao Senhor Deus um canto novo,&nbsp;\/&nbsp;porque ele fez prod\u00edgios!<\/strong><\/p>\n\n\n\n<p>1. Cantai ao Senhor Deus um canto novo,&nbsp;\/&nbsp;porque ele fez prod\u00edgios!&nbsp;\/&nbsp;Sua m\u00e3o e o seu bra\u00e7o forte e santo&nbsp;\/&nbsp;alcan\u00e7aram-lhe a vit\u00f3ria.&nbsp;\u2013 R.<\/p>\n\n\n\n<p>2. O Senhor fez conhecer a salva\u00e7\u00e3o,&nbsp;\/&nbsp;e \u00e0s na\u00e7\u00f5es, sua justi\u00e7a;&nbsp;\/&nbsp;recordou o seu amor sempre fiel&nbsp;\/&nbsp;pela casa de Israel.&nbsp;\u2013 R.<\/p>\n\n\n\n<p>3. Os confins do universo contemplaram&nbsp;\/&nbsp;a salva\u00e7\u00e3o do nosso Deus.&nbsp;\/&nbsp;Aclamai o Senhor Deus, \u00f3 terra inteira,&nbsp;\/&nbsp;alegrai-vos e exultai!&nbsp;\u2013 R.<\/p>\n\n\n\n<p>Segunda Leitura:&nbsp;<strong>Ef\u00e9sios 1,3-6.11-12<\/strong><\/p>\n\n\n\n<p>Leitura da carta de S\u00e3o Paulo aos Ef\u00e9sios \u2013&nbsp;<sup>3<\/sup>Bendito seja Deus, Pai de nosso Senhor Jesus Cristo. Ele nos aben\u00e7oou com toda a b\u00ean\u00e7\u00e3o do seu Esp\u00edrito em virtude de nossa uni\u00e3o com Cristo, no c\u00e9u.&nbsp;<sup>4<\/sup>Em Cristo, ele nos escolheu, antes da funda\u00e7\u00e3o do mundo, para que sejamos santos e irrepreens\u00edveis sob o seu olhar, no amor.&nbsp;<sup>5<\/sup>Ele nos predestinou para sermos seus filhos adotivos por interm\u00e9dio de Jesus Cristo, conforme a decis\u00e3o da sua vontade,&nbsp;<sup>6<\/sup>para o louvor da sua gl\u00f3ria e da gra\u00e7a com que ele nos cumulou no seu Bem-amado.&nbsp;<sup>11<\/sup>Nele tamb\u00e9m n\u00f3s recebemos a nossa parte. Segundo o projeto daquele que conduz tudo conforme a decis\u00e3o de sua vontade, n\u00f3s fomos predestinados&nbsp;<sup>12<\/sup>a sermos, para o louvor de sua gl\u00f3ria, os que de antem\u00e3o colocaram a sua esperan\u00e7a em Cristo. \u2013 Palavra do Senhor.<\/p>\n\n\n\n<p>Evangelho:&nbsp;<strong>Lucas 1,26-38<\/strong><\/p>\n\n\n\n<p><strong><em>Aleluia, aleluia, aleluia.<\/em><\/strong><\/p>\n\n\n\n<p><strong>Maria, alegra-te, \u00f3 cheia de gra\u00e7a,&nbsp;\/&nbsp;o Senhor \u00e9 contigo! (Lc 1,28)&nbsp;\u2013 R.<\/strong><\/p>\n\n\n\n<p>Proclama\u00e7\u00e3o do santo Evangelho segundo Lucas \u2013 Naquele tempo,&nbsp;<sup>26<\/sup>no sexto m\u00eas, o anjo Gabriel foi enviado por Deus a uma cidade da Galileia, chamada Nazar\u00e9,&nbsp;<sup>27<\/sup>a uma virgem, prometida em casamento a um homem chamado Jos\u00e9. Ele era descendente de Davi, e o nome da virgem era Maria.&nbsp;<sup>28<\/sup>O anjo entrou onde ela estava e disse: \u201cAlegra-te, cheia de gra\u00e7a, o Senhor est\u00e1 contigo!\u201d&nbsp;<sup>29<\/sup>Maria ficou perturbada com essas palavras e come\u00e7ou a pensar qual seria o significado da sauda\u00e7\u00e3o.&nbsp;<sup>30<\/sup>O anjo, ent\u00e3o, disse-lhe: \u201cN\u00e3o tenhas medo, Maria, porque encontraste gra\u00e7a diante de Deus.&nbsp;<sup>31<\/sup>Eis que conceber\u00e1s e dar\u00e1s \u00e0 luz um filho, a quem por\u00e1s o nome de Jesus.&nbsp;<sup>32<\/sup>Ele ser\u00e1 grande, ser\u00e1 chamado Filho do Alt\u00edssimo, e o Senhor Deus lhe dar\u00e1 o trono de seu pai Davi.&nbsp;<sup>33<\/sup>Ele reinar\u00e1 para sempre sobre os descendentes de Jac\u00f3, e o seu reino n\u00e3o ter\u00e1 fim\u201d.&nbsp;<sup>34<\/sup>Maria perguntou ao anjo: \u201cComo acontecer\u00e1 isso se eu n\u00e3o conhe\u00e7o homem algum?\u201d&nbsp;<sup>35<\/sup>O anjo respondeu: \u201cO Esp\u00edrito vir\u00e1 sobre ti, e o poder do Alt\u00edssimo te cobrir\u00e1 com sua sombra. Por isso, o menino que vai nascer ser\u00e1 chamado santo, Filho de Deus.&nbsp;<sup>36<\/sup>Tamb\u00e9m Isabel, tua parenta, concebeu um filho na velhice. Este j\u00e1 \u00e9 o sexto m\u00eas daquela que era considerada est\u00e9ril,&nbsp;<sup>37<\/sup>porque para Deus nada \u00e9 imposs\u00edvel\u201d.&nbsp;<sup>38<\/sup>Maria, ent\u00e3o, disse: \u201cEis aqui a serva do Senhor; fa\u00e7a-se em mim segundo a tua palavra!\u201d E o anjo retirou-se. \u2013 Palavra da salva\u00e7\u00e3o.<\/p>\n\n\n\n<p>Reflex\u00e3o:<\/p>\n\n\n\n<p><em>Desde o in\u00edcio do cristianismo, Maria foi venerada pelos fi\u00e9is como a \u201cToda Santa\u201d. A festa de hoje era celebrada no Oriente desde o s\u00e9culo VIII. Passou depois, pouco a pouco, ao Ocidente, por meio dos peregrinos que voltavam da Terra Santa. Em 8 de dezembro de 1854, o papa Pio IX proclamou a Concei\u00e7\u00e3o de Maria como dogma de f\u00e9. Quatro anos depois, a Virgem apareceu a Santa Bernadete e se apresentou com estas palavras: \u201cEu sou a Imaculada Concei\u00e7\u00e3o\u201d. Esse fato foi saudado como confirma\u00e7\u00e3o celeste do dogma. A primeira ora\u00e7\u00e3o da missa reproduz o dogma da Imaculada Concei\u00e7\u00e3o e nos d\u00e1 o verdadeiro sentido da celebra\u00e7\u00e3o: Deus prepara uma digna habita\u00e7\u00e3o para seu Filho, pela imaculada concei\u00e7\u00e3o da Virgem Maria, preservando-a de todo pecado, em vista dos m\u00e9ritos de Cristo.<\/em><\/p>\n","protected":false},"excerpt":{"rendered":"<p>Eu exulto de alegria no Senhor, e minha alma rejubila no meu Deus. Pois me envolveu de salva\u00e7\u00e3o qual uma veste, e com o manto da justi\u00e7a me cobriu, como a noiva que&#8230;<\/p>\n","protected":false},"author":2,"featured_media":21629,"comment_status":"open","ping_status":"open","sticky":false,"template":"","format":"standard","meta":[],"categories":[7],"tags":[],"_links":{"self":[{"href":"https:\/\/www.salvatorianas.org.br\/blog\/wp-json\/wp\/v2\/posts\/21628"}],"collection":[{"href":"https:\/\/www.salvatorianas.org.br\/blog\/wp-json\/wp\/v2\/posts"}],"about":[{"href":"https:\/\/www.salvatorianas.org.br\/blog\/wp-json\/wp\/v2\/types\/post"}],"author":[{"embeddable":true,"href":"https:\/\/www.salvatorianas.org.br\/blog\/wp-json\/wp\/v2\/users\/2"}],"replies":[{"embeddable":true,"href":"https:\/\/www.salvatorianas.org.br\/blog\/wp-json\/wp\/v2\/comments?post=21628"}],"version-history":[{"count":1,"href":"https:\/\/www.salvatorianas.org.br\/blog\/wp-json\/wp\/v2\/posts\/21628\/revisions"}],"predecessor-version":[{"id":21630,"href":"https:\/\/www.salvatorianas.org.br\/blog\/wp-json\/wp\/v2\/posts\/21628\/revisions\/21630"}],"wp:featuredmedia":[{"embeddable":true,"href":"https:\/\/www.salvatorianas.org.br\/blog\/wp-json\/wp\/v2\/media\/21629"}],"wp:attachment":[{"href":"https:\/\/www.salvatorianas.org.br\/blog\/wp-json\/wp\/v2\/media?parent=21628"}],"wp:term":[{"taxonomy":"category","embeddable":true,"href":"https:\/\/www.salvatorianas.org.br\/blog\/wp-json\/wp\/v2\/categories?post=21628"},{"taxonomy":"post_tag","embeddable":true,"href":"https:\/\/www.salvatorianas.org.br\/blog\/wp-json\/wp\/v2\/tags?post=21628"}],"curies":[{"name":"wp","href":"https:\/\/api.w.org\/{rel}","templated":true}]}}