{"id":21625,"date":"2023-12-07T01:45:00","date_gmt":"2023-12-07T01:45:00","guid":{"rendered":"https:\/\/www.salvatorianas.org.br\/blog\/?p=21625"},"modified":"2023-12-06T19:48:46","modified_gmt":"2023-12-06T19:48:46","slug":"santo-ambrosio-bispo-e-doutor-da-igreja-memoria","status":"publish","type":"post","link":"https:\/\/www.salvatorianas.org.br\/blog\/santo-ambrosio-bispo-e-doutor-da-igreja-memoria\/","title":{"rendered":"Santo Ambr\u00f3sio, bispo e doutor da Igreja, Mem\u00f3ria"},"content":{"rendered":"\n<p>No meio da Igreja, o Senhor abriu os seus l\u00e1bios, encheu-o com o esp\u00edrito de sabedoria e intelig\u00eancia e o revestiu com um manto de gl\u00f3ria (Eclo 15,5s).<\/p>\n\n\n\n<p><em>Ambr\u00f3sio nasceu na Alemanha em 340 e faleceu na It\u00e1lia em 397. Prefeito de Mil\u00e3o, foi ordenado presb\u00edtero e, em seguida, aclamado bispo pelo povo. Lutou com firmeza contra o paganismo e a decad\u00eancia da sociedade. Ele dizia: \u201cD\u00e1s aos pobres? N\u00e3o fazes outra coisa que restituir-lhes os bens deles. A terra pertence a todos, e n\u00e3o aos ricos\u201d. Autor de ilustres textos lit\u00fargicos, \u00e9 considerado pai da liturgia ambrosiana. Aprendamos com esse dedicado pastor a administrar com equil\u00edbrio os bens materiais e espirituais.<\/em><\/p>\n\n\n\n<p>Primeira Leitura:&nbsp;<strong>Isa\u00edas 26,1-6<\/strong><\/p>\n\n\n\n<p>Leitura do livro do profeta Isa\u00edas \u2013&nbsp;<sup>1<\/sup>Naquele dia, cantar\u00e3o este canto em Jud\u00e1: \u201cUma cidade fortificada \u00e9 a nossa seguran\u00e7a; o Senhor cercou-a de muros e antemuro.&nbsp;<sup>2<\/sup>Abri as suas portas, para que entre um povo justo, cumpridor da palavra,&nbsp;<sup>3<\/sup>firme em seu prop\u00f3sito; e tu lhe conservar\u00e1s a paz, porque confia em ti.&nbsp;<sup>4<\/sup>Esperai no Senhor por todos os tempos, o Senhor \u00e9 a rocha eterna.&nbsp;<sup>5<\/sup>Ele derrubou os que habitam no alto, h\u00e1 de humilhar a cidade orgulhosa, deitando-a por terra at\u00e9 faz\u00ea-la beijar o ch\u00e3o.&nbsp;<sup>6<\/sup>H\u00e3o de pis\u00e1-la os p\u00e9s, os p\u00e9s dos pobres, as passadas dos humildes\u201d. \u2013 Palavra do Senhor.<\/p>\n\n\n\n<p>Salmo Responsorial:&nbsp;<strong>117(118)<\/strong><\/p>\n\n\n\n<p><strong>Bendito \u00e9 aquele que vem vindo em nome do Senhor!<\/strong><\/p>\n\n\n\n<p>1. Dai gra\u00e7as ao Senhor, porque ele \u00e9 bom!&nbsp;\/&nbsp;\u201cEterna \u00e9 a sua miseric\u00f3rdia!\u201d&nbsp;\/&nbsp;\u00c9 melhor buscar ref\u00fagio no Senhor&nbsp;\/&nbsp;do que p\u00f4r no ser humano a esperan\u00e7a;&nbsp;\/&nbsp;\u00e9 melhor buscar ref\u00fagio no Senhor&nbsp;\/&nbsp;do que contar com os poderosos deste mundo!&nbsp;\u2013 R.<\/p>\n\n\n\n<p>2. Abri-me v\u00f3s, abri-me as portas da justi\u00e7a;&nbsp;\/&nbsp;quero entrar para dar gra\u00e7as ao Senhor!&nbsp;\/&nbsp;\u201cSim, esta \u00e9 a porta do Senhor,&nbsp;\/&nbsp;por ela s\u00f3 os justos entrar\u00e3o!\u201d&nbsp;\/&nbsp;Dou-vos gra\u00e7as, \u00f3 Senhor, porque me ouvistes&nbsp;\/&nbsp;e vos tornastes para mim o salvador!&nbsp;\u2013 R.<\/p>\n\n\n\n<p>3. \u201c\u00d3 Senhor, dai-nos a vossa salva\u00e7\u00e3o,&nbsp;\/&nbsp;\u00f3 Senhor, dai-nos tamb\u00e9m prosperidade!\u201d&nbsp;\/&nbsp;Bendito seja, em nome do Senhor,&nbsp;\/&nbsp;aquele que em seus \u00e1trios vai entrando!&nbsp;\/&nbsp;Desta casa do Senhor vos bendizemos.&nbsp;\/&nbsp;Que o Senhor e nosso Deus nos ilumine!&nbsp;\u2013 R.<\/p>\n\n\n\n<p>Evangelho:&nbsp;<strong>Mateus 7,21.24-27<\/strong><\/p>\n\n\n\n<p><strong><em>Aleluia<\/em><em>, aleluia, aleluia.<\/em><\/strong><\/p>\n\n\n\n<p><strong>Buscai o Senhor, vosso Deus,&nbsp;\/&nbsp;invocai-o, enquanto est\u00e1 perto! (Is 55,6)&nbsp;\u2013 R.<\/strong><\/p>\n\n\n\n<p>Proclama\u00e7\u00e3o do santo Evangelho segundo Mateus \u2013 Naquele tempo, disse Jesus aos seus disc\u00edpulos:&nbsp;<sup>21<\/sup>\u201cNem todo aquele que me diz: \u2018Senhor, Senhor\u2019, entrar\u00e1 no Reino dos C\u00e9us, mas o que p\u00f5e em pr\u00e1tica a vontade de meu Pai que est\u00e1 nos c\u00e9us.&nbsp;<sup>24<\/sup>Portanto, quem ouve estas minhas palavras e as p\u00f5e em pr\u00e1tica \u00e9 como um homem prudente, que construiu sua casa sobre a rocha.&nbsp;<sup>25<\/sup>Caiu a chuva, vieram as enchentes, os ventos deram contra a casa, mas a casa n\u00e3o caiu, porque estava constru\u00edda sobre a rocha.&nbsp;<sup>26<\/sup>Por outro lado, quem ouve estas minhas palavras e n\u00e3o as p\u00f5e em pr\u00e1tica \u00e9 como um homem sem ju\u00edzo, que construiu sua casa sobre a areia.&nbsp;<sup>27<\/sup>Caiu a chuva, vieram as enchentes, os ventos sopraram e deram contra a casa, e a casa caiu, e sua ru\u00edna foi completa!\u201d \u2013 Palavra da salva\u00e7\u00e3o.<\/p>\n\n\n\n<p>Reflex\u00e3o:<\/p>\n\n\n\n<p><em>N\u00e3o faltam, em nossa sociedade, os eloquentes discursos e as promessas que impressionam. Na comunidade crist\u00e3, \u00e9 poss\u00edvel encontrar algu\u00e9m que, com sua capacidade de orar e comunicar-se, ou pelos conhecimentos sobre B\u00edblia ou religi\u00e3o, arranque l\u00e1grimas do audit\u00f3rio. Por vezes, n\u00e3o passam de palavras vazias, infecundas. Essa \u00e9 a atitude do homem sem ju\u00edzo. O que conta \u00e9 transformar as boas inten\u00e7\u00f5es em atitudes concretas que venham beneficiar a pr\u00f3pria pessoa e a comunidade: amar, servir, partilhar, ser fiel, viver como Jesus viveu. Essa \u00e9 a escolha do homem prudente, que edifica sua casa sobre a rocha, isto \u00e9, vive segundo a vontade de Deus. Nenhuma tempestade ser\u00e1 capaz de derrubar a sua constru\u00e7\u00e3o.<\/em><\/p>\n","protected":false},"excerpt":{"rendered":"<p>No meio da Igreja, o Senhor abriu os seus l\u00e1bios, encheu-o com o esp\u00edrito de sabedoria e intelig\u00eancia e o revestiu com um manto de gl\u00f3ria (Eclo 15,5s). Ambr\u00f3sio nasceu na Alemanha em&#8230;<\/p>\n","protected":false},"author":2,"featured_media":21626,"comment_status":"open","ping_status":"open","sticky":false,"template":"","format":"standard","meta":[],"categories":[7],"tags":[],"_links":{"self":[{"href":"https:\/\/www.salvatorianas.org.br\/blog\/wp-json\/wp\/v2\/posts\/21625"}],"collection":[{"href":"https:\/\/www.salvatorianas.org.br\/blog\/wp-json\/wp\/v2\/posts"}],"about":[{"href":"https:\/\/www.salvatorianas.org.br\/blog\/wp-json\/wp\/v2\/types\/post"}],"author":[{"embeddable":true,"href":"https:\/\/www.salvatorianas.org.br\/blog\/wp-json\/wp\/v2\/users\/2"}],"replies":[{"embeddable":true,"href":"https:\/\/www.salvatorianas.org.br\/blog\/wp-json\/wp\/v2\/comments?post=21625"}],"version-history":[{"count":1,"href":"https:\/\/www.salvatorianas.org.br\/blog\/wp-json\/wp\/v2\/posts\/21625\/revisions"}],"predecessor-version":[{"id":21627,"href":"https:\/\/www.salvatorianas.org.br\/blog\/wp-json\/wp\/v2\/posts\/21625\/revisions\/21627"}],"wp:featuredmedia":[{"embeddable":true,"href":"https:\/\/www.salvatorianas.org.br\/blog\/wp-json\/wp\/v2\/media\/21626"}],"wp:attachment":[{"href":"https:\/\/www.salvatorianas.org.br\/blog\/wp-json\/wp\/v2\/media?parent=21625"}],"wp:term":[{"taxonomy":"category","embeddable":true,"href":"https:\/\/www.salvatorianas.org.br\/blog\/wp-json\/wp\/v2\/categories?post=21625"},{"taxonomy":"post_tag","embeddable":true,"href":"https:\/\/www.salvatorianas.org.br\/blog\/wp-json\/wp\/v2\/tags?post=21625"}],"curies":[{"name":"wp","href":"https:\/\/api.w.org\/{rel}","templated":true}]}}