{"id":21622,"date":"2023-12-06T19:45:36","date_gmt":"2023-12-06T19:45:36","guid":{"rendered":"https:\/\/www.salvatorianas.org.br\/blog\/?p=21622"},"modified":"2023-12-06T19:45:37","modified_gmt":"2023-12-06T19:45:37","slug":"1a-semana-do-advento-3","status":"publish","type":"post","link":"https:\/\/www.salvatorianas.org.br\/blog\/1a-semana-do-advento-3\/","title":{"rendered":"1\u00aa Semana do Advento"},"content":{"rendered":"\n<p>O Senhor vai chegar e n\u00e3o tardar\u00e1: h\u00e1 de iluminar o que as trevas ocultam e se manifestar\u00e1 a todos os povos (Hab 2,3; 1Cor 4,5).<\/p>\n\n\n\n<p><em>Somos convidados a participar do \u201cbanquete de ricas iguarias\u201d \u2013 a salva\u00e7\u00e3o, que o Deus compassivo oferece a todos os povos. Confiantes, manifestemos nossa f\u00e9 e esperan\u00e7a, unindo nossa voz \u00e0 do salmista: \u201cna casa do Senhor habitarei pelos tempos infinitos\u201d.<\/em><\/p>\n\n\n\n<p>Primeira Leitura:&nbsp;<strong>Isa\u00edas 25,6-10<\/strong><\/p>\n\n\n\n<p>Leitura do livro do profeta Isa\u00edas \u2013 Naquele dia,&nbsp;<sup>6<\/sup>o Senhor dos ex\u00e9rcitos dar\u00e1 neste monte, para todos os povos, um banquete de ricas iguarias, regado com vinho puro, servido de pratos deliciosos e dos mais finos vinhos.&nbsp;<sup>7<\/sup>Ele remover\u00e1, neste monte, a ponta da cadeia que ligava todos os povos, a teia em que tinha envolvido todas as na\u00e7\u00f5es.&nbsp;<sup>8<\/sup>O Senhor Deus eliminar\u00e1 para sempre a morte, e enxugar\u00e1 as l\u00e1grimas de todas as faces, e acabar\u00e1 com a desonra do seu povo em toda a terra; o Senhor o disse.&nbsp;<sup>9<\/sup>Naquele dia se dir\u00e1: \u201cEste \u00e9 o nosso Deus, esperamos nele, at\u00e9 que nos salvou; este \u00e9 o Senhor, nele temos confiado: vamos alegrar-nos e exultar por nos ter salvo\u201d.&nbsp;<sup>10<\/sup>E a m\u00e3o do Senhor repousar\u00e1 sobre este monte. \u2013 Palavra do Senhor.<\/p>\n\n\n\n<p>Salmo Responsorial:&nbsp;<strong>22(23)<\/strong><\/p>\n\n\n\n<p><strong>Na casa do Senhor habitarei pelos tempos infinitos.<\/strong><\/p>\n\n\n\n<p>1. O Senhor \u00e9 o pastor que me conduz;&nbsp;\/&nbsp;n\u00e3o me falta coisa alguma.&nbsp;\/&nbsp;Pelos prados e campinas verdejantes&nbsp;\/&nbsp;ele me leva a descansar.&nbsp;\/&nbsp;Para as \u00e1guas repousantes me encaminha&nbsp;\/&nbsp;e restaura as minhas for\u00e7as.&nbsp;\u2013 R.<\/p>\n\n\n\n<p>2. Ele me guia no caminho mais seguro&nbsp;\/&nbsp;pela honra do seu nome.&nbsp;\/&nbsp;Mesmo que eu passe pelo vale tenebroso,&nbsp;\/&nbsp;nenhum mal eu temerei.&nbsp;\/&nbsp;Estais comigo com bast\u00e3o e com cajado,&nbsp;\/&nbsp;eles me d\u00e3o a seguran\u00e7a!&nbsp;\u2013 R.<\/p>\n\n\n\n<p>3. Preparais \u00e0 minha frente uma mesa,&nbsp;\/&nbsp;bem \u00e0 vista do inimigo;&nbsp;\/&nbsp;com \u00f3leo v\u00f3s ungis minha cabe\u00e7a,&nbsp;\/&nbsp;e o meu c\u00e1lice transborda.&nbsp;\u2013 R.<\/p>\n\n\n\n<p>4. Felicidade e todo bem h\u00e3o de seguir-me&nbsp;\/&nbsp;por toda a minha vida;&nbsp;\/&nbsp;e na casa do Senhor habitarei&nbsp;\/&nbsp;pelos tempos infinitos.&nbsp;\u2013 R.<\/p>\n\n\n\n<p>Evangelho:&nbsp;<strong>Mateus 15,29-37<\/strong><\/p>\n\n\n\n<p><strong><em>Aleluia<\/em><em>, aleluia, aleluia.<\/em><\/strong><\/p>\n\n\n\n<p><strong>Eis que o Senhor h\u00e1 de vir&nbsp;\/&nbsp;a fim de salvar o seu povo;&nbsp;\/&nbsp;felizes s\u00e3o todos aqueles&nbsp;\/&nbsp;que est\u00e3o prontos para ir-lhe ao encontro.&nbsp;\u2013 R.<\/strong><\/p>\n\n\n\n<p>Proclama\u00e7\u00e3o do santo Evangelho segundo Mateus \u2013 Naquele tempo,&nbsp;<sup>29<\/sup>Jesus foi para as margens do mar da Galileia, subiu a montanha e sentou-se.&nbsp;<sup>30<\/sup>Numerosas multid\u00f5es aproximaram-se dele, levando consigo coxos, aleijados, cegos, mudos e muitos outros doentes. Ent\u00e3o os colocaram aos p\u00e9s de Jesus. E ele os curou.&nbsp;<sup>31<\/sup>O povo ficou admirado quando viu os mudos falando, os aleijados sendo curados, os coxos andando e os cegos enxergando. E glorificaram o Deus de Israel.&nbsp;<sup>32<\/sup>Jesus chamou seus disc\u00edpulos e disse: \u201cTenho compaix\u00e3o da multid\u00e3o, porque j\u00e1 faz tr\u00eas dias que est\u00e1 comigo, e nada tem para comer. N\u00e3o quero mand\u00e1-los embora com fome, para que n\u00e3o desmaiem pelo caminho\u201d.&nbsp;<sup>33<\/sup>Os disc\u00edpulos disseram: \u201cOnde vamos buscar, neste deserto, tantos p\u00e3es para saciar t\u00e3o grande multid\u00e3o?\u201d&nbsp;<sup>34<\/sup>Jesus perguntou: \u201cQuantos p\u00e3es tendes?\u201d Eles responderam: \u201cSete e alguns peixinhos\u201d.&nbsp;<sup>35<\/sup>E Jesus mandou que a multid\u00e3o se sentasse pelo ch\u00e3o.&nbsp;<sup>36<\/sup>Depois pegou os sete p\u00e3es e os peixes, deu gra\u00e7as, partiu-os e os dava aos disc\u00edpulos, e os disc\u00edpulos, \u00e0s multid\u00f5es.&nbsp;<sup>37<\/sup>Todos comeram e ficaram satisfeitos; e encheram sete cestos com os peda\u00e7os que sobraram. \u2013 Palavra da salva\u00e7\u00e3o.<\/p>\n\n\n\n<p>Reflex\u00e3o:<\/p>\n\n\n\n<p><em>Jesus cura toda esp\u00e9cie de doen\u00e7as e d\u00e1 de comer \u00e0 multid\u00e3o faminta. Os crist\u00e3os logo entenderam que os gestos de Jesus n\u00e3o consistiam apenas em distribuir p\u00e3es e curar enfermidades, mas eram a mensagem de uma cura mais profunda e de um alimento mais duradouro. Jesus oferece uma salva\u00e7\u00e3o integral. Nossa fome ser\u00e1 saciada com a f\u00e9 em sua Palavra e com a participa\u00e7\u00e3o no banquete eucar\u00edstico. N\u00e3o \u00e9 por um ato m\u00e1gico que Jesus alimenta o povo; ele se serve dos p\u00e3es e peixes que as pessoas entregam. Deus atende as necessidades das pessoas, mas normalmente conta com a colabora\u00e7\u00e3o delas. Essa pr\u00e1tica nos motiva a sermos instrumentos eficazes da miseric\u00f3rdia divina.<\/em><\/p>\n","protected":false},"excerpt":{"rendered":"<p>O Senhor vai chegar e n\u00e3o tardar\u00e1: h\u00e1 de iluminar o que as trevas ocultam e se manifestar\u00e1 a todos os povos (Hab 2,3; 1Cor 4,5). Somos convidados a participar do \u201cbanquete de&#8230;<\/p>\n","protected":false},"author":2,"featured_media":21623,"comment_status":"open","ping_status":"open","sticky":false,"template":"","format":"standard","meta":[],"categories":[7],"tags":[],"_links":{"self":[{"href":"https:\/\/www.salvatorianas.org.br\/blog\/wp-json\/wp\/v2\/posts\/21622"}],"collection":[{"href":"https:\/\/www.salvatorianas.org.br\/blog\/wp-json\/wp\/v2\/posts"}],"about":[{"href":"https:\/\/www.salvatorianas.org.br\/blog\/wp-json\/wp\/v2\/types\/post"}],"author":[{"embeddable":true,"href":"https:\/\/www.salvatorianas.org.br\/blog\/wp-json\/wp\/v2\/users\/2"}],"replies":[{"embeddable":true,"href":"https:\/\/www.salvatorianas.org.br\/blog\/wp-json\/wp\/v2\/comments?post=21622"}],"version-history":[{"count":1,"href":"https:\/\/www.salvatorianas.org.br\/blog\/wp-json\/wp\/v2\/posts\/21622\/revisions"}],"predecessor-version":[{"id":21624,"href":"https:\/\/www.salvatorianas.org.br\/blog\/wp-json\/wp\/v2\/posts\/21622\/revisions\/21624"}],"wp:featuredmedia":[{"embeddable":true,"href":"https:\/\/www.salvatorianas.org.br\/blog\/wp-json\/wp\/v2\/media\/21623"}],"wp:attachment":[{"href":"https:\/\/www.salvatorianas.org.br\/blog\/wp-json\/wp\/v2\/media?parent=21622"}],"wp:term":[{"taxonomy":"category","embeddable":true,"href":"https:\/\/www.salvatorianas.org.br\/blog\/wp-json\/wp\/v2\/categories?post=21622"},{"taxonomy":"post_tag","embeddable":true,"href":"https:\/\/www.salvatorianas.org.br\/blog\/wp-json\/wp\/v2\/tags?post=21622"}],"curies":[{"name":"wp","href":"https:\/\/api.w.org\/{rel}","templated":true}]}}