{"id":21610,"date":"2023-12-05T01:56:00","date_gmt":"2023-12-05T01:56:00","guid":{"rendered":"https:\/\/www.salvatorianas.org.br\/blog\/?p=21610"},"modified":"2023-12-04T16:57:16","modified_gmt":"2023-12-04T16:57:16","slug":"1a-semana-do-advento-2","status":"publish","type":"post","link":"https:\/\/www.salvatorianas.org.br\/blog\/1a-semana-do-advento-2\/","title":{"rendered":"1\u00aa Semana do Advento"},"content":{"rendered":"\n<p>Eis que o Senhor vir\u00e1 e com ele todos os seus santos, e naquele dia brilhar\u00e1 uma grande luz (Zc 14,5.7).<\/p>\n\n\n\n<p><em>A promessa da vinda do Salvador acarreta a esperan\u00e7a de grandes transforma\u00e7\u00f5es no mundo inteiro: \u201cTodos os povos ser\u00e3o nele aben\u00e7oados\u201d. Cheios de gratid\u00e3o, acolhamos o Senhor Jesus, a quem nos unimos para elevar nosso louvor ao Pai.<\/em><\/p>\n\n\n\n<p>Primeira Leitura:&nbsp;<strong>Isa\u00edas 11,1-10<\/strong><\/p>\n\n\n\n<p>Leitura do livro do profeta Isa\u00edas \u2013 Naquele dia,&nbsp;<sup>1<\/sup>nascer\u00e1 uma haste do tronco de Jess\u00e9 e, a partir da raiz, surgir\u00e1 o rebento de uma flor.&nbsp;<sup>2<\/sup>Sobre ele repousar\u00e1 o Esp\u00edrito do Senhor: esp\u00edrito de sabedoria e discernimento, esp\u00edrito de conselho e fortaleza, esp\u00edrito de ci\u00eancia e temor de Deus;&nbsp;<sup>3<\/sup>no temor do Senhor encontra ele seu prazer. Ele n\u00e3o julgar\u00e1 pelas apar\u00eancias que v\u00ea nem decidir\u00e1 somente por ouvir dizer,&nbsp;<sup>4<\/sup>mas trar\u00e1 justi\u00e7a para os humildes e uma ordem justa para os homens pac\u00edficos; fustigar\u00e1 a terra com a for\u00e7a da sua palavra e destruir\u00e1 o mau com o sopro dos l\u00e1bios.&nbsp;<sup>5<\/sup>Cingir\u00e1 a cintura com a correia da justi\u00e7a e as costas com a faixa da fidelidade.&nbsp;<sup>6<\/sup>O lobo e o cordeiro viver\u00e3o juntos, e o leopardo deitar-se-\u00e1 ao lado do cabrito; o bezerro e o le\u00e3o comer\u00e3o juntos, e at\u00e9 mesmo uma crian\u00e7a poder\u00e1 tang\u00ea-los.&nbsp;<sup>7<\/sup>A vaca e o urso pastar\u00e3o lado a lado, enquanto suas crias descansam juntas; o le\u00e3o comer\u00e1 palha como o boi;&nbsp;<sup>8<\/sup>a crian\u00e7a de peito vai brincar em cima do buraco da cobra venenosa; e o menino desmamado n\u00e3o temer\u00e1 p\u00f4r a m\u00e3o na toca da serpente.&nbsp;<sup>9<\/sup>N\u00e3o haver\u00e1 danos nem mortes por todo o meu santo monte: a terra estar\u00e1 t\u00e3o repleta do saber do Senhor quanto as \u00e1guas que cobrem o mar.&nbsp;<sup>10<\/sup>Naquele dia, a raiz de Jess\u00e9 se erguer\u00e1 como um sinal entre os povos; h\u00e3o de busc\u00e1-la as na\u00e7\u00f5es, e gloriosa ser\u00e1 a sua morada. \u2013 Palavra do Senhor.<\/p>\n\n\n\n<p>Salmo Responsorial:&nbsp;<strong>71(72)<\/strong><\/p>\n\n\n\n<p><strong>Nos seus dias, a justi\u00e7a florir\u00e1&nbsp;\/&nbsp;e paz em abund\u00e2ncia, para sempre.<\/strong><\/p>\n\n\n\n<p>1. Dai ao rei vossos poderes, Senhor Deus,&nbsp;\/&nbsp;vossa justi\u00e7a ao descendente da realeza!&nbsp;\/&nbsp;Com justi\u00e7a ele governe o vosso povo,&nbsp;\/&nbsp;com equidade ele julgue os vossos pobres.&nbsp;\u2013 R.<\/p>\n\n\n\n<p>2. Nos seus dias, a justi\u00e7a florir\u00e1&nbsp;\/&nbsp;e grande paz, at\u00e9 que a lua perca o brilho!&nbsp;\/&nbsp;De mar a mar estender\u00e1 o seu dom\u00ednio,&nbsp;\/&nbsp;e desde o rio at\u00e9 os confins de toda a terra!&nbsp;\u2013 R.<\/p>\n\n\n\n<p>3. Libertar\u00e1 o indigente que suplica&nbsp;\/&nbsp;e o pobre ao qual ningu\u00e9m quer ajudar.&nbsp;\/&nbsp;Ter\u00e1 pena do indigente e do infeliz,&nbsp;\/&nbsp;e a vida dos humildes salvar\u00e1.&nbsp;\u2013 R.<\/p>\n\n\n\n<p>4. Seja bendito o seu nome para sempre!&nbsp;\/&nbsp;E que dure como o sol sua mem\u00f3ria!&nbsp;\/&nbsp;Todos os povos ser\u00e3o nele aben\u00e7oados,&nbsp;\/&nbsp;todas as gentes cantar\u00e3o o seu louvor!&nbsp;\u2013 R.<\/p>\n\n\n\n<p>Evangelho:&nbsp;<strong>Lucas 10,21-24<\/strong><\/p>\n\n\n\n<p><strong><em>Aleluia<\/em><em>, aleluia, aleluia.<\/em><\/strong><\/p>\n\n\n\n<p><strong>Eis que vir\u00e1 o nosso Deus com poder e majestade.&nbsp;\/&nbsp;E ele h\u00e1 de iluminar os olhos dos seus servos.&nbsp;\u2013 R.<\/strong><\/p>\n\n\n\n<p>Proclama\u00e7\u00e3o do santo Evangelho segundo Lucas \u2013&nbsp;<sup>21<\/sup>Naquele momento, Jesus exultou no Esp\u00edrito Santo e disse: \u201cEu te louvo, Pai, Senhor do c\u00e9u e da terra, porque escondeste essas coisas aos s\u00e1bios e inteligentes e as revelaste aos pequeninos. Sim, Pai, porque assim foi do teu agrado.&nbsp;<sup>22<\/sup>Tudo me foi entregue pelo meu Pai. Ningu\u00e9m conhece quem \u00e9 o Filho, a n\u00e3o ser o Pai; e ningu\u00e9m conhece quem \u00e9 o Pai, a n\u00e3o ser o Filho e aquele a quem o Filho o quiser revelar\u201d.&nbsp;<sup>23<\/sup>Jesus voltou-se para os disc\u00edpulos e disse-lhes em particular: \u201cFelizes os olhos que veem o que v\u00f3s vedes!&nbsp;<sup>24<\/sup>Pois eu vos digo que muitos profetas e reis quiseram ver o que estais vendo e n\u00e3o puderam ver; quiseram ouvir o que estais ouvindo e n\u00e3o puderam ouvir\u201d. \u2013 Palavra da salva\u00e7\u00e3o.<\/p>\n\n\n\n<p>Reflex\u00e3o:<\/p>\n\n\n\n<p><em>Ao receber de volta os setenta e dois disc\u00edpulos, ap\u00f3s uma miss\u00e3o fecunda e benfazeja, Jesus vibra de alegria. Uma alegria que procede do Esp\u00edrito Santo. Jesus sabe que pode contar com os pequenos, isto \u00e9, os pobres, os simples, enfim, aqueles que se abrem ao projeto de Deus. Fazem parte desse grupo primeiramente os disc\u00edpulos, mas tamb\u00e9m todos os que, de cora\u00e7\u00e3o aberto, os acolheram em suas casas. Todo o Evangelho de Lucas acentua a predile\u00e7\u00e3o de Jesus pelos pequeninos. Os \u201centendidos\u201d, por sua vez, julgam-se autossuficientes, acham que n\u00e3o precisam de Deus. E vivem frustrados. Atitude s\u00e1bia \u00e9 manter-se aberto para acolher a salva\u00e7\u00e3o que vem de Deus, e fugir da tenta\u00e7\u00e3o da autossufici\u00eancia.<\/em>(Dia a Dia com o Evangelho 2023)<\/p>\n","protected":false},"excerpt":{"rendered":"<p>Eis que o Senhor vir\u00e1 e com ele todos os seus santos, e naquele dia brilhar\u00e1 uma grande luz (Zc 14,5.7). A promessa da vinda do Salvador acarreta a esperan\u00e7a de grandes transforma\u00e7\u00f5es&#8230;<\/p>\n","protected":false},"author":2,"featured_media":21611,"comment_status":"open","ping_status":"open","sticky":false,"template":"","format":"standard","meta":[],"categories":[7],"tags":[],"_links":{"self":[{"href":"https:\/\/www.salvatorianas.org.br\/blog\/wp-json\/wp\/v2\/posts\/21610"}],"collection":[{"href":"https:\/\/www.salvatorianas.org.br\/blog\/wp-json\/wp\/v2\/posts"}],"about":[{"href":"https:\/\/www.salvatorianas.org.br\/blog\/wp-json\/wp\/v2\/types\/post"}],"author":[{"embeddable":true,"href":"https:\/\/www.salvatorianas.org.br\/blog\/wp-json\/wp\/v2\/users\/2"}],"replies":[{"embeddable":true,"href":"https:\/\/www.salvatorianas.org.br\/blog\/wp-json\/wp\/v2\/comments?post=21610"}],"version-history":[{"count":1,"href":"https:\/\/www.salvatorianas.org.br\/blog\/wp-json\/wp\/v2\/posts\/21610\/revisions"}],"predecessor-version":[{"id":21612,"href":"https:\/\/www.salvatorianas.org.br\/blog\/wp-json\/wp\/v2\/posts\/21610\/revisions\/21612"}],"wp:featuredmedia":[{"embeddable":true,"href":"https:\/\/www.salvatorianas.org.br\/blog\/wp-json\/wp\/v2\/media\/21611"}],"wp:attachment":[{"href":"https:\/\/www.salvatorianas.org.br\/blog\/wp-json\/wp\/v2\/media?parent=21610"}],"wp:term":[{"taxonomy":"category","embeddable":true,"href":"https:\/\/www.salvatorianas.org.br\/blog\/wp-json\/wp\/v2\/categories?post=21610"},{"taxonomy":"post_tag","embeddable":true,"href":"https:\/\/www.salvatorianas.org.br\/blog\/wp-json\/wp\/v2\/tags?post=21610"}],"curies":[{"name":"wp","href":"https:\/\/api.w.org\/{rel}","templated":true}]}}