{"id":21605,"date":"2023-12-04T11:41:38","date_gmt":"2023-12-04T11:41:38","guid":{"rendered":"https:\/\/www.salvatorianas.org.br\/blog\/?p=21605"},"modified":"2023-12-04T11:41:38","modified_gmt":"2023-12-04T11:41:38","slug":"celebracao-interprovincial-de-acao-de-gracas-pelo-ano-vocacional","status":"publish","type":"post","link":"https:\/\/www.salvatorianas.org.br\/blog\/celebracao-interprovincial-de-acao-de-gracas-pelo-ano-vocacional\/","title":{"rendered":"Celebra\u00e7\u00e3o interprovincial de A\u00e7\u00e3o de Gra\u00e7as pelo Ano Vocacional"},"content":{"rendered":"\n<p><strong> <\/strong><\/p>\n\n\n\n<p>No dia <strong>02 de dezembro de 2023,<\/strong> aconteceu a celebra\u00e7\u00e3o de a\u00e7\u00e3o de Gra\u00e7as pelo ano vocacional do Brasil. Motivadas pela equipe Interprovincial Salvatoriana de Anima\u00e7\u00e3o Vocacional e aquecidas pelo tema Voca\u00e7\u00e3o: Gra\u00e7a e Miss\u00e3o, e o lema: \u201cCora\u00e7\u00f5es ardentes, p\u00e9s a caminho\u201d que perpassou nossa vida e miss\u00e3o nas diversas atividade e apostolados que nos colocam a caminho, n\u00f3s, irm\u00e3s e formandas das Prov\u00edncias de Santa Catarina e S\u00e3o Paulo, nos reunimos virtualmente e, em comunidades, para juntas celebrar as maravilhas que Deus Salvador realizou em n\u00f3s e na miss\u00e3o.<\/p>\n\n\n\n<p>Para n\u00f3s, mulheres Salvatorianas, o ano vocacional renovou o nosso ardor, nos impulsionou a continuar vivendo com intensidade a nossa voca\u00e7\u00e3o. Fomos iluminadas pelas mulheres b\u00edblicas, as ap\u00f3stolas da madrugada que v\u00e3o buscar Jesus no sepulcro e o encontram ressuscitado no cotidiano da vida; na mem\u00f3ria agradecida pela voca\u00e7\u00e3o das Irm\u00e3s que o Senhor chamou para estar com ele eternamente durante o ano Vocacional; no testemunho agradecido de pessoas dos lugares onde passamos e realizamos a miss\u00e3o; na partilha e participa\u00e7\u00e3o de todas na constru\u00e7\u00e3o da celebra\u00e7\u00e3o. Tudo isso nos fez arder o cora\u00e7\u00e3o, sentir gratid\u00e3o, alegria, inspira\u00e7\u00e3o e for\u00e7a para continuarmos como mulheres Salvatorianas, ousadas, amadas, vigilantes, em sa\u00edda, sinodais e mission\u00e1rias comprometidas com a vida, a integridade da cria\u00e7\u00e3o, a cultura vocacional e a paz. \u00a0<\/p>\n\n\n\n<p><\/p>\n\n\n\n<figure class=\"wp-block-image size-large\"><img decoding=\"async\" loading=\"lazy\" width=\"1024\" height=\"384\" src=\"https:\/\/www.salvatorianas.org.br\/blog\/wp-content\/uploads\/2023\/12\/Imagem3-1024x384.jpg\" alt=\"\" class=\"wp-image-21607\" srcset=\"https:\/\/www.salvatorianas.org.br\/blog\/wp-content\/uploads\/2023\/12\/Imagem3-1024x384.jpg 1024w, https:\/\/www.salvatorianas.org.br\/blog\/wp-content\/uploads\/2023\/12\/Imagem3-300x112.jpg 300w, https:\/\/www.salvatorianas.org.br\/blog\/wp-content\/uploads\/2023\/12\/Imagem3-768x288.jpg 768w, https:\/\/www.salvatorianas.org.br\/blog\/wp-content\/uploads\/2023\/12\/Imagem3.jpg 1102w\" sizes=\"(max-width: 1024px) 100vw, 1024px\" \/><\/figure>\n\n\n\n<figure class=\"wp-block-image size-full\"><img decoding=\"async\" loading=\"lazy\" width=\"455\" height=\"419\" src=\"https:\/\/www.salvatorianas.org.br\/blog\/wp-content\/uploads\/2023\/12\/00.jpg\" alt=\"\" class=\"wp-image-21608\" srcset=\"https:\/\/www.salvatorianas.org.br\/blog\/wp-content\/uploads\/2023\/12\/00.jpg 455w, https:\/\/www.salvatorianas.org.br\/blog\/wp-content\/uploads\/2023\/12\/00-300x276.jpg 300w\" sizes=\"(max-width: 455px) 100vw, 455px\" \/><\/figure>\n","protected":false},"excerpt":{"rendered":"<p>No dia 02 de dezembro de 2023, aconteceu a celebra\u00e7\u00e3o de a\u00e7\u00e3o de Gra\u00e7as pelo ano vocacional do Brasil. Motivadas pela equipe Interprovincial Salvatoriana de Anima\u00e7\u00e3o Vocacional e aquecidas pelo tema Voca\u00e7\u00e3o: Gra\u00e7a&#8230;<\/p>\n","protected":false},"author":2,"featured_media":21606,"comment_status":"open","ping_status":"open","sticky":false,"template":"","format":"standard","meta":[],"categories":[1],"tags":[],"_links":{"self":[{"href":"https:\/\/www.salvatorianas.org.br\/blog\/wp-json\/wp\/v2\/posts\/21605"}],"collection":[{"href":"https:\/\/www.salvatorianas.org.br\/blog\/wp-json\/wp\/v2\/posts"}],"about":[{"href":"https:\/\/www.salvatorianas.org.br\/blog\/wp-json\/wp\/v2\/types\/post"}],"author":[{"embeddable":true,"href":"https:\/\/www.salvatorianas.org.br\/blog\/wp-json\/wp\/v2\/users\/2"}],"replies":[{"embeddable":true,"href":"https:\/\/www.salvatorianas.org.br\/blog\/wp-json\/wp\/v2\/comments?post=21605"}],"version-history":[{"count":1,"href":"https:\/\/www.salvatorianas.org.br\/blog\/wp-json\/wp\/v2\/posts\/21605\/revisions"}],"predecessor-version":[{"id":21609,"href":"https:\/\/www.salvatorianas.org.br\/blog\/wp-json\/wp\/v2\/posts\/21605\/revisions\/21609"}],"wp:featuredmedia":[{"embeddable":true,"href":"https:\/\/www.salvatorianas.org.br\/blog\/wp-json\/wp\/v2\/media\/21606"}],"wp:attachment":[{"href":"https:\/\/www.salvatorianas.org.br\/blog\/wp-json\/wp\/v2\/media?parent=21605"}],"wp:term":[{"taxonomy":"category","embeddable":true,"href":"https:\/\/www.salvatorianas.org.br\/blog\/wp-json\/wp\/v2\/categories?post=21605"},{"taxonomy":"post_tag","embeddable":true,"href":"https:\/\/www.salvatorianas.org.br\/blog\/wp-json\/wp\/v2\/tags?post=21605"}],"curies":[{"name":"wp","href":"https:\/\/api.w.org\/{rel}","templated":true}]}}