{"id":21588,"date":"2023-11-30T22:40:21","date_gmt":"2023-11-30T22:40:21","guid":{"rendered":"https:\/\/www.salvatorianas.org.br\/blog\/?p=21588"},"modified":"2023-11-30T22:40:22","modified_gmt":"2023-11-30T22:40:22","slug":"hoje-e-dia-de-tbt","status":"publish","type":"post","link":"https:\/\/www.salvatorianas.org.br\/blog\/hoje-e-dia-de-tbt\/","title":{"rendered":"HOJE \u00c9 DIA DE #TBT"},"content":{"rendered":"\n<p>Partilhamos alguns depoimentos das Salvatorianas que participaram no 5 Congresso Mission\u00e1rio Nacional. &#8220;Ide! Da Igreja local aos confins do Mundo&#8221;.<\/p>\n\n\n\n<p><\/p>\n\n\n\n<p><\/p>\n\n\n\n<p>Nos dias 10 a 15 de novembro aconteceu na cidade de Manaus (AM), o 5 Congresso Mission\u00e1rio Nacional com o objetivo de impulsionar a miss\u00e3o ad gentes das Igrejas particulares, at\u00e9 os confins do mundo, em uma caminhada sinodal e na escuta do Esp\u00edrito Santo, avan\u00e7ando no processo de uma verdadeira convers\u00e3o mission\u00e1ria de nossas comunidades eclesiais, em vista da miss\u00e3o da Igreja que \u00e9 evangelizar. Colocar-se a caminho como mission\u00e1rias, mission\u00e1rios \u00e9 o grande convite do Evangelho. E pelo Batismo, somos inseridas na din\u00e2mica do amor trinit\u00e1rio atrav\u00e9s do encontro com Jesus ressuscitado que sempre toma a iniciativa de nos encontrar e dar um novo horizonte (cfe DAp). Este convite nos faz perguntar como \u00e9 meu encontro com Jesus e como manifesto esta grande Boa Nova?<\/p>\n\n\n\n<p>A miss\u00e3o nos provoca a convers\u00e3o para olhar a realidade local de cada comunidade crist\u00e3 e da Igreja num todo. Olhar, escuta, perceber onde o clamor do Povo se faz mais gritante, nas periferias, na invisibilidade, no clamor pela vida. A comunidade eclesial deve acolher a miss\u00e3o e deixar-se dinamizar permanentemente pela miss\u00e3o. \u00c9 um movimento bonito: ser miss\u00e3o, viver a miss\u00e3o, desenvolver a miss\u00e3o. Expressando o que significou participar do 5 Congresso Mission\u00e1rio, acompanhemos os testemunhos das <em>Irm\u00e3s: Wanderleia, Kalene, Sandra, Dilva e \u00a0vocacionada Andreza.<\/em><\/p>\n\n\n\n<p><em>** <\/em>O Congresso mission\u00e1rio nacional foi um sopro de Deus gerando vida que impulsionou para uma convers\u00e3o pastoral em chave MISSIONARIA, dando prioridade aos pobres Foi poss\u00edvel reconhecer o rosto da igreja, em solo amaz\u00f4nico, e toda a for\u00e7a que vem dessa ess\u00eancia mission\u00e1ria, bem como escutar seus desafios e apelos. Marcante foi a caminhada dos m\u00e1rtires, testemunho prof\u00e9tico de mulheres e homens que foram fi\u00e9is ao evangelho e deram a vida neste ch\u00e3o para gerar mais vida.\u00a0 Confiemos ao Esp\u00edrito Santo que nos ilumina e orienta para irmos da igreja local aos confins do mundo com o cora\u00e7\u00e3o ardente e os p\u00e9s a caminho. (Wanderleia Dalla Costa)<\/p>\n\n\n\n<p><\/p>\n\n\n\n<figure class=\"wp-block-image size-large\"><img decoding=\"async\" loading=\"lazy\" width=\"1024\" height=\"449\" src=\"https:\/\/www.salvatorianas.org.br\/blog\/wp-content\/uploads\/2023\/11\/b-1024x449.jpeg\" alt=\"\" class=\"wp-image-21602\" srcset=\"https:\/\/www.salvatorianas.org.br\/blog\/wp-content\/uploads\/2023\/11\/b-1024x449.jpeg 1024w, https:\/\/www.salvatorianas.org.br\/blog\/wp-content\/uploads\/2023\/11\/b-300x132.jpeg 300w, https:\/\/www.salvatorianas.org.br\/blog\/wp-content\/uploads\/2023\/11\/b-768x337.jpeg 768w, https:\/\/www.salvatorianas.org.br\/blog\/wp-content\/uploads\/2023\/11\/b-1536x674.jpeg 1536w, https:\/\/www.salvatorianas.org.br\/blog\/wp-content\/uploads\/2023\/11\/b.jpeg 1600w\" sizes=\"(max-width: 1024px) 100vw, 1024px\" \/><\/figure>\n\n\n\n<p><\/p>\n\n\n\n<p>** Como dizia Dom Helder &#8220;miss\u00e3o \u00e9 partir, caminhar, deixar tudo, sair de si, &#8220;tivemos que sair da nossa pr\u00f3pria realidade, deixar nossa sacola cheia de n\u00f3s mesmos e ir ao encontro da realidade do outro. Participar do congresso mission\u00e1rio foi um despertar e tamb\u00e9m um mergulhar ainda mais profundo na ess\u00eancia de ser mission\u00e1rio. \u00a0Para levar Jesus para o outro \u00e9 necess\u00e1rio que n\u00f3s possamos ser \u00edntimos dele, n\u00e3o podemos levar \u00e1gua para saciar a sede de algu\u00e9m se o nosso copo est\u00e1 vazio. Ter a experi\u00eancia com o ressuscitado, nos implica imitarmos tamb\u00e9m em suas a\u00e7\u00f5es, que nos impulsiona a caminhar e ir ao encontro. Precisamos est\u00e1 com o cora\u00e7\u00e3o afetado &#8221; envolvido pela compaix\u00e3o, pelo amor e pela vida&#8221; para alcan\u00e7amos outros cora\u00e7\u00f5es.\u00a0 O que compromete a a\u00e7\u00e3o mission\u00e1ria e nos impede de chagamos at\u00e9 os confins? cada dia a igreja perde sua identidade mission\u00e1ria, tornando uma igreja estagnada, repleta de pessoas individualistas, assim como Pedro pensava que o an\u00fancio era s\u00f3 para o povo judeus, hoje nos deparamos com o an\u00fancio s\u00f3 para aqueles que j\u00e1 est\u00e3o na igreja.&#8221; N\u00e3o somos um povo privilegiado, Deus \u00e9 para todos&#8221; O sacrif\u00edcio de Jesus Cristo foi para redimir a todos, que possamos escutar o seu chamado &#8220;Ide por todo o mundo, pregai o evangelho a toda criatura.&#8221;\u00a0Marcos 16:15. (Vocacionada Andreza)<\/p>\n\n\n\n<p><\/p>\n\n\n\n<figure class=\"wp-block-image size-large\"><img decoding=\"async\" loading=\"lazy\" width=\"1024\" height=\"449\" src=\"https:\/\/www.salvatorianas.org.br\/blog\/wp-content\/uploads\/2023\/11\/2-1-1024x449.jpeg\" alt=\"\" class=\"wp-image-21598\" srcset=\"https:\/\/www.salvatorianas.org.br\/blog\/wp-content\/uploads\/2023\/11\/2-1-1024x449.jpeg 1024w, https:\/\/www.salvatorianas.org.br\/blog\/wp-content\/uploads\/2023\/11\/2-1-300x132.jpeg 300w, https:\/\/www.salvatorianas.org.br\/blog\/wp-content\/uploads\/2023\/11\/2-1-768x337.jpeg 768w, https:\/\/www.salvatorianas.org.br\/blog\/wp-content\/uploads\/2023\/11\/2-1-1536x674.jpeg 1536w, https:\/\/www.salvatorianas.org.br\/blog\/wp-content\/uploads\/2023\/11\/2-1.jpeg 1600w\" sizes=\"(max-width: 1024px) 100vw, 1024px\" \/><\/figure>\n\n\n\n<p>\u00a0<\/p>\n\n\n\n<p>** Tu que sopra onde queres, vento de Deus gerando vida. \u00a0Participar do congresso mission\u00e1rio para mim foi uma gra\u00e7a desde do sair de casa at\u00e9 Manaus. Foram dias de muita profecia, interpela\u00e7\u00e3o, partilhas mission\u00e1rias e viv\u00eancia com as fam\u00edlias e comunidades.\u00a0 E diante de todos os momentos fortes vivenciados no congresso Mission\u00e1rio Nacional quero ressaltar: A igreja local s\u00f3 \u00e9 igreja quando se faz comunh\u00e3o com as demais comunidades. Uma igreja fechada em si mesma sem abertura mission\u00e1ria, \u00e9 uma igreja incompleta, ou seja, uma igreja enferma. \u00a0A miss\u00e3o n\u00e3o deve se limitar no fazer, mas a miss\u00e3o \u00e9 ser! Nas oficinas destaco: ser mission\u00e1ria \u00e9 despertar os cincos sentidos: Vis\u00e3o, audi\u00e7\u00e3o, tato, paladar, olfato para bem melhor estar com o povo e servir o mesmo. E o questionamento que ficou para mim foi: Quais s\u00e3o as margens, os confins, as fronteiras que est\u00e3o ao meu redor e que ainda n\u00e3o cheguei l\u00e1? (Kalene Leite Alves)<\/p>\n\n\n\n<p><\/p>\n\n\n\n<figure class=\"wp-block-image size-large\"><img decoding=\"async\" loading=\"lazy\" width=\"1024\" height=\"766\" src=\"https:\/\/www.salvatorianas.org.br\/blog\/wp-content\/uploads\/2023\/11\/6-1-1024x766.jpeg\" alt=\"\" class=\"wp-image-21599\" srcset=\"https:\/\/www.salvatorianas.org.br\/blog\/wp-content\/uploads\/2023\/11\/6-1-1024x766.jpeg 1024w, https:\/\/www.salvatorianas.org.br\/blog\/wp-content\/uploads\/2023\/11\/6-1-300x224.jpeg 300w, https:\/\/www.salvatorianas.org.br\/blog\/wp-content\/uploads\/2023\/11\/6-1-768x575.jpeg 768w, https:\/\/www.salvatorianas.org.br\/blog\/wp-content\/uploads\/2023\/11\/6-1-1536x1149.jpeg 1536w, https:\/\/www.salvatorianas.org.br\/blog\/wp-content\/uploads\/2023\/11\/6-1.jpeg 1600w\" sizes=\"(max-width: 1024px) 100vw, 1024px\" \/><\/figure>\n\n\n\n<p><\/p>\n\n\n\n<p>** Estar participando do Congresso Mission\u00e1rio que aconteceu para al\u00e9m da programa\u00e7\u00e3o do evento, foi um banho de missionariedade e apelo de convers\u00e3o. \u00c9 preciso decolonizar os processos de evangeliza\u00e7\u00e3o. Os confins, as margens, as fronteiras, as periferias&#8230;est\u00e3o em todos os lugares. A perspectiva mission\u00e1ria \u00e9 o encontro com os pobres. De tudo que vi, ouvi, percebi, senti, contemplei&#8230; destaco a vida mission\u00e1ria e sinodal da igreja amaz\u00f4nica: o protagonismo laical, o testemunho de simplicidade e comprometimento dos bispos, a vida religiosa consagrada, pobre com os pobres. Fiquei com a pergunta: onde o Evangelho ainda n\u00e3o chegou em mim? (Sandra Regina Alves de Souza)<\/p>\n\n\n\n<p><\/p>\n\n\n\n<figure class=\"wp-block-image size-large\"><img decoding=\"async\" loading=\"lazy\" width=\"1024\" height=\"449\" src=\"https:\/\/www.salvatorianas.org.br\/blog\/wp-content\/uploads\/2023\/11\/c-1-1024x449.jpeg\" alt=\"\" class=\"wp-image-21600\" srcset=\"https:\/\/www.salvatorianas.org.br\/blog\/wp-content\/uploads\/2023\/11\/c-1-1024x449.jpeg 1024w, https:\/\/www.salvatorianas.org.br\/blog\/wp-content\/uploads\/2023\/11\/c-1-300x132.jpeg 300w, https:\/\/www.salvatorianas.org.br\/blog\/wp-content\/uploads\/2023\/11\/c-1-768x337.jpeg 768w, https:\/\/www.salvatorianas.org.br\/blog\/wp-content\/uploads\/2023\/11\/c-1-1536x674.jpeg 1536w, https:\/\/www.salvatorianas.org.br\/blog\/wp-content\/uploads\/2023\/11\/c-1.jpeg 1600w\" sizes=\"(max-width: 1024px) 100vw, 1024px\" \/><\/figure>\n\n\n\n<p><\/p>\n\n\n\n<p>** A oportunidade de participar do Congresso mission\u00e1rio, foi um sentir a a\u00e7\u00e3o do Esp\u00edrito de Deus agindo na vida das pessoas que l\u00e1 estavam participando ou servindo. Acolhidas nas casas de fam\u00edlias, nas par\u00f3quias, \u00e1reas mission\u00e1rias e tudo flui com muita alegria e doa\u00e7\u00e3o. Os temas, as reflex\u00f5es, celebra\u00e7\u00f5es, a noite cultural, tudo com muita dinamicidade e celebrativa, trazendo as diversas realidades de nossa Igreja. O testemunho prof\u00e9tico de mulheres e homens que pisam o ch\u00e3o das duras realidades que fizeram ecoaram um grito pelo cuidado com a Vida, nos faz perguntar de que lado da hist\u00f3ria n\u00f3s estamos. Pois h\u00e1 projetos de destrui\u00e7\u00e3o dos povos origin\u00e1rios, da casa comum, da vida humana. S\u00e3o muitas dores e sofrimentos. Ainda h\u00e1 um longo caminho a percorrer. Jesus Salvador nos conceda a gra\u00e7a da convers\u00e3o e o dom da missionariedade. (Dilva F\u00e1tima Mazaro)<\/p>\n\n\n\n<p><\/p>\n\n\n\n<figure class=\"wp-block-image size-large\"><img decoding=\"async\" loading=\"lazy\" width=\"1024\" height=\"576\" src=\"https:\/\/www.salvatorianas.org.br\/blog\/wp-content\/uploads\/2023\/11\/d-1-1024x576.jpeg\" alt=\"\" class=\"wp-image-21601\" srcset=\"https:\/\/www.salvatorianas.org.br\/blog\/wp-content\/uploads\/2023\/11\/d-1-1024x576.jpeg 1024w, https:\/\/www.salvatorianas.org.br\/blog\/wp-content\/uploads\/2023\/11\/d-1-300x169.jpeg 300w, https:\/\/www.salvatorianas.org.br\/blog\/wp-content\/uploads\/2023\/11\/d-1-768x432.jpeg 768w, https:\/\/www.salvatorianas.org.br\/blog\/wp-content\/uploads\/2023\/11\/d-1-1536x864.jpeg 1536w, https:\/\/www.salvatorianas.org.br\/blog\/wp-content\/uploads\/2023\/11\/d-1.jpeg 1600w\" sizes=\"(max-width: 1024px) 100vw, 1024px\" \/><\/figure>\n\n\n\n<p>Agradecemos por esta oportunidade de participar do 5 congresso mission\u00e1rio nacional, pelas pessoas que estavam em comunh\u00e3o com este momento de revigoramento da Igreja local empenhadas no servir e amar. O apelo mission\u00e1rio continua ardendo em&nbsp; nossos cora\u00e7\u00f5es. Cora\u00e7\u00f5es ardentes, p\u00e9s a caminho, da Igreja local aos confins do mundo. Gratid\u00e3o.<\/p>\n","protected":false},"excerpt":{"rendered":"<p>Partilhamos alguns depoimentos das Salvatorianas que participaram no 5 Congresso Mission\u00e1rio Nacional. &#8220;Ide! Da Igreja local aos confins do Mundo&#8221;. Nos dias 10 a 15 de novembro aconteceu na cidade de Manaus (AM),&#8230;<\/p>\n","protected":false},"author":2,"featured_media":21600,"comment_status":"open","ping_status":"open","sticky":false,"template":"","format":"standard","meta":[],"categories":[1],"tags":[],"_links":{"self":[{"href":"https:\/\/www.salvatorianas.org.br\/blog\/wp-json\/wp\/v2\/posts\/21588"}],"collection":[{"href":"https:\/\/www.salvatorianas.org.br\/blog\/wp-json\/wp\/v2\/posts"}],"about":[{"href":"https:\/\/www.salvatorianas.org.br\/blog\/wp-json\/wp\/v2\/types\/post"}],"author":[{"embeddable":true,"href":"https:\/\/www.salvatorianas.org.br\/blog\/wp-json\/wp\/v2\/users\/2"}],"replies":[{"embeddable":true,"href":"https:\/\/www.salvatorianas.org.br\/blog\/wp-json\/wp\/v2\/comments?post=21588"}],"version-history":[{"count":3,"href":"https:\/\/www.salvatorianas.org.br\/blog\/wp-json\/wp\/v2\/posts\/21588\/revisions"}],"predecessor-version":[{"id":21604,"href":"https:\/\/www.salvatorianas.org.br\/blog\/wp-json\/wp\/v2\/posts\/21588\/revisions\/21604"}],"wp:featuredmedia":[{"embeddable":true,"href":"https:\/\/www.salvatorianas.org.br\/blog\/wp-json\/wp\/v2\/media\/21600"}],"wp:attachment":[{"href":"https:\/\/www.salvatorianas.org.br\/blog\/wp-json\/wp\/v2\/media?parent=21588"}],"wp:term":[{"taxonomy":"category","embeddable":true,"href":"https:\/\/www.salvatorianas.org.br\/blog\/wp-json\/wp\/v2\/categories?post=21588"},{"taxonomy":"post_tag","embeddable":true,"href":"https:\/\/www.salvatorianas.org.br\/blog\/wp-json\/wp\/v2\/tags?post=21588"}],"curies":[{"name":"wp","href":"https:\/\/api.w.org\/{rel}","templated":true}]}}