{"id":21584,"date":"2023-12-01T01:06:00","date_gmt":"2023-12-01T01:06:00","guid":{"rendered":"https:\/\/www.salvatorianas.org.br\/blog\/?p=21584"},"modified":"2023-11-30T18:11:03","modified_gmt":"2023-11-30T18:11:03","slug":"34a-semana-do-tempo-comum-ano-impar-i-5","status":"publish","type":"post","link":"https:\/\/www.salvatorianas.org.br\/blog\/34a-semana-do-tempo-comum-ano-impar-i-5\/","title":{"rendered":"34\u00aa Semana do Tempo Comum, Ano \u00cdmpar (I)"},"content":{"rendered":"\n<p>\u00c9 de paz que o Senhor vai falar a seu povo e seus fi\u00e9is, e aos que a ele se converterem (Sl 84,9).<\/p>\n\n\n\n<p><em>O Filho do Homem anunciado na liturgia \u00e9, ao mesmo tempo, o Cristo que vem cumprir uma miss\u00e3o e o Cristo glorioso que julgar\u00e1 os povos. Celebremos movidos pela esperan\u00e7a de participarmos do seu Reino, \u201cque n\u00e3o se dissolver\u00e1\u201d.<\/em><\/p>\n\n\n\n<p>Primeira Leitura:&nbsp;<strong>Daniel 7,2-14<\/strong><\/p>\n\n\n\n<p>Leitura da profecia de Daniel \u2013 Eu, Daniel,&nbsp;<sup>2<\/sup>tive uma vis\u00e3o durante a noite: eis que os quatro ventos do c\u00e9u revolviam o vasto mar,&nbsp;<sup>3<\/sup>e quatro grandes animais, diferentes uns dos outros, emergiam do mar.&nbsp;<sup>4<\/sup>O primeiro era semelhante a um le\u00e3o e tinha asas de \u00e1guia; ainda estava olhando, quando lhe foram arrancadas as asas; ele foi erguido da terra e posto de p\u00e9 como um homem, e foi-lhe dado um cora\u00e7\u00e3o de homem.&nbsp;<sup>5<\/sup>Eis que surgiu outro animal, o segundo, semelhante a um urso, que estava erguido pela metade e tinha tr\u00eas costelas nas fauces entre os dentes; ouvia-se dizer: \u201cVamos, come mais carne\u201d.&nbsp;<sup>6<\/sup>Continuei a olhar, e eis que assomou outro animal, semelhante a um leopardo; tinha no dorso quatro asas de ave, e havia no animal quatro cabe\u00e7as. E foi-lhe dado poder.&nbsp;<sup>7<\/sup>Depois, eu insistia em minha vis\u00e3o noturna, e eis que apareceu o quarto animal, terr\u00edvel, estranho e extremamente forte; com suas dentu\u00e7as de ferro, tudo devorava e triturava, calcando aos p\u00e9s o que sobrava; era bem diferente dos outros animais que eu vi antes e tinha dez chifres.&nbsp;<sup>8<\/sup>Eu observava esses chifres, e eis que apontou entre eles outro chifre pequeno, e, em compensa\u00e7\u00e3o, foram arrancados tr\u00eas dos primeiros chifres; e eis que neste chifre pequeno havia uns olhos como olhos de homem e uma boca que fazia ouvir uma fala muito forte.&nbsp;<sup>9<\/sup>Eu continuava olhando at\u00e9 que foram colocados uns tronos, e um anci\u00e3o de muitos dias a\u00ed tomou lugar. Sua veste era branca como neve e os cabelos da cabe\u00e7a, como l\u00e3 pura; seu trono eram chamas de fogo, e as rodas do trono, como fogo em brasa.&nbsp;<sup>10<\/sup>Derramava-se a\u00ed um rio de fogo que nascia diante dele; serviam-no milhares de milhares, e milh\u00f5es de milh\u00f5es assistiam-no ao trono; foi instalado o tribunal e os livros foram abertos.&nbsp;<sup>11<\/sup>Eu estava olhando para o lado das palavras fortes que o mencionado chifre fazia ouvir, quando percebi que o animal tinha sido morto e vi que seu corpo fora feito em peda\u00e7os e tinha sido entregue ao fogo para queimar;&nbsp;<sup>12<\/sup>percebi tamb\u00e9m que aos restantes animais foi-lhes tirado o poder, sendo-lhes prolongada a vida por certo tempo.&nbsp;<sup>13<\/sup>Continuei insistindo na vis\u00e3o noturna, e eis que, entre as nuvens do c\u00e9u, vinha um como filho de homem, aproximando-se do anci\u00e3o de muitos dias, e foi conduzido \u00e0 sua presen\u00e7a.&nbsp;<sup>14<\/sup>Foram-lhe dados poder, gl\u00f3ria e realeza, e todos os povos, na\u00e7\u00f5es e l\u00ednguas o serviam: seu poder \u00e9 um poder eterno que n\u00e3o lhe ser\u00e1 tirado, e seu reino, um reino que n\u00e3o se dissolver\u00e1. \u2013 Palavra do Senhor.<\/p>\n\n\n\n<p>Salmo Responsorial:&nbsp;<strong>Dn 3<\/strong><\/p>\n\n\n\n<p><strong>Louvai-o e exaltai-o pelos s\u00e9culos sem fim!<\/strong><\/p>\n\n\n\n<p>1. Montes e colinas, bendizei o Senhor!&nbsp;\u2020&nbsp;Plantas da terra, bendizei o Senhor!&nbsp;\/&nbsp;Mares e rios, bendizei o Senhor!&nbsp;\u2013 R.<\/p>\n\n\n\n<p>2. Fontes e nascentes, bendizei o Senhor!&nbsp;\/&nbsp;Baleias e peixes, bendizei o Senhor!&nbsp;\u2013 R.<\/p>\n\n\n\n<p>3. P\u00e1ssaros do c\u00e9u, bendizei o Senhor!&nbsp;\/&nbsp;Feras e rebanhos, bendizei o Senhor!&nbsp;\u2013 R.<\/p>\n\n\n\n<p>Evangelho:&nbsp;<strong>Lucas 21,29-33<\/strong><\/p>\n\n\n\n<p><strong><em>Aleluia<\/em><em>, aleluia, aleluia.<\/em><\/strong><\/p>\n\n\n\n<p><strong>Levantai vossa cabe\u00e7a e olhai,&nbsp;\/&nbsp;pois a vossa reden\u00e7\u00e3o se aproxima! (Lc 21,28)&nbsp;\u2013 R.<\/strong><\/p>\n\n\n\n<p>Proclama\u00e7\u00e3o do santo Evangelho segundo Lucas \u2013 Naquele tempo,&nbsp;<sup>29<\/sup>Jesus contou-lhes uma par\u00e1bola: \u201cOlhai a figueira e todas as \u00e1rvores.&nbsp;<sup>30<\/sup>Quando vedes que elas est\u00e3o dando brotos, logo sabeis que o ver\u00e3o est\u00e1 perto.&nbsp;<sup>31<\/sup>V\u00f3s tamb\u00e9m, quando virdes acontecer essas coisas, ficai sabendo que o Reino de Deus est\u00e1 perto.&nbsp;<sup>32<\/sup>Em verdade eu vos digo, tudo isso vai acontecer antes que passe esta gera\u00e7\u00e3o.&nbsp;<sup>33<\/sup>O c\u00e9u e a terra passar\u00e3o, mas as minhas palavras n\u00e3o h\u00e3o de passar\u201d. \u2013 Palavra da salva\u00e7\u00e3o.<\/p>\n\n\n\n<p>Reflex\u00e3o:<\/p>\n\n\n\n<p><em>Jesus avisa: \u201cO c\u00e9u e a terra passar\u00e3o, mas as minhas palavras n\u00e3o passar\u00e3o\u201d. A presen\u00e7a e a incid\u00eancia das comunidades crist\u00e3s no mundo s\u00e3o testemunho de que as palavras de Jesus continuam v\u00e1lidas e atuais. A par\u00e1bola da figueira \u00e9 um alerta para a realidade do Reino de Deus que est\u00e1 sempre se aproximando. O Reino de Deus nada mais \u00e9 do que a justi\u00e7a que anuncia e denuncia, provocando transforma\u00e7\u00f5es em todos os n\u00edveis de rela\u00e7\u00f5es humanas. O Reino se aproxima e torna-se presente sempre que a justi\u00e7a triunfa, criando rela\u00e7\u00f5es determinadas pelo esp\u00edrito de partilha e fraternidade, levando todos a usufru\u00edrem a liberdade e a vida. A mensagem \u00e9 de esperan\u00e7a e liberta\u00e7\u00e3o: o Filho do Homem tem nas m\u00e3os as r\u00e9deas da hist\u00f3ria e libertar\u00e1 todos os que lhe s\u00e3o fi\u00e9is na constru\u00e7\u00e3o da nova hist\u00f3ria.<\/em><\/p>\n","protected":false},"excerpt":{"rendered":"<p>\u00c9 de paz que o Senhor vai falar a seu povo e seus fi\u00e9is, e aos que a ele se converterem (Sl 84,9). O Filho do Homem anunciado na liturgia \u00e9, ao mesmo&#8230;<\/p>\n","protected":false},"author":2,"featured_media":21586,"comment_status":"open","ping_status":"open","sticky":false,"template":"","format":"standard","meta":[],"categories":[7],"tags":[],"_links":{"self":[{"href":"https:\/\/www.salvatorianas.org.br\/blog\/wp-json\/wp\/v2\/posts\/21584"}],"collection":[{"href":"https:\/\/www.salvatorianas.org.br\/blog\/wp-json\/wp\/v2\/posts"}],"about":[{"href":"https:\/\/www.salvatorianas.org.br\/blog\/wp-json\/wp\/v2\/types\/post"}],"author":[{"embeddable":true,"href":"https:\/\/www.salvatorianas.org.br\/blog\/wp-json\/wp\/v2\/users\/2"}],"replies":[{"embeddable":true,"href":"https:\/\/www.salvatorianas.org.br\/blog\/wp-json\/wp\/v2\/comments?post=21584"}],"version-history":[{"count":1,"href":"https:\/\/www.salvatorianas.org.br\/blog\/wp-json\/wp\/v2\/posts\/21584\/revisions"}],"predecessor-version":[{"id":21587,"href":"https:\/\/www.salvatorianas.org.br\/blog\/wp-json\/wp\/v2\/posts\/21584\/revisions\/21587"}],"wp:featuredmedia":[{"embeddable":true,"href":"https:\/\/www.salvatorianas.org.br\/blog\/wp-json\/wp\/v2\/media\/21586"}],"wp:attachment":[{"href":"https:\/\/www.salvatorianas.org.br\/blog\/wp-json\/wp\/v2\/media?parent=21584"}],"wp:term":[{"taxonomy":"category","embeddable":true,"href":"https:\/\/www.salvatorianas.org.br\/blog\/wp-json\/wp\/v2\/categories?post=21584"},{"taxonomy":"post_tag","embeddable":true,"href":"https:\/\/www.salvatorianas.org.br\/blog\/wp-json\/wp\/v2\/tags?post=21584"}],"curies":[{"name":"wp","href":"https:\/\/api.w.org\/{rel}","templated":true}]}}