{"id":21581,"date":"2023-12-04T01:05:00","date_gmt":"2023-12-04T01:05:00","guid":{"rendered":"https:\/\/www.salvatorianas.org.br\/blog\/?p=21581"},"modified":"2023-11-30T18:06:24","modified_gmt":"2023-11-30T18:06:24","slug":"1a-semana-do-advento","status":"publish","type":"post","link":"https:\/\/www.salvatorianas.org.br\/blog\/1a-semana-do-advento\/","title":{"rendered":"1\u00aa Semana do Advento"},"content":{"rendered":"\n<p>\u00d3 na\u00e7\u00f5es, escutai a palavra do Senhor e levai-a at\u00e9 os confins da terra: Eis que chega o nosso Salvador, n\u00e3o tenhais medo! (Jr 31,10; Is 35,4).<\/p>\n\n\n\n<p><em>Advento \u00e9 tempo de forte apelo para abandonarmos a mesmice e o imobilismo e dirigir nosso olhar para o \u201cponto mais alto das montanhas\u201d, onde habita Deus. Acolhamos, pois, o convite do profeta Isa\u00edas: \u201cDeixemo-nos guiar pela luz do Senhor\u201d.<\/em><\/p>\n\n\n\n<p>Primeira Leitura:&nbsp;<strong>Isa\u00edas 2,1-5<\/strong><\/p>\n\n\n\n<p>Leitura do livro do profeta Isa\u00edas \u2013&nbsp;<sup>1<\/sup>Vis\u00e3o de Isa\u00edas, filho de Am\u00f3s, sobre Jud\u00e1 e Jerusal\u00e9m.&nbsp;<sup>2<\/sup>Acontecer\u00e1, nos \u00faltimos tempos, que o monte da casa do Senhor estar\u00e1 firmemente estabelecido no ponto mais alto das montanhas e dominar\u00e1 as colinas. A ele acorrer\u00e3o todas as na\u00e7\u00f5es,&nbsp;<sup>3<\/sup>para l\u00e1 ir\u00e3o numerosos povos e dir\u00e3o: \u201cVamos subir ao monte do Senhor, \u00e0 casa do Deus de Jac\u00f3, para que ele nos mostre seus caminhos e nos ensine a cumprir seus preceitos\u201d; porque de Si\u00e3o prov\u00e9m a lei e de Jerusal\u00e9m, a palavra do Senhor.&nbsp;<sup>4<\/sup>Ele h\u00e1 de julgar as na\u00e7\u00f5es e arguir numerosos povos; estes transformar\u00e3o suas espadas em arados e suas lan\u00e7as em foices: n\u00e3o pegar\u00e3o em armas uns contra os outros e n\u00e3o mais travar\u00e3o combate.&nbsp;<sup>5<\/sup>Vinde, todos da casa de Jac\u00f3, e deixemo-nos guiar pela luz do Senhor. \u2013 Palavra do Senhor.<\/p>\n\n\n\n<p>Salmo Responsorial:&nbsp;<strong>121(122)<\/strong><\/p>\n\n\n\n<p><strong>Que alegria quando me disseram:&nbsp;\/&nbsp;\u201cVamos \u00e0 casa do Senhor!\u201d<\/strong><\/p>\n\n\n\n<p>1. Que alegria quando ouvi que me disseram:&nbsp;\/&nbsp;\u201cVamos \u00e0 casa do Senhor!\u201d&nbsp;\/&nbsp;E agora nossos p\u00e9s j\u00e1 se det\u00eam,&nbsp;\/&nbsp;Jerusal\u00e9m, em tuas portas.&nbsp;\u2013 R.<\/p>\n\n\n\n<p>2. Jerusal\u00e9m, cidade bem edificada&nbsp;\/&nbsp;num conjunto harmonioso;&nbsp;\/&nbsp;para l\u00e1 sobem as tribos de Israel,&nbsp;\/&nbsp;as tribos do Senhor.&nbsp;\u2013 R.<\/p>\n\n\n\n<p>3. Para louvar, segundo a lei de Israel,&nbsp;\/&nbsp;o nome do Senhor.&nbsp;\/&nbsp;A sede da justi\u00e7a l\u00e1 est\u00e1&nbsp;\/&nbsp;e o trono de Davi.&nbsp;\u2013 R.<\/p>\n\n\n\n<p>4. Rogai que viva em paz Jerusal\u00e9m,&nbsp;\/&nbsp;e em seguran\u00e7a os que te amam!&nbsp;\/&nbsp;Que a paz habite dentro de teus muros,&nbsp;\/&nbsp;tranquilidade em teus pal\u00e1cios!&nbsp;\u2013 R.<\/p>\n\n\n\n<p>5. Por amor a meus irm\u00e3os e meus amigos,&nbsp;\/&nbsp;pe\u00e7o: \u201cA paz esteja em ti!\u201d&nbsp;\/&nbsp;Pelo amor que tenho \u00e0 casa do Senhor,&nbsp;\/&nbsp;eu te desejo todo bem!&nbsp;\u2013 R.<\/p>\n\n\n\n<p>Evangelho:&nbsp;<strong>Mateus 8,5-11<\/strong><\/p>\n\n\n\n<p><strong><em>Aleluia<\/em><em>, aleluia, aleluia.<\/em><\/strong><\/p>\n\n\n\n<p><strong>\u00d3 vinde libertar-nos, Senhor e nosso Deus;&nbsp;\/&nbsp;mostrai a vossa face e n\u00f3s seremos salvos! (Sl 79,4)&nbsp;\u2013 R.<\/strong><\/p>\n\n\n\n<p>Proclama\u00e7\u00e3o do santo Evangelho segundo Mateus \u2013 Naquele tempo,&nbsp;<sup>5<\/sup>quando Jesus entrou em Cafarnaum, um oficial romano aproximou-se dele, suplicando:&nbsp;<sup>6<\/sup>\u201cSenhor, o meu empregado est\u00e1 de cama, l\u00e1 em casa, sofrendo terrivelmente com uma paralisia\u201d.&nbsp;<sup>7<\/sup>Jesus respondeu: \u201cVou cur\u00e1-lo\u201d.&nbsp;<sup>8<\/sup>O oficial disse: \u201cSenhor, eu n\u00e3o sou digno de que entres em minha casa. Dize uma s\u00f3 palavra e o meu empregado ficar\u00e1 curado.&nbsp;<sup>9<\/sup>Pois eu tamb\u00e9m sou subordinado e tenho soldados debaixo de minhas ordens. E digo a um: \u2018Vai!\u2019, e ele vai; e a outro: \u2018Vem!\u2019, e ele vem; e digo ao meu escravo: \u2018Faze isto!\u2019, e ele faz\u201d.&nbsp;<sup>10<\/sup>Quando ouviu isso, Jesus ficou admirado e disse aos que o seguiam: \u201cEm verdade vos digo, nunca encontrei em Israel algu\u00e9m que tivesse tanta f\u00e9.&nbsp;<sup>11<\/sup>Eu vos digo, muitos vir\u00e3o do oriente e do ocidente e se sentar\u00e3o \u00e0 mesa no Reino dos C\u00e9us, junto com Abra\u00e3o, Isaac e Jac\u00f3\u201d. \u2013 Palavra da salva\u00e7\u00e3o.<\/p>\n\n\n\n<p>Reflex\u00e3o:<\/p>\n\n\n\n<p><em>Duas virtudes se destacam de imediato na pessoa do oficial romano: a humildade e a f\u00e9. O oficial, chamado tamb\u00e9m de centuri\u00e3o, era respons\u00e1vel por cem soldados romanos. Portanto exercia importante cargo na sociedade. Mesmo assim, desapega-se de sua posi\u00e7\u00e3o social e se disp\u00f5e a procurar Jesus para lhe pedir discretamente que venha em socorro do seu empregado enfermo. Embora n\u00e3o perten\u00e7a ao povo de Israel, o centuri\u00e3o cr\u00ea que Jesus \u00e9 um enviado de Deus e tem poder de curar. Jesus n\u00e3o s\u00f3 atende ao seu pedido, curando-lhe o empregado, mas elogia a sua f\u00e9. O centuri\u00e3o \u00e9 um dos primeiros de uma s\u00e9rie de pag\u00e3os que v\u00e3o se abrir para formar a nova fam\u00edlia de Deus, os crist\u00e3os.<\/em><\/p>\n","protected":false},"excerpt":{"rendered":"<p>\u00d3 na\u00e7\u00f5es, escutai a palavra do Senhor e levai-a at\u00e9 os confins da terra: Eis que chega o nosso Salvador, n\u00e3o tenhais medo! (Jr 31,10; Is 35,4). Advento \u00e9 tempo de forte apelo&#8230;<\/p>\n","protected":false},"author":2,"featured_media":21582,"comment_status":"open","ping_status":"open","sticky":false,"template":"","format":"standard","meta":[],"categories":[7],"tags":[],"_links":{"self":[{"href":"https:\/\/www.salvatorianas.org.br\/blog\/wp-json\/wp\/v2\/posts\/21581"}],"collection":[{"href":"https:\/\/www.salvatorianas.org.br\/blog\/wp-json\/wp\/v2\/posts"}],"about":[{"href":"https:\/\/www.salvatorianas.org.br\/blog\/wp-json\/wp\/v2\/types\/post"}],"author":[{"embeddable":true,"href":"https:\/\/www.salvatorianas.org.br\/blog\/wp-json\/wp\/v2\/users\/2"}],"replies":[{"embeddable":true,"href":"https:\/\/www.salvatorianas.org.br\/blog\/wp-json\/wp\/v2\/comments?post=21581"}],"version-history":[{"count":1,"href":"https:\/\/www.salvatorianas.org.br\/blog\/wp-json\/wp\/v2\/posts\/21581\/revisions"}],"predecessor-version":[{"id":21583,"href":"https:\/\/www.salvatorianas.org.br\/blog\/wp-json\/wp\/v2\/posts\/21581\/revisions\/21583"}],"wp:featuredmedia":[{"embeddable":true,"href":"https:\/\/www.salvatorianas.org.br\/blog\/wp-json\/wp\/v2\/media\/21582"}],"wp:attachment":[{"href":"https:\/\/www.salvatorianas.org.br\/blog\/wp-json\/wp\/v2\/media?parent=21581"}],"wp:term":[{"taxonomy":"category","embeddable":true,"href":"https:\/\/www.salvatorianas.org.br\/blog\/wp-json\/wp\/v2\/categories?post=21581"},{"taxonomy":"post_tag","embeddable":true,"href":"https:\/\/www.salvatorianas.org.br\/blog\/wp-json\/wp\/v2\/tags?post=21581"}],"curies":[{"name":"wp","href":"https:\/\/api.w.org\/{rel}","templated":true}]}}