{"id":2158,"date":"2015-05-29T00:00:00","date_gmt":"2015-05-29T00:00:00","guid":{"rendered":"https:\/\/www.salvatorianas.org.br\/blog\/diabetes-faz-baixar-esperanca-media-de-vida-na-proxima-decada\/"},"modified":"2015-05-29T00:00:00","modified_gmt":"2015-05-29T00:00:00","slug":"diabetes-faz-baixar-esperanca-media-de-vida-na-proxima-decada","status":"publish","type":"post","link":"https:\/\/www.salvatorianas.org.br\/blog\/diabetes-faz-baixar-esperanca-media-de-vida-na-proxima-decada\/","title":{"rendered":"Diabetes faz baixar esperan\u00e7a m\u00e9dia de vida na pr\u00f3xima d\u00e9cada"},"content":{"rendered":"<p>[imagem1]<\/p>\n<p style=\"text-align: justify;\">A diabetes, atualmente a quarta principal causa de morte na maioria dos pa&iacute;ses desenvolvidos, dever&aacute; conduzir, segundo previs&otilde;es da Organiza&ccedil;&atilde;o Mundial de Sa&uacute;de (OMS), a uma redu&ccedil;&atilde;o da esperan&ccedil;a m&eacute;dia de vida j&aacute; na pr&oacute;xima d&eacute;cada, fen&oacute;meno que ocorrer&aacute; pela primeira vez em 200 anos.<\/p>\n<p style=\"text-align: justify;\">A situa&ccedil;&atilde;o resulta do facto da doen&ccedil;a (diabetes) se manifestar cada vez mais cedo, com os seus efeitos &ndash; morte por enfarte ou por AVC, nomeadamente &ndash; a ocorrerem em idades cada vez mais precoces reduzindo a esperan&ccedil;a m&eacute;dia de vida.<\/p>\n<p style=\"text-align: justify;\">A explica&ccedil;&atilde;o foi dada pelo coordenador do Programa Nacional de Preven&ccedil;&atilde;o e Controlo da Diabetes e presidente da Sociedade Portuguesa de Dialetologia (SPD), Jos&eacute; Manuel Boavida, que recorda que &laquo;cerca de 30 por cento das pessoas que morrem por enfarte ou AVC desenvolveram estas patologias porque tinham diabetes&raquo;.<\/p>\n<p style=\"text-align: justify;\">Ainda de acordo com este especialista, prev&ecirc;-se que os &iacute;ndices de mortalidade aumentem 25% nos pr&oacute;ximos dez anos, com um dr&aacute;stico impacto na esperan&ccedil;a m&eacute;dia de vida das pessoas.<\/p>\n<p style=\"text-align: justify;\">Em Portugal, futo da civiliza&ccedil;&atilde;o, j&aacute; que &eacute; potenciada pela vida sedent&aacute;ria e os excessos alimentares, a diabetes &eacute; uma doen&ccedil;a cr&oacute;nica que atinge quase um milh&atilde;o de pessoas em Portugal.<\/p>\n<p style=\"text-align: justify;\">Fonte: Erhnam &ndash; Desenvolvimento pessoal &nbsp;<\/p>\n<p style=\"text-align: justify;\"><strong>Saiba mais e previna-se!<\/strong><\/p>\n<p style=\"text-align: justify;\"><a href=\"http:\/\/salvatorianas.org.br\/revistas\/ecos332\/#page\/12\">http:\/\/salvatorianas.org.br\/revistas\/ecos332\/#page\/12<\/a><\/p>\n<p style=\"text-align: justify;\"><a href=\"http:\/\/www.nipomedvendas.com.br\/blog\/quais-sao-os-sintomas-da-diabetes\">http:\/\/www.nipomedvendas.com.br\/blog\/quais-sao-os-sintomas-da-diabetes<\/a><\/p>\n<p style=\"text-align: justify;\"><a href=\"http:\/\/www.einstein.br\/einstein-saude\/em-dia-com-a-saude\/Paginas\/diabetes-em-crescimento-acelerado.aspx\">http:\/\/www.einstein.br\/einstein-saude\/em-dia-com-a-saude\/Paginas\/diabetes-em-crescimento-acelerado.aspx<\/a><\/p>\n<p style=\"text-align: justify;\">&nbsp;<\/p>\n<p style=\"text-align: justify;\">Colabora&ccedil;&atilde;o: Ir. L&iacute;dia Pagliari<\/p>\n<p style=\"text-align: justify;\">&nbsp;<\/p>\n","protected":false},"excerpt":{"rendered":"<p>[imagem1] A diabetes, atualmente a quarta principal causa de morte na maioria dos pa&iacute;ses desenvolvidos, dever&aacute; conduzir, segundo previs&otilde;es da Organiza&ccedil;&atilde;o Mundial de Sa&uacute;de (OMS), a uma redu&ccedil;&atilde;o da esperan&ccedil;a m&eacute;dia de vida&#8230;<\/p>\n","protected":false},"author":1,"featured_media":2363,"comment_status":"open","ping_status":"open","sticky":false,"template":"","format":"standard","meta":[],"categories":[1],"tags":[],"_links":{"self":[{"href":"https:\/\/www.salvatorianas.org.br\/blog\/wp-json\/wp\/v2\/posts\/2158"}],"collection":[{"href":"https:\/\/www.salvatorianas.org.br\/blog\/wp-json\/wp\/v2\/posts"}],"about":[{"href":"https:\/\/www.salvatorianas.org.br\/blog\/wp-json\/wp\/v2\/types\/post"}],"author":[{"embeddable":true,"href":"https:\/\/www.salvatorianas.org.br\/blog\/wp-json\/wp\/v2\/users\/1"}],"replies":[{"embeddable":true,"href":"https:\/\/www.salvatorianas.org.br\/blog\/wp-json\/wp\/v2\/comments?post=2158"}],"version-history":[{"count":0,"href":"https:\/\/www.salvatorianas.org.br\/blog\/wp-json\/wp\/v2\/posts\/2158\/revisions"}],"wp:featuredmedia":[{"embeddable":true,"href":"https:\/\/www.salvatorianas.org.br\/blog\/wp-json\/wp\/v2\/media\/2363"}],"wp:attachment":[{"href":"https:\/\/www.salvatorianas.org.br\/blog\/wp-json\/wp\/v2\/media?parent=2158"}],"wp:term":[{"taxonomy":"category","embeddable":true,"href":"https:\/\/www.salvatorianas.org.br\/blog\/wp-json\/wp\/v2\/categories?post=2158"},{"taxonomy":"post_tag","embeddable":true,"href":"https:\/\/www.salvatorianas.org.br\/blog\/wp-json\/wp\/v2\/tags?post=2158"}],"curies":[{"name":"wp","href":"https:\/\/api.w.org\/{rel}","templated":true}]}}