{"id":21578,"date":"2023-12-03T01:04:00","date_gmt":"2023-12-03T01:04:00","guid":{"rendered":"https:\/\/www.salvatorianas.org.br\/blog\/?p=21578"},"modified":"2023-11-30T18:05:23","modified_gmt":"2023-11-30T18:05:23","slug":"1o-domingo-do-advento-ano-b","status":"publish","type":"post","link":"https:\/\/www.salvatorianas.org.br\/blog\/1o-domingo-do-advento-ano-b\/","title":{"rendered":"1\u00ba Domingo do Advento, Ano B"},"content":{"rendered":"\n<p>A v\u00f3s, meu Deus, elevo a minha alma, e confio em v\u00f3s. Que eu n\u00e3o seja envergonhado, nem se riam de mim os meus inimigos! Pois n\u00e3o ser\u00e1 desiludido quem em v\u00f3s espera (Sl 24,1ss).<\/p>\n\n\n\n<p><em>Chamados \u00e0 comunh\u00e3o com Jesus, iniciamos a caminhada rumo ao Natal. Nesse trajeto, somos convidados a nos deixarmos moldar por Deus, como barro nas m\u00e3os do oleiro, sempre vigilantes, pois o Senhor vem nos visitar. Abramos mente e cora\u00e7\u00e3o para acolher a gra\u00e7a e a paz que v\u00eam da parte do Pai, o qual, nesta liturgia, nos dirige sua face luminosa e nos socorre em nossas fraquezas.<\/em><\/p>\n\n\n\n<p>Primeira Leitura:&nbsp;<strong>Isa\u00edas 63,16-17.19; 64,2-7<\/strong><\/p>\n\n\n\n<p>Leitura do livro do profeta Isa\u00edas \u2013&nbsp;<sup>16<\/sup>Senhor, tu \u00e9s nosso pai, nosso redentor; eterno \u00e9 o teu nome.&nbsp;<sup>17<\/sup>Como nos deixaste andar longe de teus caminhos e endureceste nossos cora\u00e7\u00f5es para n\u00e3o termos o teu temor? Por amor de teus servos, das tribos de tua heran\u00e7a, volta atr\u00e1s.&nbsp;<sup>19<\/sup>Ah! se rompesses os c\u00e9us e descesses! As montanhas se desmanchariam diante de ti.&nbsp;<sup>64,2<\/sup>Desceste, pois, e as montanhas se derreteram diante de ti.&nbsp;<sup>3<\/sup>Nunca se ouviu dizer nem chegou aos ouvidos de ningu\u00e9m, jamais olhos viram que um Deus, exceto tu, tenha feito tanto pelos que nele esperam.&nbsp;<sup>4<\/sup>Vens ao encontro de quem pratica a justi\u00e7a com alegria, de quem se lembra de ti em teus caminhos. Tu te irritaste, porque n\u00f3s pecamos; \u00e9 nos caminhos de outrora que seremos salvos.&nbsp;<sup>5<\/sup>Todos n\u00f3s nos tornamos imund\u00edcie, e todas as nossas boas obras s\u00e3o como um pano sujo; murchamos todos como folhas, e nossas maldades empurram-nos como o vento.&nbsp;<sup>6<\/sup>N\u00e3o h\u00e1 quem invoque teu nome, quem se levante para encontrar-se contigo; escondeste de n\u00f3s tua face e nos entregaste \u00e0 merc\u00ea da nossa maldade.&nbsp;<sup>7<\/sup>Assim mesmo, Senhor, tu \u00e9s nosso pai, n\u00f3s somos barro; tu, nosso oleiro, e n\u00f3s todos, obra de tuas m\u00e3os. \u2013 Palavra do Senhor.<\/p>\n\n\n\n<p>Salmo Responsorial:&nbsp;<strong>79(80)<\/strong><\/p>\n\n\n\n<p><strong>Iluminai a vossa face sobre n\u00f3s,&nbsp;\/&nbsp;convertei-nos, para que sejamos salvos!<\/strong><\/p>\n\n\n\n<p>1. \u00d3 pastor de Israel, prestai ouvidos.&nbsp;\u2020&nbsp;V\u00f3s que sobre os querubins vos assentais,&nbsp;\/&nbsp;aparecei cheio de gl\u00f3ria e esplendor!&nbsp;\/&nbsp;Despertai vosso poder, \u00f3 nosso Deus,&nbsp;\/&nbsp;e vinde logo nos trazer a salva\u00e7\u00e3o!&nbsp;\u2013 R.<\/p>\n\n\n\n<p>2. Voltai-vos para n\u00f3s, Deus do universo!&nbsp;\u2020&nbsp;Olhai dos altos c\u00e9us e observai.&nbsp;\/&nbsp;Visitai a vossa vinha e protegei-a!&nbsp;\/&nbsp;Foi a vossa m\u00e3o direita que a plantou;&nbsp;\/&nbsp;protegei-a, e ao rebento que firmastes!&nbsp;\u2013 R.<\/p>\n\n\n\n<p>3. Pousai a m\u00e3o por sobre o vosso protegido,&nbsp;\/&nbsp;o filho do homem que escolhestes para v\u00f3s!&nbsp;\/&nbsp;E nunca mais vos deixaremos, Senhor Deus!&nbsp;\/&nbsp;Dai-nos vida, e louvaremos vosso nome!&nbsp;\u2013 R.<\/p>\n\n\n\n<p>Segunda Leitura:&nbsp;<strong>1 Cor\u00edntios 1,3-9<\/strong><\/p>\n\n\n\n<p>Leitura da primeira carta de S\u00e3o Paulo aos Cor\u00edntios \u2013 Irm\u00e3os,&nbsp;<sup>3<\/sup>para v\u00f3s, gra\u00e7a e paz da parte de Deus, nosso Pai, e do Senhor Jesus Cristo.&nbsp;<sup>4<\/sup>Dou gra\u00e7as a Deus sempre a vosso respeito, por causa da gra\u00e7a que Deus vos concedeu em Cristo Jesus:&nbsp;<sup>5<\/sup>nele fostes enriquecidos em tudo, em toda palavra e em todo conhecimento,&nbsp;<sup>6<\/sup>\u00e0 medida que o testemunho sobre Cristo se confirmou entre v\u00f3s.&nbsp;<sup>7<\/sup>Assim, n\u00e3o tendes falta de nenhum dom, v\u00f3s que aguardais a revela\u00e7\u00e3o do Senhor nosso, Jesus Cristo.&nbsp;<sup>8<\/sup>\u00c9 ele tamb\u00e9m que vos dar\u00e1 perseveran\u00e7a em vosso procedimento irrepreens\u00edvel at\u00e9 o fim, at\u00e9 o dia de nosso Senhor, Jesus Cristo.&nbsp;<sup>9<\/sup>Deus \u00e9 fiel; por ele fostes chamados \u00e0 comunh\u00e3o com seu Filho, Jesus Cristo, Senhor nosso. \u2013 Palavra do Senhor.<\/p>\n\n\n\n<p>Evangelho:&nbsp;<strong>Marcos 13,33-37<\/strong><\/p>\n\n\n\n<p><strong><em>Aleluia<\/em><em>, aleluia, aleluia.<\/em><\/strong><\/p>\n\n\n\n<p><strong>Mostrai-nos, \u00f3 Senhor, vossa bondade,&nbsp;\/&nbsp;e a vossa salva\u00e7\u00e3o nos concedei! (Sl 84,8)&nbsp;\u2013 R.<\/strong><\/p>\n\n\n\n<p>Proclama\u00e7\u00e3o do santo Evangelho segundo Marcos \u2013 Naquele tempo, disse Jesus aos seus disc\u00edpulos:&nbsp;<sup>33<\/sup>\u201cCuidado! Ficai atentos, porque n\u00e3o sabeis quando chegar\u00e1 o momento.&nbsp;<sup>34<\/sup>\u00c9 como um homem que, ao partir para o estrangeiro, deixou sua casa sob a responsabilidade de seus empregados, distribuindo a cada um sua tarefa. E mandou o porteiro ficar vigiando.&nbsp;<sup>35<\/sup>Vigiai, portanto, porque n\u00e3o sabeis quando o dono da casa vem: \u00e0 tarde, \u00e0 meia-noite, de madrugada ou ao amanhecer.&nbsp;<sup>36<\/sup>Para que n\u00e3o suceda que, vindo de repente, ele vos encontre dormindo.&nbsp;<sup>37<\/sup>O que vos digo, digo a todos: vigiai!\u201d \u2013 Palavra da salva\u00e7\u00e3o.<\/p>\n\n\n\n<p>Reflex\u00e3o:<\/p>\n\n\n\n<p><em>Jesus alerta seus disc\u00edpulos a n\u00e3o ca\u00edrem no sono, mas a permanecerem acordados e ativos, porque \u201cn\u00e3o sabem quando ser\u00e1 o momento\u201d da presta\u00e7\u00e3o de contas. Servos, patr\u00e3o e casa indicam a comunidade crist\u00e3. O homem que partiu para o estrangeiro \u00e9 uma alus\u00e3o a Jesus e \u00e0 sua morte. O porteiro \u00e9 o respons\u00e1vel pela comunidade. O crist\u00e3o que vive \u00e0 espera do seu Senhor ou na presen\u00e7a do Senhor, que age nos acontecimentos, \u00e9 convidado a assumir suas responsabilidades. Em outras passagens do Novo Testamento, a vigil\u00e2ncia vem explicitada como ora\u00e7\u00e3o, f\u00e9, caridade incans\u00e1vel e resist\u00eancia ao mal. S\u00e3o Paulo fala da vigil\u00e2ncia em termos de sobriedade, f\u00e9, amor e esperan\u00e7a: \u201cN\u00f3s, que somos do dia, fiquemos s\u00f3brios, revestindo a armadura da f\u00e9 e do amor, e o capacete da esperan\u00e7a da salva\u00e7\u00e3o\u201d (1Ts 5,8).<\/em><\/p>\n","protected":false},"excerpt":{"rendered":"<p>A v\u00f3s, meu Deus, elevo a minha alma, e confio em v\u00f3s. Que eu n\u00e3o seja envergonhado, nem se riam de mim os meus inimigos! Pois n\u00e3o ser\u00e1 desiludido quem em v\u00f3s espera&#8230;<\/p>\n","protected":false},"author":2,"featured_media":21579,"comment_status":"open","ping_status":"open","sticky":false,"template":"","format":"standard","meta":[],"categories":[7],"tags":[],"_links":{"self":[{"href":"https:\/\/www.salvatorianas.org.br\/blog\/wp-json\/wp\/v2\/posts\/21578"}],"collection":[{"href":"https:\/\/www.salvatorianas.org.br\/blog\/wp-json\/wp\/v2\/posts"}],"about":[{"href":"https:\/\/www.salvatorianas.org.br\/blog\/wp-json\/wp\/v2\/types\/post"}],"author":[{"embeddable":true,"href":"https:\/\/www.salvatorianas.org.br\/blog\/wp-json\/wp\/v2\/users\/2"}],"replies":[{"embeddable":true,"href":"https:\/\/www.salvatorianas.org.br\/blog\/wp-json\/wp\/v2\/comments?post=21578"}],"version-history":[{"count":1,"href":"https:\/\/www.salvatorianas.org.br\/blog\/wp-json\/wp\/v2\/posts\/21578\/revisions"}],"predecessor-version":[{"id":21580,"href":"https:\/\/www.salvatorianas.org.br\/blog\/wp-json\/wp\/v2\/posts\/21578\/revisions\/21580"}],"wp:featuredmedia":[{"embeddable":true,"href":"https:\/\/www.salvatorianas.org.br\/blog\/wp-json\/wp\/v2\/media\/21579"}],"wp:attachment":[{"href":"https:\/\/www.salvatorianas.org.br\/blog\/wp-json\/wp\/v2\/media?parent=21578"}],"wp:term":[{"taxonomy":"category","embeddable":true,"href":"https:\/\/www.salvatorianas.org.br\/blog\/wp-json\/wp\/v2\/categories?post=21578"},{"taxonomy":"post_tag","embeddable":true,"href":"https:\/\/www.salvatorianas.org.br\/blog\/wp-json\/wp\/v2\/tags?post=21578"}],"curies":[{"name":"wp","href":"https:\/\/api.w.org\/{rel}","templated":true}]}}