{"id":21575,"date":"2023-12-02T01:03:00","date_gmt":"2023-12-02T01:03:00","guid":{"rendered":"https:\/\/www.salvatorianas.org.br\/blog\/?p=21575"},"modified":"2023-11-30T18:04:17","modified_gmt":"2023-11-30T18:04:17","slug":"34a-semana-do-tempo-comum-ano-impar-i-4","status":"publish","type":"post","link":"https:\/\/www.salvatorianas.org.br\/blog\/34a-semana-do-tempo-comum-ano-impar-i-4\/","title":{"rendered":"34\u00aa Semana do Tempo Comum, Ano \u00cdmpar (I)"},"content":{"rendered":"\n<p>\u00c9 de paz que o Senhor vai falar a seu povo e seus fi\u00e9is, e aos que a ele se converterem (Sl 84,9).<\/p>\n\n\n\n<p><em>S\u00e3o grandes os perigos que nos amea\u00e7am e muitas as prova\u00e7\u00f5es, mas a seguran\u00e7a do Reino de Deus nos vem pela media\u00e7\u00e3o do \u201cFilho do Homem\u201d \u2013 Jesus -, que sentimos pr\u00f3ximo de n\u00f3s. Somos convidados a cultivar um cora\u00e7\u00e3o sens\u00edvel ao bem, para recebermos o Senhor a todo instante.<\/em><\/p>\n\n\n\n<p>Primeira Leitura:&nbsp;<strong>Daniel 7,15-27<\/strong><\/p>\n\n\n\n<p>Leitura da profecia de Daniel \u2013&nbsp;<sup>15<\/sup>Fiquei chocado em meu \u00edntimo: eu, Daniel, fiquei aterrorizado com estas coisas, e as vis\u00f5es da imagina\u00e7\u00e3o me deixaram perturbado.&nbsp;<sup>16<\/sup>Aproximei-me de um dos presentes e pedi-lhe que me desse explica\u00e7\u00f5es sobre o significado de tudo aquilo. Respondeu-me, fazendo-me conhecer a interpreta\u00e7\u00e3o das coisas:&nbsp;<sup>17<\/sup>\u201cEstes quatro possantes animais s\u00e3o quatro reinos que surgir\u00e3o na terra;&nbsp;<sup>18<\/sup>mas os que receber\u00e3o o reino s\u00e3o os santos do Alt\u00edssimo: eles ficar\u00e3o de posse do reino por todos os s\u00e9culos, eternamente\u201d.<sup>&nbsp;19<\/sup>Depois, quis ser mais bem informado a respeito do quarto animal, que era bastante diferente dos outros e o mais terr\u00edvel de todos, com seus dentes de ferro e garras de bronze, sempre devorando e triturando, e calcando aos p\u00e9s o que restava;&nbsp;<sup>20<\/sup>e ainda a respeito dos dez chifres e sobre o outro que nascera e fizera cair outros tr\u00eas, sobre o chifre que tinha olhos e boca, e que fazia ouvir uma fala forte, e era maior que os outros.&nbsp;<sup>21<\/sup>Eu continuava a olhar, e eis que esse chifre combatia contra os santos e vencia,&nbsp;<sup>22<\/sup>at\u00e9 que veio o anci\u00e3o de muitos dias e fez justi\u00e7a aos santos do Alt\u00edssimo, e chegou o tempo para os santos entrarem na posse do reino.&nbsp;<sup>23<\/sup>Respondeu-me assim: \u201cO quarto animal \u00e9 um quarto reino que surgir\u00e1 na terra e que ser\u00e1 maior do que todos os outros reinos; h\u00e1 de devorar a terra inteira, espezinh\u00e1-la e esmag\u00e1-la.&nbsp;<sup>24<\/sup>Quanto aos dez chifres do reino, ser\u00e3o dez reis; um outro surgir\u00e1 depois deles, e este ser\u00e1 mais poderoso do que seus antecessores, e abater\u00e1 os tr\u00eas reis,&nbsp;<sup>25<\/sup>e articular\u00e1 insol\u00eancias contra o Alt\u00edssimo e perseguir\u00e1 seus santos, e se julgar\u00e1 em condi\u00e7\u00f5es de mudar os tempos e a lei; os santos ser\u00e3o entregues ao seu arb\u00edtrio por um tempo, por tempos e por um meio-tempo;&nbsp;<sup>26<\/sup>o tribunal se estabelecer\u00e1, e ao chifre ser\u00e1 tirado o poder, at\u00e9 ser destru\u00eddo e desaparecer para sempre;&nbsp;<sup>27<\/sup>e, ent\u00e3o, que seja dado o reino, o poder e a grandeza dos reinos que existem sob o c\u00e9u ao povo dos santos do Alt\u00edssimo, cujo reino \u00e9 um reino eterno e a quem todos os reis servir\u00e3o e prestar\u00e3o obedi\u00eancia\u201d. \u2013 Palavra do Senhor.<\/p>\n\n\n\n<p>Salmo Responsorial:&nbsp;<strong>Dn 3<\/strong><\/p>\n\n\n\n<p><strong>Louvai-o e exaltai-o pelos s\u00e9culos sem fim!<\/strong><\/p>\n\n\n\n<p>1. Filhos dos homens, bendizei o Senhor!&nbsp;\/&nbsp;Filhos de Israel, bendizei o Senhor!&nbsp;\u2013 R.<\/p>\n\n\n\n<p>2. Sacerdotes do Senhor, bendizei o Senhor!&nbsp;\/&nbsp;Servos do Senhor, bendizei o Senhor!&nbsp;\u2013 R.<\/p>\n\n\n\n<p>3. Almas dos justos, bendizei o Senhor!&nbsp;\/&nbsp;Santos e humildes, bendizei o Senhor!&nbsp;\u2013 R.<\/p>\n\n\n\n<p>Evangelho:&nbsp;<strong>Lucas 21,34-36<\/strong><\/p>\n\n\n\n<p><strong><em>Aleluia, aleluia, aleluia.<\/em><\/strong><\/p>\n\n\n\n<p><strong>Vigiai e orai para ficardes de p\u00e9&nbsp;\/&nbsp;ante o Filho do Homem! (Lc 21,36)&nbsp;\u2013 R.<\/strong><\/p>\n\n\n\n<p>Proclama\u00e7\u00e3o do santo Evangelho segundo Lucas \u2013 Naquele tempo, disse Jesus aos seus disc\u00edpulos:&nbsp;<sup>34<\/sup>\u201cTomai cuidado para que vossos cora\u00e7\u00f5es n\u00e3o fiquem insens\u00edveis por causa da gula, da embriaguez e das preocupa\u00e7\u00f5es da vida e esse dia n\u00e3o caia de repente sobre v\u00f3s;&nbsp;<sup>35<\/sup>pois esse dia cair\u00e1 como uma armadilha sobre todos os habitantes de toda a terra.&nbsp;<sup>36<\/sup>Portanto, ficai atentos e orai a todo momento, a fim de terdes for\u00e7a para escapar de tudo o que deve acontecer e para ficardes em p\u00e9 diante do Filho do Homem\u201d. \u2013 Palavra da salva\u00e7\u00e3o.<\/p>\n\n\n\n<p>Reflex\u00e3o:<\/p>\n\n\n\n<p><em>A comunidade deve sempre tomar cuidado para n\u00e3o relaxar ou dar mau exemplo, assumindo os v\u00edcios da sociedade injusta (embriaguez, preocupa\u00e7\u00f5es com a vida). A vida desregrada e o envolvimento com os bens materiais abafam a mensagem de Jesus e n\u00e3o nos permitem instaurar o Reino de Deus. O Reino e a vinda do Filho do Homem est\u00e3o presentes em cada acontecimento da hist\u00f3ria da salva\u00e7\u00e3o. O julgamento est\u00e1 sempre se realizando na hist\u00f3ria. A cada momento, a injusti\u00e7a vai sendo desmascarada e os injustos s\u00e3o pegos de surpresa. A comunidade deve, portanto, estar sempre de prontid\u00e3o, praticando a justi\u00e7a. Sua for\u00e7a vir\u00e1 da vigil\u00e2ncia e da ora\u00e7\u00e3o. Nosso modelo \u00e9 Jesus de Nazar\u00e9, o Vigilante por excel\u00eancia, sempre pronto a fazer a vontade do Pai.<\/em><\/p>\n","protected":false},"excerpt":{"rendered":"<p>\u00c9 de paz que o Senhor vai falar a seu povo e seus fi\u00e9is, e aos que a ele se converterem (Sl 84,9). S\u00e3o grandes os perigos que nos amea\u00e7am e muitas as&#8230;<\/p>\n","protected":false},"author":2,"featured_media":21576,"comment_status":"open","ping_status":"open","sticky":false,"template":"","format":"standard","meta":[],"categories":[7],"tags":[],"_links":{"self":[{"href":"https:\/\/www.salvatorianas.org.br\/blog\/wp-json\/wp\/v2\/posts\/21575"}],"collection":[{"href":"https:\/\/www.salvatorianas.org.br\/blog\/wp-json\/wp\/v2\/posts"}],"about":[{"href":"https:\/\/www.salvatorianas.org.br\/blog\/wp-json\/wp\/v2\/types\/post"}],"author":[{"embeddable":true,"href":"https:\/\/www.salvatorianas.org.br\/blog\/wp-json\/wp\/v2\/users\/2"}],"replies":[{"embeddable":true,"href":"https:\/\/www.salvatorianas.org.br\/blog\/wp-json\/wp\/v2\/comments?post=21575"}],"version-history":[{"count":1,"href":"https:\/\/www.salvatorianas.org.br\/blog\/wp-json\/wp\/v2\/posts\/21575\/revisions"}],"predecessor-version":[{"id":21577,"href":"https:\/\/www.salvatorianas.org.br\/blog\/wp-json\/wp\/v2\/posts\/21575\/revisions\/21577"}],"wp:featuredmedia":[{"embeddable":true,"href":"https:\/\/www.salvatorianas.org.br\/blog\/wp-json\/wp\/v2\/media\/21576"}],"wp:attachment":[{"href":"https:\/\/www.salvatorianas.org.br\/blog\/wp-json\/wp\/v2\/media?parent=21575"}],"wp:term":[{"taxonomy":"category","embeddable":true,"href":"https:\/\/www.salvatorianas.org.br\/blog\/wp-json\/wp\/v2\/categories?post=21575"},{"taxonomy":"post_tag","embeddable":true,"href":"https:\/\/www.salvatorianas.org.br\/blog\/wp-json\/wp\/v2\/tags?post=21575"}],"curies":[{"name":"wp","href":"https:\/\/api.w.org\/{rel}","templated":true}]}}