{"id":21572,"date":"2023-11-30T20:06:13","date_gmt":"2023-11-30T20:06:13","guid":{"rendered":"https:\/\/www.salvatorianas.org.br\/blog\/?p=21572"},"modified":"2023-11-29T20:07:38","modified_gmt":"2023-11-29T20:07:38","slug":"santo-andre-apostolo-festa-ano-a","status":"publish","type":"post","link":"https:\/\/www.salvatorianas.org.br\/blog\/santo-andre-apostolo-festa-ano-a\/","title":{"rendered":"Santo Andr\u00e9, Ap\u00f3stolo, Festa, Ano A"},"content":{"rendered":"\n<p>Junto ao mar da Galileia, viu o Senhor dois irm\u00e3os: Pedro e Andr\u00e9, que pescavam. Ele os chamou: \u201cVinde comigo; eu vos farei, de hoje em diante, pescadores de homens\u201d (Mt 4,18s).<\/p>\n\n\n\n<p><em>Andr\u00e9, irm\u00e3o de Sim\u00e3o Pedro, seguiu Jesus, o \u201cCordeiro de Deus\u201d apresentado por Jo\u00e3o Batista, aceitando a miss\u00e3o de ser \u201cpescador de gente\u201d. Seu nome consta nas listas dos doze ap\u00f3stolos. Tradi\u00e7\u00f5es muito antigas informam que ele, ap\u00f3s Pentecostes, foi anunciador de Jesus no mundo grego. E narram tamb\u00e9m que morreu em Patrasso, na Gr\u00e9cia, onde teria sofrido o supl\u00edcio da crucifica\u00e7\u00e3o. A seu exemplo, revistamo-nos de aut\u00eantico esp\u00edrito mission\u00e1rio.<\/em><\/p>\n\n\n\n<p>Primeira Leitura:&nbsp;<strong>Romanos 10,9-18<\/strong><\/p>\n\n\n\n<p>Leitura da carta de S\u00e3o Paulo aos Romanos \u2013 Irm\u00e3os,&nbsp;<sup>9<\/sup>se, com tua boca, confessares Jesus como Senhor e, no teu cora\u00e7\u00e3o, creres que Deus o ressuscitou dos mortos, ser\u00e1s salvo.&nbsp;<sup>10<\/sup>\u00c9 crendo no cora\u00e7\u00e3o que se alcan\u00e7a a justi\u00e7a e \u00e9 confessando a f\u00e9 com a boca que se consegue a salva\u00e7\u00e3o.&nbsp;<sup>11<\/sup>Pois a Escritura diz: \u201cTodo aquele que nele crer n\u00e3o ficar\u00e1 confundido\u201d.&nbsp;<sup>12<\/sup>Portanto, n\u00e3o importa a diferen\u00e7a entre judeu e grego; todos t\u00eam o mesmo Senhor, que \u00e9 generoso para com todos os que o invocam.&nbsp;<sup>13<\/sup>De fato, todo aquele que invocar o nome do Senhor ser\u00e1 salvo.&nbsp;<sup>14<\/sup>Mas como invoc\u00e1-lo sem antes crer nele? E como crer sem antes ter ouvido falar dele? E como ouvir sem algu\u00e9m que pregue?&nbsp;<sup>15<\/sup>E como pregar sem ser enviado para isso? Assim \u00e9 que est\u00e1 escrito: \u201cQu\u00e3o belos s\u00e3o os p\u00e9s dos que anunciam o bem\u201d.&nbsp;<sup>16<\/sup>Mas nem todos obedeceram \u00e0 Boa-Nova. Pois Isa\u00edas diz: \u201cSenhor, quem acreditou em nossa prega\u00e7\u00e3o?\u201d&nbsp;<sup>17<\/sup>Logo, a f\u00e9 vem da prega\u00e7\u00e3o, e a prega\u00e7\u00e3o se faz pela palavra de Cristo.&nbsp;<sup>18<\/sup>Ent\u00e3o, eu pergunto: ser\u00e1 que eles n\u00e3o ouviram? Certamente que ouviram, pois \u201ca voz deles se espalhou por toda a terra, e as suas palavras chegaram aos confins do mundo\u201d. \u2013 Palavra do Senhor.<\/p>\n\n\n\n<p>Salmo Responsorial:&nbsp;<strong>18(19A)<\/strong><\/p>\n\n\n\n<p><strong>Seu som ressoa e se espalha em toda a terra.<\/strong><\/p>\n\n\n\n<p>1. Os c\u00e9us proclamam a gl\u00f3ria do Senhor,&nbsp;\/&nbsp;e o firmamento, a obra de suas m\u00e3os;&nbsp;\/&nbsp;o dia ao dia transmite essa mensagem,&nbsp;\/&nbsp;a noite \u00e0 noite publica essa not\u00edcia.&nbsp;\u2013 R.<\/p>\n\n\n\n<p>2. N\u00e3o s\u00e3o discursos nem frases ou palavras,&nbsp;\/&nbsp;nem s\u00e3o vozes que possam ser ouvidas;&nbsp;\/&nbsp;seu som ressoa e se espalha em toda a terra,&nbsp;\/&nbsp;chega aos confins do universo a sua voz.&nbsp;\u2013 R.<\/p>\n\n\n\n<p>Evangelho:&nbsp;<strong>Mateus 4,18-22<\/strong><\/p>\n\n\n\n<p><strong><em>Aleluia<\/em><em>, aleluia, aleluia.<\/em><\/strong><\/p>\n\n\n\n<p><strong>Vinde ap\u00f3s mim, disse o Senhor,&nbsp;\/&nbsp;e eu ensinarei a pescar gente (Mt 4,19).&nbsp;\u2013 R.<\/strong><\/p>\n\n\n\n<p>Proclama\u00e7\u00e3o do Evangelho de Jesus Cristo segundo Mateus \u2013 Naquele tempo,&nbsp;<sup>18<\/sup>quando Jesus andava \u00e0 beira do mar da Galileia, viu dois irm\u00e3os: Sim\u00e3o, chamado Pedro, e seu irm\u00e3o Andr\u00e9. Estavam lan\u00e7ando a rede ao mar, pois eram pescadores.&nbsp;<sup>19<\/sup>Jesus disse a eles: \u201cSegui-me, e eu farei de v\u00f3s pescadores de homens\u201d.&nbsp;<sup>20<\/sup>Eles, imediatamente, deixaram as redes e o seguiram.&nbsp;<sup>21<\/sup>Caminhando um pouco mais, Jesus viu outros dois irm\u00e3os: Tiago, filho de Zebedeu, e seu irm\u00e3o Jo\u00e3o. Estavam na barca com seu pai, Zebedeu, consertando as redes. Jesus os chamou.&nbsp;<sup>22<\/sup>Eles, imediatamente, deixaram a barca e o pai e o seguiram. \u2013 Palavra da salva\u00e7\u00e3o.<\/p>\n\n\n\n<p>Reflex\u00e3o:<\/p>\n\n\n\n<p><em>H\u00e1 duas tradi\u00e7\u00f5es a respeito da voca\u00e7\u00e3o de Andr\u00e9. Em Mc 1,16ss., foi chamado juntamente com Pedro, quando estavam pescando no mar da Galileia. Segundo Jo 1,40ss., foi chamado juntamente com outro disc\u00edpulo do Batista, que apontou Jesus como o \u201cCordeiro de Deus\u201d. Andr\u00e9 aparece no elenco dos doze ap\u00f3stolos. Em Jo 6,8, \u00e9 Andr\u00e9 quem informa sobre um menino que tem os p\u00e3es e os peixes que logo s\u00e3o partilhados entre todos. Em Jo 12,22, Andr\u00e9 atua como mediador entre Jesus e os gregos que pedem uma entrevista com Jesus. Algumas tradi\u00e7\u00f5es referem que Andr\u00e9 desenvolveu seu minist\u00e9rio apost\u00f3lico na Gr\u00e9cia e na \u00c1sia Menor. Segundo tais tradi\u00e7\u00f5es, morreu m\u00e1rtir em Patras, sobre uma cruz disposta em X. Suas rel\u00edquias, levadas a Roma em 1462, foram restitu\u00eddas \u00e0 Gr\u00e9cia pelo papa Paulo VI.<\/em><\/p>\n","protected":false},"excerpt":{"rendered":"<p>Junto ao mar da Galileia, viu o Senhor dois irm\u00e3os: Pedro e Andr\u00e9, que pescavam. Ele os chamou: \u201cVinde comigo; eu vos farei, de hoje em diante, pescadores de homens\u201d (Mt 4,18s). Andr\u00e9,&#8230;<\/p>\n","protected":false},"author":2,"featured_media":21573,"comment_status":"open","ping_status":"open","sticky":false,"template":"","format":"standard","meta":[],"categories":[7],"tags":[],"_links":{"self":[{"href":"https:\/\/www.salvatorianas.org.br\/blog\/wp-json\/wp\/v2\/posts\/21572"}],"collection":[{"href":"https:\/\/www.salvatorianas.org.br\/blog\/wp-json\/wp\/v2\/posts"}],"about":[{"href":"https:\/\/www.salvatorianas.org.br\/blog\/wp-json\/wp\/v2\/types\/post"}],"author":[{"embeddable":true,"href":"https:\/\/www.salvatorianas.org.br\/blog\/wp-json\/wp\/v2\/users\/2"}],"replies":[{"embeddable":true,"href":"https:\/\/www.salvatorianas.org.br\/blog\/wp-json\/wp\/v2\/comments?post=21572"}],"version-history":[{"count":1,"href":"https:\/\/www.salvatorianas.org.br\/blog\/wp-json\/wp\/v2\/posts\/21572\/revisions"}],"predecessor-version":[{"id":21574,"href":"https:\/\/www.salvatorianas.org.br\/blog\/wp-json\/wp\/v2\/posts\/21572\/revisions\/21574"}],"wp:featuredmedia":[{"embeddable":true,"href":"https:\/\/www.salvatorianas.org.br\/blog\/wp-json\/wp\/v2\/media\/21573"}],"wp:attachment":[{"href":"https:\/\/www.salvatorianas.org.br\/blog\/wp-json\/wp\/v2\/media?parent=21572"}],"wp:term":[{"taxonomy":"category","embeddable":true,"href":"https:\/\/www.salvatorianas.org.br\/blog\/wp-json\/wp\/v2\/categories?post=21572"},{"taxonomy":"post_tag","embeddable":true,"href":"https:\/\/www.salvatorianas.org.br\/blog\/wp-json\/wp\/v2\/tags?post=21572"}],"curies":[{"name":"wp","href":"https:\/\/api.w.org\/{rel}","templated":true}]}}