{"id":21566,"date":"2023-11-29T01:11:00","date_gmt":"2023-11-29T01:11:00","guid":{"rendered":"https:\/\/www.salvatorianas.org.br\/blog\/?p=21566"},"modified":"2023-11-27T20:12:37","modified_gmt":"2023-11-27T20:12:37","slug":"34a-semana-do-tempo-comum-ano-impar-i-3","status":"publish","type":"post","link":"https:\/\/www.salvatorianas.org.br\/blog\/34a-semana-do-tempo-comum-ano-impar-i-3\/","title":{"rendered":"34\u00aa Semana do Tempo Comum, Ano \u00cdmpar (I)"},"content":{"rendered":"\n<p>O Senhor fala de paz a seu povo e a seus amigos e a todos os que se voltam para ele (Sl 84,9).<\/p>\n\n\n\n<p><em>Os reinos deste mundo s\u00e3o inconsistentes e passageiros. N\u00e3o merecem credibilidade. Em meio \u00e0s tribula\u00e7\u00f5es da caminhada crist\u00e3, nossa confian\u00e7a e viva esperan\u00e7a v\u00e3o depositadas somente no \u201cSenhor do c\u00e9u\u201d, em cujas m\u00e3os est\u00e1 a nossa vida.<\/em><\/p>\n\n\n\n<p>Primeira Leitura:&nbsp;<strong>Daniel 5,1-6.13-14.16-17.23-28<\/strong><\/p>\n\n\n\n<p>Leitura da profecia de Daniel \u2013 Naqueles dias,&nbsp;<sup>1<\/sup>o rei Baltasar ofereceu um grande banquete aos mil dignit\u00e1rios de sua corte, tomando vinho em companhia deles.&nbsp;<sup>2<\/sup>J\u00e1 embriagado, Baltasar mandou trazer os vasos de ouro e prata que seu pai Nabucodonosor tinha tirado do templo de Jerusal\u00e9m, para beberem deles o rei e os grandes do reino, suas mulheres e concubinas.&nbsp;<sup>3<\/sup>Foram, pois, trazidos os vasos de ouro e prata, retirados do templo de Jerusal\u00e9m, e deles se serviram o rei e os grandes do reino, suas mulheres e concubinas;&nbsp;<sup>4<\/sup>bebiam vinho e engrandeciam seus deuses de ouro e prata, de bronze e ferro, de madeira e pedra.&nbsp;<sup>5<\/sup>Naquele mesmo instante, apareceram dedos de m\u00e3o humana que iam escrevendo, diante do candelabro, sobre a superf\u00edcie da parede do pal\u00e1cio, e o rei via os dedos da m\u00e3o que escrevia.&nbsp;<sup>6<\/sup>Alterou-se o semblante do rei, confundiram-se suas ideias e ele sentiu vacilarem os ossos dos quadris e tremerem os joelhos.&nbsp;<sup>13<\/sup>Ent\u00e3o Daniel foi introduzido \u00e0 presen\u00e7a do rei, e este lhe disse: \u201c\u00c9s tu Daniel, um dos cativos de Jud\u00e1, trazidos de Jud\u00e1 pelo rei, meu pai?&nbsp;<sup>14<\/sup>Ouvi dizer que possuis o esp\u00edrito dos deuses e que em ti se acham ci\u00eancia, entendimento e sabedoria em grau superior.&nbsp;<sup>16<\/sup>Ora, ouvi dizer tamb\u00e9m que sabes decifrar coisas obscuras e deslindar assuntos complicados; se, portanto, conseguires ler o escrito e dar-me sua interpreta\u00e7\u00e3o, tu te vestir\u00e1s de p\u00farpura, e levar\u00e1s ao pesco\u00e7o um colar de ouro, e ser\u00e1s o terceiro homem do reino\u201d.&nbsp;<sup>17<\/sup>Em resposta, disse Daniel perante o rei: \u201cFiquem contigo teus presentes e presenteia um outro com tuas honrarias; contudo, vou ler, \u00f3 rei, o escrito e fazer-te a interpreta\u00e7\u00e3o.<sup>&nbsp;23<\/sup>Tu te levantaste contra o Senhor do c\u00e9u; os vasos de sua casa foram trazidos \u00e0 tua presen\u00e7a e deles bebestes vinho, tu e os grandes do reino, tuas mulheres e concubinas; ao mesmo tempo, celebravas os deuses de prata e ouro, de bronze e ferro, de madeira e pedra, deuses que n\u00e3o veem nem ouvem e nada entendem \u2013 e ao Deus que tem em suas m\u00e3os tua vida e teu destino n\u00e3o soubeste glorificar.&nbsp;<sup>24<\/sup>Por isso, foram mandados por ele os dedos da m\u00e3o, que fez este escrito.&nbsp;<sup>25<\/sup>Assim se l\u00ea o escrito que foi tra\u00e7ado: m\u00e2ne, t\u00e9cel, p\u00e1rsin.<sup>&nbsp;26<\/sup>E esta \u00e9 a explica\u00e7\u00e3o das palavras: m\u00e2ne \u2013 Deus contou os dias de teu reinado e deu-o por conclu\u00eddo;&nbsp;<sup>27<\/sup>t\u00e9cel \u2013 foste pesado na balan\u00e7a e achado com menos peso;&nbsp;<sup>28<\/sup>p\u00e1rsin \u2013 teu reino foi dividido e entregue aos medos e persas\u201d. \u2013 Palavra do Senhor.<\/p>\n\n\n\n<p>Salmo Responsorial:&nbsp;<strong>Dn 3<\/strong><\/p>\n\n\n\n<p><strong>Louvai-o e exaltai-o pelos s\u00e9culos sem fim!<\/strong><\/p>\n\n\n\n<p>1. Lua e sol, bendizei o Senhor!&nbsp;\/&nbsp;Astros e estrelas, bendizei o Senhor!&nbsp;\u2013 R.<\/p>\n\n\n\n<p>2. Chuvas e orvalhos bendizei o Senhor!&nbsp;\/&nbsp;Brisas e ventos, bendizei o Senhor!&nbsp;\u2013 R.<\/p>\n\n\n\n<p>3. Fogo e calor, bendizei o Senhor!&nbsp;\/&nbsp;Frio e ardor, bendizei o Senhor!&nbsp;\u2013 R.<\/p>\n\n\n\n<p>Evangelho:&nbsp;<strong>Lucas 21,12-19<\/strong><\/p>\n\n\n\n<p><strong><em>Aleluia, aleluia, aleluia.<\/em><\/strong><\/p>\n\n\n\n<p><strong>Permanece fiel at\u00e9 a morte,&nbsp;\/&nbsp;e a coroa da vida eu te darei! (Ap 2,10)&nbsp;\u2013 R.<\/strong><\/p>\n\n\n\n<p>Proclama\u00e7\u00e3o do Evangelho de Jesus Cristo segundo Lucas \u2013 Naquele tempo, disse Jesus aos seus disc\u00edpulos:&nbsp;<sup>12<\/sup>\u201cAntes que essas coisas aconte\u00e7am, sereis presos e perseguidos; sereis entregues \u00e0s sinagogas e postos na pris\u00e3o; sereis levados diante de reis e governadores por causa do meu nome.&nbsp;<sup>13<\/sup>Essa ser\u00e1 a ocasi\u00e3o em que testemunhareis a vossa f\u00e9.&nbsp;<sup>14<\/sup>Fazei o firme prop\u00f3sito de n\u00e3o planejar com anteced\u00eancia a pr\u00f3pria defesa,&nbsp;<sup>15<\/sup>porque eu vos darei palavras t\u00e3o acertadas, que nenhum dos inimigos vos poder\u00e1 resistir ou rebater.&nbsp;<sup>16<\/sup>Sereis entregues at\u00e9 mesmo pelos pr\u00f3prios pais, irm\u00e3os, parentes e amigos. E eles matar\u00e3o alguns de v\u00f3s.&nbsp;<sup>17<\/sup>Todos vos odiar\u00e3o por causa do meu nome.&nbsp;<sup>18<\/sup>Mas v\u00f3s n\u00e3o perdereis um s\u00f3 fio de cabelo da vossa cabe\u00e7a.&nbsp;<sup>19<\/sup>\u00c9 permanecendo firmes que ireis ganhar a vida!\u201d \u2013 Palavra da salva\u00e7\u00e3o.<\/p>\n\n\n\n<p>Reflex\u00e3o:<\/p>\n\n\n\n<p><em>O livro dos Atos dos Ap\u00f3stolos comprova, mediante in\u00fameros fatos, a veracidade desse discurso de Jesus. \u00c9 a reviravolta provocada pela implanta\u00e7\u00e3o do Reino de Deus. Por que a prega\u00e7\u00e3o do Evangelho causa tanta agita\u00e7\u00e3o na sociedade? Porque h\u00e1 um grupo de poderosos que se recusam a mudar suas atitudes de prepot\u00eancia, explora\u00e7\u00e3o e opress\u00e3o do povo. Querem manter seus privil\u00e9gios. Ent\u00e3o se trava uma luta sem tr\u00e9guas entre os disc\u00edpulos de Jesus, que corajosamente pregam a Boa-nova, e aqueles que preferem conviver com a injusti\u00e7a. Crist\u00e3os e crist\u00e3s s\u00e3o reprimidos, aprisionados, levados aos tribunais para prestar conta de suas atitudes e de sua f\u00e9. Mas t\u00eam a garantia da assist\u00eancia de Jesus: \u201cEu darei a voc\u00eas palavras e sabedoria, \u00e0s quais nenhum dos advers\u00e1rios conseguir\u00e1 resistir ou rebater\u201d.<\/em><\/p>\n","protected":false},"excerpt":{"rendered":"<p>O Senhor fala de paz a seu povo e a seus amigos e a todos os que se voltam para ele (Sl 84,9). Os reinos deste mundo s\u00e3o inconsistentes e passageiros. N\u00e3o merecem&#8230;<\/p>\n","protected":false},"author":2,"featured_media":21567,"comment_status":"open","ping_status":"open","sticky":false,"template":"","format":"standard","meta":[],"categories":[7],"tags":[],"_links":{"self":[{"href":"https:\/\/www.salvatorianas.org.br\/blog\/wp-json\/wp\/v2\/posts\/21566"}],"collection":[{"href":"https:\/\/www.salvatorianas.org.br\/blog\/wp-json\/wp\/v2\/posts"}],"about":[{"href":"https:\/\/www.salvatorianas.org.br\/blog\/wp-json\/wp\/v2\/types\/post"}],"author":[{"embeddable":true,"href":"https:\/\/www.salvatorianas.org.br\/blog\/wp-json\/wp\/v2\/users\/2"}],"replies":[{"embeddable":true,"href":"https:\/\/www.salvatorianas.org.br\/blog\/wp-json\/wp\/v2\/comments?post=21566"}],"version-history":[{"count":1,"href":"https:\/\/www.salvatorianas.org.br\/blog\/wp-json\/wp\/v2\/posts\/21566\/revisions"}],"predecessor-version":[{"id":21568,"href":"https:\/\/www.salvatorianas.org.br\/blog\/wp-json\/wp\/v2\/posts\/21566\/revisions\/21568"}],"wp:featuredmedia":[{"embeddable":true,"href":"https:\/\/www.salvatorianas.org.br\/blog\/wp-json\/wp\/v2\/media\/21567"}],"wp:attachment":[{"href":"https:\/\/www.salvatorianas.org.br\/blog\/wp-json\/wp\/v2\/media?parent=21566"}],"wp:term":[{"taxonomy":"category","embeddable":true,"href":"https:\/\/www.salvatorianas.org.br\/blog\/wp-json\/wp\/v2\/categories?post=21566"},{"taxonomy":"post_tag","embeddable":true,"href":"https:\/\/www.salvatorianas.org.br\/blog\/wp-json\/wp\/v2\/tags?post=21566"}],"curies":[{"name":"wp","href":"https:\/\/api.w.org\/{rel}","templated":true}]}}