{"id":21555,"date":"2023-11-25T01:04:00","date_gmt":"2023-11-25T01:04:00","guid":{"rendered":"https:\/\/www.salvatorianas.org.br\/blog\/?p=21555"},"modified":"2023-11-24T20:06:02","modified_gmt":"2023-11-24T20:06:02","slug":"33a-semana-do-tempo-comum-ano-impar-i-3","status":"publish","type":"post","link":"https:\/\/www.salvatorianas.org.br\/blog\/33a-semana-do-tempo-comum-ano-impar-i-3\/","title":{"rendered":"33\u00aa Semana do Tempo Comum, Ano \u00cdmpar (I)"},"content":{"rendered":"\n<p>O Cordeiro que foi imolado \u00e9 digno de receber o poder, a divindade, a sabedoria, a for\u00e7a e a honra. A ele gl\u00f3ria e poder atrav\u00e9s dos s\u00e9culos (Ap 5,12; 1,6).<\/p>\n\n\n\n<p><em>Na<\/em><em>&nbsp;solenidade lit\u00fargica de hoje, somos acolhidos por Deus, que se disp\u00f5e a ser tudo em todos e restaura todas as coisas em seu Filho. Jesus, nosso Rei e Pastor, nos conduz pelos caminhos do cuidado e do amor pela vida, convidando-nos a reconhec\u00ea-lo e servi-lo no pr\u00f3ximo necessitado. No dia em que se conclui o 3\u00ba Ano Vocacional da Igreja no Brasil, celebremos em comunh\u00e3o com os crist\u00e3os leigos e leigas, que se comprometem dia a dia com o Reinado de nosso Senhor.<\/em><\/p>\n\n\n\n<p>Primeira Leitura:&nbsp;<strong>Ezequiel 34,11-12.15-17<\/strong><\/p>\n\n\n\n<p>Leitura da profecia de Ezequiel \u2013&nbsp;<sup>11<\/sup>Assim diz o Senhor Deus: \u201cVede! Eu mesmo vou procurar minhas ovelhas e tomar conta delas.&nbsp;<sup>12<\/sup>Como o pastor toma conta do rebanho, de dia, quando se encontra no meio das ovelhas dispersas, assim vou cuidar de minhas ovelhas e vou resgat\u00e1-las de todos os lugares em que foram dispersadas num dia de nuvens e escurid\u00e3o.<sup>&nbsp;15<\/sup>Eu mesmo vou apascentar as minhas ovelhas e faz\u00ea-las repousar \u2013 or\u00e1culo do Senhor Deus.&nbsp;<sup>16<\/sup>Vou procurar a ovelha perdida, reconduzir a extraviada, enfaixar a da perna quebrada, fortalecer a doente e vigiar a ovelha gorda e forte. Vou apascent\u00e1-las conforme o direito.&nbsp;<sup>17<\/sup>Quanto a v\u00f3s, minhas ovelhas \u2013 assim diz o Senhor Deus -, eu farei justi\u00e7a entre uma ovelha e outra, entre carneiros e bodes\u201d. \u2013 Palavra do Senhor.<\/p>\n\n\n\n<p>Salmo Responsorial:&nbsp;<strong>22(23)<\/strong><\/p>\n\n\n\n<p><strong>O Senhor \u00e9 o pastor que me conduz;&nbsp;\/&nbsp;n\u00e3o me falta coisa alguma.<\/strong><\/p>\n\n\n\n<p>1. Pelos prados e campinas verdejantes&nbsp;\/&nbsp;ele me leva a descansar.&nbsp;\/&nbsp;Para as \u00e1guas repousantes me encaminha&nbsp;\/&nbsp;e restaura as minhas for\u00e7as.&nbsp;\u2013 R.<\/p>\n\n\n\n<p>2. Preparais \u00e0 minha frente uma mesa,&nbsp;\/&nbsp;bem \u00e0 vista do inimigo,&nbsp;\/&nbsp;e com \u00f3leo v\u00f3s ungis minha cabe\u00e7a;&nbsp;\/&nbsp;o meu c\u00e1lice transborda.&nbsp;\u2013 R.<\/p>\n\n\n\n<p>3. Felicidade e todo bem h\u00e3o de seguir-me&nbsp;\/&nbsp;por toda a minha vida;&nbsp;\/&nbsp;e na casa do Senhor habitarei&nbsp;\/&nbsp;pelos tempos infinitos.&nbsp;\u2013 R.<\/p>\n\n\n\n<p>Segunda Leitura:&nbsp;<strong>1 Cor\u00edntios 15,20-26.28<\/strong><\/p>\n\n\n\n<p>Leitura da primeira carta de S\u00e3o Paulo aos Cor\u00edntios \u2013 Irm\u00e3os,&nbsp;<sup>20<\/sup>na realidade, Cristo ressuscitou dos mortos como prim\u00edcias dos que morreram.&nbsp;<sup>21<\/sup>Com efeito, por um homem veio a morte e \u00e9 tamb\u00e9m por um homem que vem a ressurrei\u00e7\u00e3o dos mortos.&nbsp;<sup>22<\/sup>Como em Ad\u00e3o todos morrem, assim tamb\u00e9m em Cristo todos reviver\u00e3o.&nbsp;<sup>23<\/sup>Por\u00e9m cada qual segundo uma ordem determinada: em primeiro lugar, Cristo, como prim\u00edcias; depois, os que pertencem a Cristo, por ocasi\u00e3o da sua vinda.&nbsp;<sup>24<\/sup>A seguir, ser\u00e1 o fim, quando ele entregar a realeza a Deus Pai, depois de destruir todo principado e todo poder e for\u00e7a.&nbsp;<sup>25<\/sup>Pois \u00e9 preciso que ele reine at\u00e9 que todos os seus inimigos estejam debaixo de seus p\u00e9s.&nbsp;<sup>26<\/sup>O \u00faltimo inimigo a ser destru\u00eddo \u00e9 a morte.&nbsp;<sup>28<\/sup>E, quando todas as coisas estiverem submetidas a ele, ent\u00e3o o pr\u00f3prio Filho se submeter\u00e1 \u00e0quele que lhe submeteu todas as coisas, para que Deus seja tudo em todos. \u2013 Palavra do Senhor.<\/p>\n\n\n\n<p>Evangelho:&nbsp;<strong>Mateus 25,31-46<\/strong><\/p>\n\n\n\n<p><strong><em>Aleluia, aleluia, aleluia.<\/em><\/strong><\/p>\n\n\n\n<p><strong>\u00c9 bendito aquele que vem vindo,&nbsp;\/&nbsp;que vem vindo em nome do Senhor;&nbsp;\/&nbsp;e o Reino que vem seja bendito;&nbsp;\/&nbsp;ao que vem e a seu Reino, o louvor! (Mc 11,10)&nbsp;\u2013 R.<\/strong><\/p>\n\n\n\n<p>Proclama\u00e7\u00e3o do Evangelho de Jesus Cristo segundo Mateus \u2013 Naquele tempo, disse Jesus a seus disc\u00edpulos:&nbsp;<sup>31<\/sup>\u201cQuando o Filho do Homem vier em sua gl\u00f3ria, acompanhado de todos os anjos, ent\u00e3o se assentar\u00e1 em seu trono glorioso.&nbsp;<sup>32<\/sup>Todos os povos da terra ser\u00e3o reunidos diante dele, e ele separar\u00e1 uns dos outros, assim como o pastor separa as ovelhas dos cabritos.&nbsp;<sup>33<\/sup>E colocar\u00e1 as ovelhas \u00e0 sua direita e os cabritos \u00e0 sua esquerda.&nbsp;<sup>34<\/sup>Ent\u00e3o o Rei dir\u00e1 aos que estiverem \u00e0 sua direita: \u2018Vinde, benditos de meu Pai! Recebei como heran\u00e7a o Reino que meu Pai vos preparou desde a cria\u00e7\u00e3o do mundo!&nbsp;<sup>35<\/sup>Pois eu estava com fome e me destes de comer; eu estava com sede e me destes de beber; eu era estrangeiro e me recebestes em casa;&nbsp;<sup>36<\/sup>eu estava nu e me vestistes; eu estava doente e cuidastes de mim; eu estava na pris\u00e3o e fostes me visitar\u2019.&nbsp;<sup>37<\/sup>Ent\u00e3o os justos lhe perguntar\u00e3o: \u2018Senhor, quando foi que te vimos com fome e te demos de comer? Com sede e te demos de beber?&nbsp;<sup>38<\/sup>Quando foi que te vimos como estrangeiro e te recebemos em casa, e sem roupa e te vestimos?&nbsp;<sup>39<\/sup>Quando foi que te vimos doente ou preso e fomos te visitar?\u2019&nbsp;<sup>40<\/sup>Ent\u00e3o o Rei lhes responder\u00e1: \u2018Em verdade eu vos digo que, todas as vezes que fizestes isso a um dos menores de meus irm\u00e3os, foi a mim que o fizestes!\u2019&nbsp;<sup>41<\/sup>Depois o Rei dir\u00e1 aos que estiverem \u00e0 sua esquerda: \u2018Afastai-vos de mim, malditos! Ide para o fogo eterno, preparado para o diabo e para os seus anjos.&nbsp;<sup>42<\/sup>Pois eu estava com fome e n\u00e3o me destes de comer; eu estava com sede e n\u00e3o me destes de beber;&nbsp;<sup>43<\/sup>eu era estrangeiro e n\u00e3o me recebestes em casa; eu estava nu e n\u00e3o me vestistes; eu estava doente e na pris\u00e3o e n\u00e3o fostes me visitar\u2019.&nbsp;<sup>44<\/sup>E responder\u00e3o tamb\u00e9m eles: \u2018Senhor, quando foi que te vimos com fome ou com sede, como estrangeiro ou nu, doente ou preso, e n\u00e3o te servimos?\u2019&nbsp;<sup>45<\/sup>Ent\u00e3o o Rei lhes responder\u00e1: \u2018Em verdade eu vos digo, todas as vezes que n\u00e3o fizestes isso a um desses pequeninos, foi a mim que n\u00e3o o fizestes!\u2019&nbsp;<sup>46<\/sup>Portanto, estes ir\u00e3o para o castigo eterno, enquanto os justos ir\u00e3o para a vida eterna\u201d. \u2013 Palavra da salva\u00e7\u00e3o.<\/p>\n\n\n\n<p>Reflex\u00e3o:<\/p>\n\n\n\n<p><em>S\u00e3o Jo\u00e3o da Cruz resume, numa frase, a cena do ju\u00edzo final: \u201cNo entardecer da vida, seremos examinados sobre o amor\u201d. Jesus esclarece que se trata de amor traduzido em a\u00e7\u00f5es concretas, amor que acode aos necessitados. Ao atender as v\u00edtimas de um sistema social injusto, estamos demonstrando amor a Deus: \u201cTodas as vezes que voc\u00eas fizeram isso a um desses meus irm\u00e3os mais pequeninos, foi a mim que o fizeram\u201d. O amor ao pr\u00f3ximo \u00e9 o culto que Deus prefere: \u201cA religi\u00e3o pura e sem mancha diante de Deus, nosso Pai, consiste em socorrer os \u00f3rf\u00e3os e vi\u00favas em seu sofrimento\u201d (Tg 1,27). Seremos julgados, no final, pelos atos de justi\u00e7a, amor e fraternidade praticados hoje. \u00danica exig\u00eancia para ouvirmos o confort\u00e1vel convite de Cristo: \u201cVenham, benditos de meu Pai! Recebam por heran\u00e7a o Reino\u201d.<\/em><\/p>\n","protected":false},"excerpt":{"rendered":"<p>O Cordeiro que foi imolado \u00e9 digno de receber o poder, a divindade, a sabedoria, a for\u00e7a e a honra. A ele gl\u00f3ria e poder atrav\u00e9s dos s\u00e9culos (Ap 5,12; 1,6). Na&nbsp;solenidade lit\u00fargica&#8230;<\/p>\n","protected":false},"author":2,"featured_media":21557,"comment_status":"open","ping_status":"open","sticky":false,"template":"","format":"standard","meta":[],"categories":[7],"tags":[],"_links":{"self":[{"href":"https:\/\/www.salvatorianas.org.br\/blog\/wp-json\/wp\/v2\/posts\/21555"}],"collection":[{"href":"https:\/\/www.salvatorianas.org.br\/blog\/wp-json\/wp\/v2\/posts"}],"about":[{"href":"https:\/\/www.salvatorianas.org.br\/blog\/wp-json\/wp\/v2\/types\/post"}],"author":[{"embeddable":true,"href":"https:\/\/www.salvatorianas.org.br\/blog\/wp-json\/wp\/v2\/users\/2"}],"replies":[{"embeddable":true,"href":"https:\/\/www.salvatorianas.org.br\/blog\/wp-json\/wp\/v2\/comments?post=21555"}],"version-history":[{"count":1,"href":"https:\/\/www.salvatorianas.org.br\/blog\/wp-json\/wp\/v2\/posts\/21555\/revisions"}],"predecessor-version":[{"id":21558,"href":"https:\/\/www.salvatorianas.org.br\/blog\/wp-json\/wp\/v2\/posts\/21555\/revisions\/21558"}],"wp:featuredmedia":[{"embeddable":true,"href":"https:\/\/www.salvatorianas.org.br\/blog\/wp-json\/wp\/v2\/media\/21557"}],"wp:attachment":[{"href":"https:\/\/www.salvatorianas.org.br\/blog\/wp-json\/wp\/v2\/media?parent=21555"}],"wp:term":[{"taxonomy":"category","embeddable":true,"href":"https:\/\/www.salvatorianas.org.br\/blog\/wp-json\/wp\/v2\/categories?post=21555"},{"taxonomy":"post_tag","embeddable":true,"href":"https:\/\/www.salvatorianas.org.br\/blog\/wp-json\/wp\/v2\/tags?post=21555"}],"curies":[{"name":"wp","href":"https:\/\/api.w.org\/{rel}","templated":true}]}}