{"id":21545,"date":"2023-11-23T01:15:00","date_gmt":"2023-11-23T01:15:00","guid":{"rendered":"https:\/\/www.salvatorianas.org.br\/blog\/?p=21545"},"modified":"2023-11-22T20:16:13","modified_gmt":"2023-11-22T20:16:13","slug":"33a-semana-do-tempo-comum-ano-impar-i-2","status":"publish","type":"post","link":"https:\/\/www.salvatorianas.org.br\/blog\/33a-semana-do-tempo-comum-ano-impar-i-2\/","title":{"rendered":"33\u00aa Semana do Tempo Comum, Ano \u00cdmpar (I)"},"content":{"rendered":"\n<p>Meus pensamentos s\u00e3o de paz e n\u00e3o de afli\u00e7\u00e3o, diz o Senhor. V\u00f3s me invocareis e hei de escutar-vos, e vos trarei de vosso cativeiro, de onde estiverdes (Jr 29,11s.14).<\/p>\n\n\n\n<p><em>Ciente do que realmente pode trazer a paz ao seu povo, o chefe da fam\u00edlia dos Macabeus se recusa a prestar culto aos \u00eddolos: \u201cDeus nos guarde de abandonarmos sua Lei e seus mandamentos\u201d. Na liturgia aprendemos a identificar e repelir os \u201c\u00eddolos modernos\u201d que nos ocupam a mente e o cora\u00e7\u00e3o.<\/em><\/p>\n\n\n\n<p>Primeira Leitura:&nbsp;<strong>1 Macabeus 2,15-29<\/strong><\/p>\n\n\n\n<p>Leitura do primeiro livro dos Macabeus \u2013 Naqueles dias,&nbsp;<sup>15<\/sup>os delegados do rei Ant\u00edoco, encarregados de obrigar os judeus \u00e0 apostasia, chegaram \u00e0 cidade de Modin para organizar os sacrif\u00edcios.&nbsp;<sup>16<\/sup>Muitos israelitas aproximaram-se deles, mas Matatias e seus filhos ficaram juntos, \u00e0 parte.&nbsp;<sup>17<\/sup>Tomando a palavra, os delegados do rei dirigiram-se a Matatias, dizendo: \u201cTu \u00e9s um chefe de fama e prest\u00edgio na cidade, apoiado por filhos e irm\u00e3os.<sup>&nbsp;18<\/sup>S\u00ea o primeiro a aproximar-te e executa a ordem do rei, como fizeram todas as na\u00e7\u00f5es, os homens de Jud\u00e1 e os que ficaram em Jerusal\u00e9m. Tu e teus filhos sereis contados entre os amigos do rei. E sereis honrados, tu e teus filhos, com prata e ouro e numerosos presentes\u201d.&nbsp;<sup>19<\/sup>Com voz forte, Matatias respondeu: \u201cAinda que todas as na\u00e7\u00f5es, incorporadas no imp\u00e9rio do rei, passem a obedecer-lhe, abandonando a religi\u00e3o de seus antepassados e submetendo-se aos decretos reais,&nbsp;<sup>20<\/sup>eu, meus filhos e meus irm\u00e3os continuaremos seguindo a alian\u00e7a de nossos pais.&nbsp;<sup>21<\/sup>Deus nos guarde de abandonarmos sua lei e seus mandamentos.&nbsp;<sup>22<\/sup>N\u00e3o atenderemos \u00e0s ordens do rei e n\u00e3o nos desviaremos de nossa religi\u00e3o nem para a direita nem para a esquerda\u201d.&nbsp;<sup>23<\/sup>Mal ele concluiu essas palavras, um judeu adiantou-se \u00e0 vista de todos para oferecer um sacrif\u00edcio no altar de Modin, segundo a determina\u00e7\u00e3o do rei.&nbsp;<sup>24<\/sup>Ao ver isso, Matatias inflamou-se de zelo e ficou profundamente indignado. Tomado de justa c\u00f3lera, precipitou-se contra o homem e matou-o sobre o altar.&nbsp;<sup>25<\/sup>Matou tamb\u00e9m o delegado do rei, que queria obrigar a sacrificar, e destruiu o altar.&nbsp;<sup>26<\/sup>Ardia em zelo pela Lei, como Fineias havia feito com Zambri, filho de Salu.&nbsp;<sup>27<\/sup>E Matatias saiu gritando em alta voz pela cidade: \u201cQuem tiver amor pela Lei e quiser conservar a alian\u00e7a, venha e siga-me!\u201d&nbsp;<sup>28<\/sup>Ent\u00e3o fugiu, ele e seus filhos, para as montanhas, abandonando tudo o que possu\u00edam na cidade.&nbsp;<sup>29<\/sup>Tamb\u00e9m muitos, seguidores da justi\u00e7a e do direito, desceram para o deserto e ali se estabeleceram. \u2013 Palavra do Senhor.<\/p>\n\n\n\n<p>Salmo Responsorial:&nbsp;<strong>49(50)<\/strong><\/p>\n\n\n\n<p><strong>A todos os que procedem retamente&nbsp;\/&nbsp;eu mostrarei a salva\u00e7\u00e3o que vem de Deus.<\/strong><\/p>\n\n\n\n<p>1. Falou o Senhor Deus, chamou a terra,&nbsp;\u2020&nbsp;do sol nascente ao sol poente a convocou.&nbsp;\/&nbsp;De Si\u00e3o, beleza plena, Deus refulge.&nbsp;\u2013 R.<\/p>\n\n\n\n<p>2. \u201cReuni \u00e0 minha frente os meus eleitos,&nbsp;\/&nbsp;que selaram a alian\u00e7a em sacrif\u00edcios!\u201d&nbsp;\/&nbsp;Testemunha o pr\u00f3prio c\u00e9u seu julgamento,&nbsp;\/&nbsp;porque Deus mesmo \u00e9 juiz e vai julgar.&nbsp;\u2013 R.<\/p>\n\n\n\n<p>3. Imola a Deus um sacrif\u00edcio de louvor&nbsp;\/&nbsp;e cumpre os votos que fizeste ao Alt\u00edssimo.&nbsp;\/&nbsp;Invoca-me no dia da ang\u00fastia,&nbsp;\/&nbsp;e ent\u00e3o te livrarei e h\u00e1s de louvar-me.&nbsp;\u2013 R.<\/p>\n\n\n\n<p>Evangelho:&nbsp;<strong>Lucas 19,41-44<\/strong><\/p>\n\n\n\n<p><strong><em>Aleluia<\/em><em>, aleluia, aleluia.<\/em><\/strong><\/p>\n\n\n\n<p><strong>Oxal\u00e1 ouv\u00edsseis hoje a sua voz:&nbsp;\/&nbsp;N\u00e3o fecheis os cora\u00e7\u00f5es como em Meriba! (Sl 94,8)&nbsp;\u2013 R.<\/strong><\/p>\n\n\n\n<p>Proclama\u00e7\u00e3o do Evangelho de Jesus Cristo segundo Lucas \u2013 Naquele tempo,&nbsp;<sup>41<\/sup>quando Jesus se aproximou de Jerusal\u00e9m e viu a cidade, come\u00e7ou a chorar. E disse:&nbsp;<sup>42<\/sup>\u201cSe tu tamb\u00e9m compreendesses hoje o que te pode trazer a paz! Agora, por\u00e9m, isso est\u00e1 escondido aos teus olhos!&nbsp;<sup>43<\/sup>Dias vir\u00e3o em que os inimigos far\u00e3o trincheiras contra ti e te cercar\u00e3o de todos os lados.&nbsp;<sup>44<\/sup>Eles esmagar\u00e3o a ti e a teus filhos. E n\u00e3o deixar\u00e3o em ti pedra sobre pedra. Porque tu n\u00e3o reconheceste o tempo em que foste visitada\u201d. \u2013 Palavra da salva\u00e7\u00e3o.<\/p>\n\n\n\n<p>Reflex\u00e3o:<\/p>\n\n\n\n<p><em>Tocado por forte como\u00e7\u00e3o, Jesus chora ao ver a cidade de Jerusal\u00e9m. Com essa atitude, que revela a sua delicada sensibilidade, ele expressa seu primeiro lamento: \u201cAh, se nesse dia tamb\u00e9m voc\u00ea conhecesse a mensagem de paz!\u201d. Esse dia refere-se ao tempo da presen\u00e7a do Messias, que vem para estabelecer no mundo a justi\u00e7a e a paz, e naturalmente a uni\u00e3o entre os povos. Entretanto, a cidade ignorou a longa cadeia dos antigos profetas com seus insistentes apelos de convers\u00e3o, e agora recha\u00e7a o pr\u00f3prio Jesus. O outro lamento refere-se \u00e0 destrui\u00e7\u00e3o da cidade e ao terror que cair\u00e1 sem clem\u00eancia sobre seus habitantes. Jesus sabe que tudo isso poderia ser evitado, se tivessem sido fi\u00e9is ao projeto de Deus. Refor\u00e7a o porqu\u00ea: a cidade \u201cn\u00e3o reconheceu o tempo em que foi visitada\u201d.<\/em><\/p>\n","protected":false},"excerpt":{"rendered":"<p>Meus pensamentos s\u00e3o de paz e n\u00e3o de afli\u00e7\u00e3o, diz o Senhor. V\u00f3s me invocareis e hei de escutar-vos, e vos trarei de vosso cativeiro, de onde estiverdes (Jr 29,11s.14). Ciente do que&#8230;<\/p>\n","protected":false},"author":2,"featured_media":21546,"comment_status":"open","ping_status":"open","sticky":false,"template":"","format":"standard","meta":[],"categories":[7],"tags":[],"_links":{"self":[{"href":"https:\/\/www.salvatorianas.org.br\/blog\/wp-json\/wp\/v2\/posts\/21545"}],"collection":[{"href":"https:\/\/www.salvatorianas.org.br\/blog\/wp-json\/wp\/v2\/posts"}],"about":[{"href":"https:\/\/www.salvatorianas.org.br\/blog\/wp-json\/wp\/v2\/types\/post"}],"author":[{"embeddable":true,"href":"https:\/\/www.salvatorianas.org.br\/blog\/wp-json\/wp\/v2\/users\/2"}],"replies":[{"embeddable":true,"href":"https:\/\/www.salvatorianas.org.br\/blog\/wp-json\/wp\/v2\/comments?post=21545"}],"version-history":[{"count":1,"href":"https:\/\/www.salvatorianas.org.br\/blog\/wp-json\/wp\/v2\/posts\/21545\/revisions"}],"predecessor-version":[{"id":21547,"href":"https:\/\/www.salvatorianas.org.br\/blog\/wp-json\/wp\/v2\/posts\/21545\/revisions\/21547"}],"wp:featuredmedia":[{"embeddable":true,"href":"https:\/\/www.salvatorianas.org.br\/blog\/wp-json\/wp\/v2\/media\/21546"}],"wp:attachment":[{"href":"https:\/\/www.salvatorianas.org.br\/blog\/wp-json\/wp\/v2\/media?parent=21545"}],"wp:term":[{"taxonomy":"category","embeddable":true,"href":"https:\/\/www.salvatorianas.org.br\/blog\/wp-json\/wp\/v2\/categories?post=21545"},{"taxonomy":"post_tag","embeddable":true,"href":"https:\/\/www.salvatorianas.org.br\/blog\/wp-json\/wp\/v2\/tags?post=21545"}],"curies":[{"name":"wp","href":"https:\/\/api.w.org\/{rel}","templated":true}]}}