{"id":21542,"date":"2023-11-22T01:24:00","date_gmt":"2023-11-22T01:24:00","guid":{"rendered":"https:\/\/www.salvatorianas.org.br\/blog\/?p=21542"},"modified":"2023-11-20T20:25:11","modified_gmt":"2023-11-20T20:25:11","slug":"santa-cecilia-virgem-e-martir-memoria-2","status":"publish","type":"post","link":"https:\/\/www.salvatorianas.org.br\/blog\/santa-cecilia-virgem-e-martir-memoria-2\/","title":{"rendered":"Santa Cec\u00edlia, virgem e m\u00e1rtir, Mem\u00f3ria"},"content":{"rendered":"\n<p>Louvem as virgens o nome do Senhor, porque s\u00f3 ele \u00e9 excelso; sua gl\u00f3ria excede a terra e o c\u00e9u (Sl 148,12ss).<\/p>\n\n\n\n<p><em>Cec\u00edlia, virgem e m\u00e1rtir, viveu na It\u00e1lia no s\u00e9culo 3\u00ba. Dedicou-se \u00e0 caridade para com os pobres e foi v\u00edtima das persegui\u00e7\u00f5es do imp\u00e9rio. Durante seu mart\u00edrio, insistiu para que os crist\u00e3os n\u00e3o negassem a f\u00e9. \u00c9 invocada como padroeira da m\u00fasica e do canto sacro. Ao celebrar sua mem\u00f3ria, pe\u00e7amos ao Senhor que nos torne mais fi\u00e9is \u00e0 nossa f\u00e9 em Cristo e multiplique nosso amor aos necessitados.<\/em><\/p>\n\n\n\n<p>Primeira Leitura:&nbsp;<strong>2 Macabeus 7,1.20-31<\/strong><\/p>\n\n\n\n<p>Leitura do segundo livro dos Macabeus \u2013 Naqueles dias,&nbsp;<sup>1<\/sup>aconteceu que foram presos sete irm\u00e3os com sua m\u00e3e, aos quais o rei, por meio de golpes de chicote e de nervos de boi, quis obrigar a comer carne de porco, que lhes era proibida.&nbsp;<sup>20<\/sup>Mas especialmente admir\u00e1vel e digna de aben\u00e7oada mem\u00f3ria foi a m\u00e3e, que, num s\u00f3 dia, viu morrer sete filhos e tudo suportou valorosamente por causa da esperan\u00e7a que depositou no Senhor.&nbsp;<sup>21<\/sup>Cheia de nobres sentimentos, ela exortava a cada um na l\u00edngua de seus pais e, revestindo de coragem varonil sua alma de mulher, dizia-lhes:&nbsp;<sup>22<\/sup>\u201cN\u00e3o sei como aparecestes em minhas entranhas: n\u00e3o fui eu quem vos deu o esp\u00edrito e a vida nem fui eu quem organizou os elementos dos vossos corpos.&nbsp;<sup>23<\/sup>Por isso, o Criador do mundo, que formou o homem na sua origem e preside \u00e0 gera\u00e7\u00e3o de todas as coisas, ele mesmo, na sua miseric\u00f3rdia, vos dar\u00e1 de novo o esp\u00edrito e a vida, pois agora vos desprezais a v\u00f3s mesmos, por amor \u00e0s suas leis\u201d.<sup>&nbsp;24<\/sup>Ant\u00edoco julgou que ela o desprezasse e suspeitou que o estivesse insultando. Como o mais novo dos irm\u00e3os ainda estivesse vivo, o rei tentava persuadi-lo. E n\u00e3o s\u00f3 com palavras, mas tamb\u00e9m com juramento, prometeu faz\u00ea-lo rico e feliz, al\u00e9m de torn\u00e1-lo seu amigo e confiar-lhe altas fun\u00e7\u00f5es, contanto que abandonasse as leis de seus antepassados.&nbsp;<sup>25<\/sup>Vendo que o jovem n\u00e3o lhe prestava nenhuma aten\u00e7\u00e3o, o rei chamou a m\u00e3e e exortou-a a dar conselhos ao rapaz, para que salvasse a sua vida.&nbsp;<sup>26<\/sup>Como ele insistisse com muitas palavras, ela concordou em persuadir o filho.&nbsp;<sup>27<\/sup>Inclinou-se ent\u00e3o para ele e, zombando do cruel tirano, assim falou na l\u00edngua de seus pais: \u201cFilho, tem compaix\u00e3o de mim, que te trouxe nove meses em meu seio e por tr\u00eas anos te amamentei; que te criei e eduquei at\u00e9 a idade que tens, sempre cuidando do teu sustento.<sup>&nbsp;28<\/sup>Eu te pe\u00e7o, meu filho: contempla o c\u00e9u e a terra e observa tudo o que neles existe. Reconhece que n\u00e3o foi de coisas existentes que Deus os fez, e que tamb\u00e9m o g\u00eanero humano surgiu da mesma forma.&nbsp;<sup>29<\/sup>N\u00e3o tenhas medo desse carrasco. Pelo contr\u00e1rio, s\u00ea digno de teus irm\u00e3os e aceita a morte, a fim de que eu torne a receber-te com eles no tempo da miseric\u00f3rdia\u201d.&nbsp;<sup>30<\/sup>Mal tinha ela acabado de falar, o jovem declarou: \u201cQue esperais? N\u00e3o obedecerei \u00e0s ordens do rei, mas aos mandamentos da Lei dada aos nossos pais por Mois\u00e9s.<sup>&nbsp;31<\/sup>E tu, que inventaste toda esp\u00e9cie de maldades contra os hebreus, n\u00e3o escapar\u00e1s \u00e0s m\u00e3os de Deus\u201d. \u2013 Palavra do Senhor.<\/p>\n\n\n\n<p>Salmo Responsorial:&nbsp;<strong>16(17)<\/strong><\/p>\n\n\n\n<p><strong>Ao despertar, me saciar\u00e1 vossa presen\u00e7a, \u00f3 Senhor!<\/strong><\/p>\n\n\n\n<p>1. \u00d3 Senhor, ouvi a minha justa causa,&nbsp;\/&nbsp;escutai-me e atendei o meu clamor!&nbsp;\/&nbsp;Inclinai o vosso ouvido \u00e0 minha prece,&nbsp;\/&nbsp;pois n\u00e3o existe falsidade nos meus l\u00e1bios!&nbsp;\u2013 R.<\/p>\n\n\n\n<p>2. Os meus passos eu firmei na vossa estrada,&nbsp;\/&nbsp;e por isso os meus p\u00e9s n\u00e3o vacilaram.&nbsp;\/&nbsp;Eu vos chamo, \u00f3 meu Deus, porque me ouvis,&nbsp;\/&nbsp;inclinai o vosso ouvido e escutai-me!&nbsp;\u2013 R.<\/p>\n\n\n\n<p>3. Protegei-me qual dos olhos a pupila&nbsp;\/&nbsp;e guardai-me \u00e0 prote\u00e7\u00e3o de vossas asas.&nbsp;\/&nbsp;E verei, justificado, a vossa face&nbsp;\/&nbsp;e, ao despertar, me saciar\u00e1 vossa presen\u00e7a.&nbsp;\u2013 R.<\/p>\n\n\n\n<p>Evangelho:&nbsp;<strong>Lucas 19,11-28<\/strong><\/p>\n\n\n\n<p><strong><em>Aleluia<\/em><em>, aleluia, aleluia.<\/em><\/strong><\/p>\n\n\n\n<p><strong>Eu vos escolhi a fim de que deis,&nbsp;\/&nbsp;no meio do mundo, um fruto que dure (Jo 15,16).&nbsp;\u2013 R.<\/strong><\/p>\n\n\n\n<p>Proclama\u00e7\u00e3o do Evangelho de Jesus Cristo segundo Lucas \u2013 Naquele tempo,&nbsp;<sup>11<\/sup>Jesus acrescentou uma par\u00e1bola, porque estava perto de Jerusal\u00e9m e eles pensavam que o Reino de Deus ia chegar logo.&nbsp;<sup>12<\/sup>Ent\u00e3o Jesus disse: \u201cUm homem nobre partiu para um pa\u00eds distante a fim de ser coroado rei e depois voltar.&nbsp;<sup>13<\/sup>Chamou ent\u00e3o dez dos seus empregados, entregou cem moedas de prata a cada um e disse: \u2018Procurai negociar at\u00e9 que eu volte\u2019.&nbsp;<sup>14<\/sup>Seus concidad\u00e3os, por\u00e9m, o odiavam e enviaram uma embaixada atr\u00e1s dele, dizendo: \u2018N\u00f3s n\u00e3o queremos que esse homem reine sobre n\u00f3s\u2019.&nbsp;<sup>15<\/sup>Mas o homem foi coroado rei e voltou. Mandou chamar os empregados, aos quais havia dado o dinheiro, a fim de saber quanto cada um havia lucrado.&nbsp;<sup>16<\/sup>O primeiro chegou e disse: \u2018Senhor, as cem moedas renderam dez vezes mais\u2019.&nbsp;<sup>17<\/sup>O homem disse: \u2018Muito bem, servo bom. Como foste fiel em coisas pequenas, recebe o governo de dez cidades\u2019.&nbsp;<sup>18<\/sup>O segundo chegou e disse: \u2018Senhor, as cem moedas renderam cinco vezes mais\u2019.&nbsp;<sup>19<\/sup>O homem disse tamb\u00e9m a este: \u2018Recebe tu tamb\u00e9m o governo de cinco cidades\u2019.&nbsp;<sup>20<\/sup>Chegou o outro empregado e disse: \u2018Senhor, aqui est\u00e3o as tuas cem moedas, que guardei num len\u00e7o,&nbsp;<sup>21<\/sup>pois eu tinha medo de ti, porque \u00e9s um homem severo. Recebes o que n\u00e3o deste e colhes o que n\u00e3o semeaste\u2019.&nbsp;<sup>22<\/sup>O homem disse: \u2018Servo mau, eu te julgo pela tua pr\u00f3pria boca. Tu sabias que eu sou um homem severo, que recebo o que n\u00e3o dei e colho o que n\u00e3o semeei.&nbsp;<sup>23<\/sup>Ent\u00e3o, por que tu n\u00e3o depositaste meu dinheiro no banco? Ao chegar, eu o retiraria com juros\u2019.&nbsp;<sup>24<\/sup>Depois disse aos que estavam a\u00ed presentes: \u2018Tirai dele as cem moedas e dai-as \u00e0quele que tem mil\u2019.&nbsp;<sup>25<\/sup>Os presentes disseram: \u2018Senhor, esse j\u00e1 tem mil moedas!\u2019&nbsp;<sup>26<\/sup>Ele respondeu: \u2018Eu vos digo, a todo aquele que j\u00e1 possui ser\u00e1 dado mais ainda; mas \u00e0quele que nada tem ser\u00e1 tirado at\u00e9 mesmo o que tem.&nbsp;<sup>27<\/sup>E quanto a esses inimigos, que n\u00e3o queriam que eu reinasse sobre eles, trazei-os aqui e matai-os na minha frente&#8217;\u201d.&nbsp;<sup>28<\/sup>Jesus caminhava \u00e0 frente dos disc\u00edpulos, subindo para Jerusal\u00e9m. \u2013 Palavra da salva\u00e7\u00e3o.<\/p>\n\n\n\n<p>Reflex\u00e3o:<\/p>\n\n\n\n<p><em>O homem nobre (Jesus) viaja para um pa\u00eds distante (casa do Pai) para conseguir o t\u00edtulo de rei (sua morte) e volta depois (ressurrei\u00e7\u00e3o) para o julgamento. O povo mau n\u00e3o aceita o Messias: \u201cN\u00e3o queremos que esse homem reine sobre n\u00f3s\u201d. O final da par\u00e1bola insinua o final tr\u00e1gico dos ingratos. Os empregados que fazem frutificar as cem moedas tomar\u00e3o parte no governo do Reino. O empregado in\u00fatil e medroso, que nada produziu, n\u00e3o ter\u00e1 parte no Reino. Deus procura em n\u00f3s os frutos, as boas obras, com base nas qualidades que ele mesmo nos concedeu. A senten\u00e7a conclusiva \u00e9 um programa para os membros da comunidade crist\u00e3: \u201cA todo aquele que tem, lhe ser\u00e1 dado\u201d. No Reino de Deus, quem \u201cproduz\u201d tem dentro de si o tesouro, a p\u00e9rola; quem n\u00e3o \u201cproduz\u201d, est\u00e1 vazio por dentro.<\/em><\/p>\n","protected":false},"excerpt":{"rendered":"<p>Louvem as virgens o nome do Senhor, porque s\u00f3 ele \u00e9 excelso; sua gl\u00f3ria excede a terra e o c\u00e9u (Sl 148,12ss). Cec\u00edlia, virgem e m\u00e1rtir, viveu na It\u00e1lia no s\u00e9culo 3\u00ba. Dedicou-se&#8230;<\/p>\n","protected":false},"author":2,"featured_media":21543,"comment_status":"open","ping_status":"open","sticky":false,"template":"","format":"standard","meta":[],"categories":[7],"tags":[],"_links":{"self":[{"href":"https:\/\/www.salvatorianas.org.br\/blog\/wp-json\/wp\/v2\/posts\/21542"}],"collection":[{"href":"https:\/\/www.salvatorianas.org.br\/blog\/wp-json\/wp\/v2\/posts"}],"about":[{"href":"https:\/\/www.salvatorianas.org.br\/blog\/wp-json\/wp\/v2\/types\/post"}],"author":[{"embeddable":true,"href":"https:\/\/www.salvatorianas.org.br\/blog\/wp-json\/wp\/v2\/users\/2"}],"replies":[{"embeddable":true,"href":"https:\/\/www.salvatorianas.org.br\/blog\/wp-json\/wp\/v2\/comments?post=21542"}],"version-history":[{"count":1,"href":"https:\/\/www.salvatorianas.org.br\/blog\/wp-json\/wp\/v2\/posts\/21542\/revisions"}],"predecessor-version":[{"id":21544,"href":"https:\/\/www.salvatorianas.org.br\/blog\/wp-json\/wp\/v2\/posts\/21542\/revisions\/21544"}],"wp:featuredmedia":[{"embeddable":true,"href":"https:\/\/www.salvatorianas.org.br\/blog\/wp-json\/wp\/v2\/media\/21543"}],"wp:attachment":[{"href":"https:\/\/www.salvatorianas.org.br\/blog\/wp-json\/wp\/v2\/media?parent=21542"}],"wp:term":[{"taxonomy":"category","embeddable":true,"href":"https:\/\/www.salvatorianas.org.br\/blog\/wp-json\/wp\/v2\/categories?post=21542"},{"taxonomy":"post_tag","embeddable":true,"href":"https:\/\/www.salvatorianas.org.br\/blog\/wp-json\/wp\/v2\/tags?post=21542"}],"curies":[{"name":"wp","href":"https:\/\/api.w.org\/{rel}","templated":true}]}}