{"id":21539,"date":"2023-11-21T01:23:00","date_gmt":"2023-11-21T01:23:00","guid":{"rendered":"https:\/\/www.salvatorianas.org.br\/blog\/?p=21539"},"modified":"2023-11-20T20:24:08","modified_gmt":"2023-11-20T20:24:08","slug":"santa-cecilia-virgem-e-martir-memoria","status":"publish","type":"post","link":"https:\/\/www.salvatorianas.org.br\/blog\/santa-cecilia-virgem-e-martir-memoria\/","title":{"rendered":"Santa Cec\u00edlia, virgem e m\u00e1rtir, Mem\u00f3ria"},"content":{"rendered":"\n<p>O Senhor Deus vos aben\u00e7oou, Virgem Maria, mais que a todas as mulheres. Ele exaltou o vosso nome: que todos os povos cantem vosso louvor (Jt 13,23.25).<\/p>\n\n\n\n<p><em>Celebrada no Oriente desde o s\u00e9culo 6\u00ba e no Ocidente desde o s\u00e9culo 14, esta mem\u00f3ria se refere \u00e0 entrada da Virgem Maria no templo de Jerusal\u00e9m. Ela \u00e9 o templo de Deus por excel\u00eancia e o sacr\u00e1rio vivo do Esp\u00edrito Santo. Rejubilando-nos com nossa M\u00e3e, exaltemos o Senhor pelos grandes prod\u00edgios que ele realiza em nossa vida.<\/em><\/p>\n\n\n\n<p>Primeira Leitura:&nbsp;<strong>Zacarias 2,14-17<\/strong><\/p>\n\n\n\n<p>Leitura da profecia de Zacarias \u2013&nbsp;<sup>14<\/sup>\u201cRejubila, alegra-te, cidade de Si\u00e3o, eis que venho para habitar no meio de ti, diz o Senhor.&nbsp;<sup>15<\/sup>Muitas na\u00e7\u00f5es se aproximar\u00e3o do Senhor naquele dia e ser\u00e3o o seu povo. Habitarei no meio de ti, e saber\u00e1s que o Senhor dos ex\u00e9rcitos me enviou a ti.&nbsp;<sup>16<\/sup>O Senhor entrar\u00e1 em posse de Jud\u00e1, como sua por\u00e7\u00e3o na terra santa, e escolher\u00e1 de novo Jerusal\u00e9m.&nbsp;<sup>17<\/sup>Emude\u00e7a todo mortal diante do Senhor, ele acaba de levantar-se de sua santa habita\u00e7\u00e3o\u201d. \u2013 Palavra do Senhor.<\/p>\n\n\n\n<p>Salmo Responsorial:&nbsp;<strong>Lc 1<\/strong><\/p>\n\n\n\n<p><strong>O Poderoso fez por mim maravilhas,&nbsp;\/&nbsp;e santo \u00e9 o seu nome.<\/strong><\/p>\n\n\n\n<p>1. A minha alma engrandece ao Senhor,&nbsp;\/&nbsp;e se alegrou o meu esp\u00edrito em Deus, meu salvador.&nbsp;\u2013 R.<\/p>\n\n\n\n<p>2. Pois ele viu a pequenez de sua serva,&nbsp;\/&nbsp;desde agora as gera\u00e7\u00f5es h\u00e3o de chamar-me de bendita.&nbsp;\/&nbsp;O Poderoso fez por mim maravilhas,&nbsp;\/&nbsp;e santo \u00e9 o seu nome!&nbsp;\u2013 R.<\/p>\n\n\n\n<p>3. Seu amor, de gera\u00e7\u00e3o em gera\u00e7\u00e3o,&nbsp;\/&nbsp;chega a todos os que o respeitam.&nbsp;\/&nbsp;Demonstrou o poder de seu bra\u00e7o,&nbsp;\/&nbsp;dispersou os orgulhosos.&nbsp;\u2013 R.<\/p>\n\n\n\n<p>4. Derrubou os poderosos de seus tronos&nbsp;\/&nbsp;e os humildes exaltou.&nbsp;\/&nbsp;De bens saciou os famintos&nbsp;\/&nbsp;e despediu, sem nada, os ricos.&nbsp;\u2013 R.<\/p>\n\n\n\n<p>5. Acolheu Israel, seu servidor,&nbsp;\/&nbsp;fiel ao seu amor,&nbsp;\/&nbsp;como havia prometido aos nossos pais&nbsp;\/&nbsp;em favor de Abra\u00e3o e de seus filhos para sempre.&nbsp;\u2013 R.<\/p>\n\n\n\n<p>Evangelho:&nbsp;<strong>Mateus 12,46-50<\/strong><\/p>\n\n\n\n<p><strong><em>Aleluia, aleluia, aleluia.<\/em><\/strong><\/p>\n\n\n\n<p><strong>Feliz quem ouve e observa a Palavra de Deus! (Lc 11,28)&nbsp;\u2013 R.<\/strong><\/p>\n\n\n\n<p>Proclama\u00e7\u00e3o do Evangelho de Jesus Cristo segundo Mateus \u2013 Naquele tempo,&nbsp;<sup>46<\/sup>enquanto Jesus estava falando \u00e0s multid\u00f5es, sua m\u00e3e e seus irm\u00e3os ficaram do lado de fora, procurando falar com ele.&nbsp;<sup>47<\/sup>Algu\u00e9m disse a Jesus: \u201cOlha! Tua m\u00e3e e teus irm\u00e3os est\u00e3o a\u00ed fora e querem falar contigo\u201d.&nbsp;<sup>48<\/sup>Jesus perguntou \u00e0quele que tinha falado: \u201cQuem \u00e9 minha m\u00e3e e quem s\u00e3o meus irm\u00e3os?\u201d&nbsp;<sup>49<\/sup>E, estendendo a m\u00e3o para os disc\u00edpulos, Jesus disse: \u201cEis minha m\u00e3e e meus irm\u00e3os.&nbsp;<sup>50<\/sup>Pois todo aquele que faz a vontade do meu Pai, que est\u00e1 nos c\u00e9us, esse \u00e9 meu irm\u00e3o, minha irm\u00e3 e minha m\u00e3e\u201d. \u2013 Palavra da salva\u00e7\u00e3o.<\/p>\n\n\n\n<p>Reflex\u00e3o:<\/p>\n\n\n\n<p><em>Os Evangelhos nada informam a respeito da inf\u00e2ncia de Maria. Entretanto, \u00e0 luz do que conhecemos, intu\u00edmos que a inf\u00e2ncia e a adolesc\u00eancia da M\u00e3e de Deus foram totalmente assinaladas pela gra\u00e7a de Deus. Mesmo sem levar em conta as edificantes hist\u00f3rias dos Evangelhos ap\u00f3crifos, podemos entrever uma clara mensagem que emerge da festa da Apresenta\u00e7\u00e3o de Nossa Senhora: o cora\u00e7\u00e3o de Maria sempre esteve voltado para a vontade de Deus. O surgimento dessa festa deu-se no Oriente, no s\u00e9culo VI. Somente no s\u00e9culo XIV \u00e9 que Roma a introduziu no seu calend\u00e1rio lit\u00fargico. N\u00e3o obstante as incertezas, devidas \u00e0 falta de fundamenta\u00e7\u00e3o b\u00edblica e hist\u00f3rica, a celebra\u00e7\u00e3o foi mantida no atual Calend\u00e1rio romano, n\u00e3o como festa, mas como \u201cmem\u00f3ria\u201d.<\/em><\/p>\n","protected":false},"excerpt":{"rendered":"<p>O Senhor Deus vos aben\u00e7oou, Virgem Maria, mais que a todas as mulheres. Ele exaltou o vosso nome: que todos os povos cantem vosso louvor (Jt 13,23.25). Celebrada no Oriente desde o s\u00e9culo&#8230;<\/p>\n","protected":false},"author":2,"featured_media":21540,"comment_status":"open","ping_status":"open","sticky":false,"template":"","format":"standard","meta":[],"categories":[7],"tags":[],"_links":{"self":[{"href":"https:\/\/www.salvatorianas.org.br\/blog\/wp-json\/wp\/v2\/posts\/21539"}],"collection":[{"href":"https:\/\/www.salvatorianas.org.br\/blog\/wp-json\/wp\/v2\/posts"}],"about":[{"href":"https:\/\/www.salvatorianas.org.br\/blog\/wp-json\/wp\/v2\/types\/post"}],"author":[{"embeddable":true,"href":"https:\/\/www.salvatorianas.org.br\/blog\/wp-json\/wp\/v2\/users\/2"}],"replies":[{"embeddable":true,"href":"https:\/\/www.salvatorianas.org.br\/blog\/wp-json\/wp\/v2\/comments?post=21539"}],"version-history":[{"count":1,"href":"https:\/\/www.salvatorianas.org.br\/blog\/wp-json\/wp\/v2\/posts\/21539\/revisions"}],"predecessor-version":[{"id":21541,"href":"https:\/\/www.salvatorianas.org.br\/blog\/wp-json\/wp\/v2\/posts\/21539\/revisions\/21541"}],"wp:featuredmedia":[{"embeddable":true,"href":"https:\/\/www.salvatorianas.org.br\/blog\/wp-json\/wp\/v2\/media\/21540"}],"wp:attachment":[{"href":"https:\/\/www.salvatorianas.org.br\/blog\/wp-json\/wp\/v2\/media?parent=21539"}],"wp:term":[{"taxonomy":"category","embeddable":true,"href":"https:\/\/www.salvatorianas.org.br\/blog\/wp-json\/wp\/v2\/categories?post=21539"},{"taxonomy":"post_tag","embeddable":true,"href":"https:\/\/www.salvatorianas.org.br\/blog\/wp-json\/wp\/v2\/tags?post=21539"}],"curies":[{"name":"wp","href":"https:\/\/api.w.org\/{rel}","templated":true}]}}