{"id":21532,"date":"2023-11-20T01:59:00","date_gmt":"2023-11-20T01:59:00","guid":{"rendered":"https:\/\/www.salvatorianas.org.br\/blog\/?p=21532"},"modified":"2023-11-17T20:00:10","modified_gmt":"2023-11-17T20:00:10","slug":"33a-semana-do-tempo-comum-ano-impar-i","status":"publish","type":"post","link":"https:\/\/www.salvatorianas.org.br\/blog\/33a-semana-do-tempo-comum-ano-impar-i\/","title":{"rendered":"33\u00aa Semana do Tempo Comum, Ano \u00cdmpar (I)"},"content":{"rendered":"\n<p>Meus pensamentos s\u00e3o de paz e n\u00e3o de afli\u00e7\u00e3o, diz o Senhor. V\u00f3s me invocareis e hei de escutar-vos, e vos trarei de vosso cativeiro, de onde estiverdes (Jr 29,11s.14).<\/p>\n\n\n\n<p><em>Tempos dolorosos para o povo de Deus: a na\u00e7\u00e3o foi invadida, a idolatria se espalhou, Deus foi ofendido. H\u00e1, no entanto, os que enxergam e resistem. A liturgia nos convida a perguntar de que lado estamos: com os oprimidos ou com os opressores?<\/em><\/p>\n\n\n\n<p>Primeira Leitura:&nbsp;<strong>1 Macabeus 1,10-15.41-43.54-57.62-64<\/strong><\/p>\n\n\n\n<p>Leitura do primeiro livro dos Macabeus \u2013 Naqueles dias,&nbsp;<sup>10<\/sup>brotou uma raiz in\u00edqua, Ant\u00edoco Ep\u00edfanes, filho do rei Ant\u00edoco. Estivera em Roma, como ref\u00e9m, e subiu ao trono no ano cento e trinta e sete da era dos gregos.&nbsp;<sup>11<\/sup>Naqueles dias, apareceram em Israel pessoas \u00edmpias, que seduziram a muitos, dizendo: \u201cVamos fazer uma alian\u00e7a com as na\u00e7\u00f5es vizinhas, pois, desde que nos isolamos delas, muitas desgra\u00e7as nos aconteceram\u201d.<sup>&nbsp;12<\/sup>Essas palavras agradaram,&nbsp;<sup>13<\/sup>e alguns do povo entusiasmaram-se e foram procurar o rei, que os autorizou a seguir os costumes pag\u00e3os.&nbsp;<sup>14<\/sup>Edificaram em Jerusal\u00e9m um gin\u00e1sio, de acordo com as normas dos gentios.&nbsp;<sup>15<\/sup>Aboliram o uso da circuncis\u00e3o e renunciaram \u00e0 alian\u00e7a sagrada. Associaram-se com os pag\u00e3os e venderam-se para fazer o mal.&nbsp;<sup>41<\/sup>Ent\u00e3o o rei Ant\u00edoco publicou um decreto para todo o reino, ordenando que todos formassem um s\u00f3 povo, obrigando cada um a abandonar seus costumes particulares.&nbsp;<sup>42<\/sup>Todos os pag\u00e3os acataram a ordem do rei&nbsp;<sup>43<\/sup>e inclusive muitos israelitas adotaram sua religi\u00e3o, sacrificando aos \u00eddolos e profanando o s\u00e1bado.&nbsp;<sup>54<\/sup>No dia quinze do m\u00eas de Casleu, no ano cento e quarenta e cinco, Ant\u00edoco fez erigir sobre o altar dos sacrif\u00edcios a Abomina\u00e7\u00e3o da desola\u00e7\u00e3o. E pelas cidades circunvizinhas de Jud\u00e1 constru\u00edram altares.&nbsp;<sup>55<\/sup>Queimavam incenso junto \u00e0s portas das casas e nas ruas.&nbsp;<sup>56<\/sup>Os livros da Lei que lhes ca\u00edam nas m\u00e3os eram atirados ao fogo, depois de rasgados.&nbsp;<sup>57<\/sup>Em virtude do decreto real, era condenado \u00e0 morte todo aquele em cuja casa fosse encontrado um livro da Alian\u00e7a, assim como qualquer pessoa que continuasse a observar a Lei.&nbsp;<sup>62<\/sup>Mas muitos israelitas resistiram e decidiram firmemente n\u00e3o comer alimentos impuros.&nbsp;<sup>63<\/sup>Preferiram a morte a contaminar-se com aqueles alimentos. E, n\u00e3o querendo violar a alian\u00e7a sagrada, esses foram trucidados.<sup>&nbsp;64<\/sup>Uma c\u00f3lera terr\u00edvel se abateu sobre Israel. \u2013 Palavra do Senhor.<\/p>\n\n\n\n<p>Salmo Responsorial:&nbsp;<strong>118(119)<\/strong><\/p>\n\n\n\n<p><strong>Vivificai-me, \u00f3 Senhor, e guardarei vossa Alian\u00e7a!<\/strong><\/p>\n\n\n\n<p>1. Apodera-se de mim a indigna\u00e7\u00e3o,&nbsp;\/&nbsp;vendo que os \u00edmpios abandonam vossa lei.&nbsp;\u2013 R.<\/p>\n\n\n\n<p>2. Mesmo que os \u00edmpios me amarrem com seus la\u00e7os,&nbsp;\/&nbsp;nem assim hei de esquecer a vossa lei.&nbsp;\u2013 R.<\/p>\n\n\n\n<p>3. Libertai-me da opress\u00e3o e da cal\u00fania,&nbsp;\/&nbsp;para que eu possa observar vossos preceitos!&nbsp;\u2013 R.<\/p>\n\n\n\n<p>4. Meus opressores se aproximam com maldade;&nbsp;\/&nbsp;como est\u00e3o longe, \u00f3 Senhor, de vossa lei!&nbsp;\u2013 R.<\/p>\n\n\n\n<p>5. Como est\u00e3o longe de salvar-se os pecadores,&nbsp;\/&nbsp;pois n\u00e3o procuram, \u00f3 Senhor, vossa vontade!&nbsp;\u2013 R.<\/p>\n\n\n\n<p>6. Quando vejo os renegados, sinto nojo,&nbsp;\/&nbsp;porque foram infi\u00e9is \u00e0 vossa lei.&nbsp;\u2013 R.<\/p>\n\n\n\n<p>Evangelho:&nbsp;<strong>Lucas 18,35-43<\/strong><\/p>\n\n\n\n<p><strong><em>Aleluia<\/em><em>, aleluia, aleluia.<\/em><\/strong><\/p>\n\n\n\n<p><strong>Eu sou a luz do mundo;&nbsp;\/&nbsp;aquele que me segue&nbsp;\/&nbsp;n\u00e3o caminha entre as trevas,&nbsp;\/&nbsp;mas ter\u00e1 a luz da vida (Jo 8,12).&nbsp;\u2013 R.<\/strong><\/p>\n\n\n\n<p>Proclama\u00e7\u00e3o do Evangelho de Jesus Cristo segundo Lucas \u2013&nbsp;<sup>35<\/sup>Quando Jesus se aproximava de Jeric\u00f3, um cego estava sentado \u00e0 beira do caminho, pedindo esmolas.&nbsp;<sup>36<\/sup>Ouvindo a multid\u00e3o passar, ele perguntou o que estava acontecendo.&nbsp;<sup>37<\/sup>Disseram-lhe que Jesus Nazareno estava passando por ali.&nbsp;<sup>38<\/sup>Ent\u00e3o o cego gritou: \u201cJesus, filho de Davi, tem piedade de mim!\u201d&nbsp;<sup>39<\/sup>As pessoas que iam na frente mandavam que ele ficasse calado. Mas ele gritava mais ainda: \u201cFilho de Davi, tem piedade de mim!\u201d&nbsp;<sup>40<\/sup>Jesus parou e mandou que levassem o cego at\u00e9 ele. Quando o cego chegou perto, Jesus perguntou:&nbsp;<sup>41<\/sup>\u201cO que queres que eu fa\u00e7a por ti?\u201d O cego respondeu: \u201cSenhor, eu quero enxergar de novo\u201d.&nbsp;<sup>42<\/sup>Jesus disse: \u201cEnxerga, pois, de novo. A tua f\u00e9 te salvou\u201d.&nbsp;<sup>43<\/sup>No mesmo instante, o cego come\u00e7ou a ver de novo e seguia Jesus, glorificando a Deus. Vendo isso, todo o povo deu louvores a Deus. \u2013 Palavra da salva\u00e7\u00e3o.<\/p>\n\n\n\n<p>Reflex\u00e3o:<\/p>\n\n\n\n<p><em>Movido pela f\u00e9, o cego de Jeric\u00f3, ao saber que Jesus de Nazar\u00e9 est\u00e1 passando, come\u00e7a a gritar, pedindo-lhe piedade. N\u00e3o conta com a solidariedade dos que est\u00e3o ao redor de Jesus; ao contr\u00e1rio, estes querem silenci\u00e1-lo. \u00c9 a pr\u00e1tica mais comum em nossa sociedade: em vez de socorrermos os marginalizados, n\u00f3s os consideramos inconvenientes na vida social e os amorda\u00e7amos com sil\u00eancio paralisante. Em favor do cego de Jeric\u00f3, vem a sensibilidade de Jesus (bom ouvido e bom cora\u00e7\u00e3o), faz uma parada e manda que o chamem. Jesus lhe d\u00e1 mais do que simples esmola. Restitui-lhe a vis\u00e3o, e o cego passa a ver duplamente: enxerga Jesus com os olhos f\u00edsicos e com os olhos da f\u00e9. Tanto assim que d\u00e1 gl\u00f3ria a Deus e segue Jesus a caminho de Jerusal\u00e9m. Qual \u00e9 o tipo de cegueira que nos afeta?<\/em><\/p>\n","protected":false},"excerpt":{"rendered":"<p>Meus pensamentos s\u00e3o de paz e n\u00e3o de afli\u00e7\u00e3o, diz o Senhor. V\u00f3s me invocareis e hei de escutar-vos, e vos trarei de vosso cativeiro, de onde estiverdes (Jr 29,11s.14). Tempos dolorosos para&#8230;<\/p>\n","protected":false},"author":2,"featured_media":21533,"comment_status":"open","ping_status":"open","sticky":false,"template":"","format":"standard","meta":[],"categories":[7],"tags":[],"_links":{"self":[{"href":"https:\/\/www.salvatorianas.org.br\/blog\/wp-json\/wp\/v2\/posts\/21532"}],"collection":[{"href":"https:\/\/www.salvatorianas.org.br\/blog\/wp-json\/wp\/v2\/posts"}],"about":[{"href":"https:\/\/www.salvatorianas.org.br\/blog\/wp-json\/wp\/v2\/types\/post"}],"author":[{"embeddable":true,"href":"https:\/\/www.salvatorianas.org.br\/blog\/wp-json\/wp\/v2\/users\/2"}],"replies":[{"embeddable":true,"href":"https:\/\/www.salvatorianas.org.br\/blog\/wp-json\/wp\/v2\/comments?post=21532"}],"version-history":[{"count":1,"href":"https:\/\/www.salvatorianas.org.br\/blog\/wp-json\/wp\/v2\/posts\/21532\/revisions"}],"predecessor-version":[{"id":21534,"href":"https:\/\/www.salvatorianas.org.br\/blog\/wp-json\/wp\/v2\/posts\/21532\/revisions\/21534"}],"wp:featuredmedia":[{"embeddable":true,"href":"https:\/\/www.salvatorianas.org.br\/blog\/wp-json\/wp\/v2\/media\/21533"}],"wp:attachment":[{"href":"https:\/\/www.salvatorianas.org.br\/blog\/wp-json\/wp\/v2\/media?parent=21532"}],"wp:term":[{"taxonomy":"category","embeddable":true,"href":"https:\/\/www.salvatorianas.org.br\/blog\/wp-json\/wp\/v2\/categories?post=21532"},{"taxonomy":"post_tag","embeddable":true,"href":"https:\/\/www.salvatorianas.org.br\/blog\/wp-json\/wp\/v2\/tags?post=21532"}],"curies":[{"name":"wp","href":"https:\/\/api.w.org\/{rel}","templated":true}]}}