{"id":21529,"date":"2023-11-19T01:56:00","date_gmt":"2023-11-19T01:56:00","guid":{"rendered":"https:\/\/www.salvatorianas.org.br\/blog\/?p=21529"},"modified":"2023-11-17T19:59:33","modified_gmt":"2023-11-17T19:59:33","slug":"33o-domingo-do-tempo-comum-ano-a","status":"publish","type":"post","link":"https:\/\/www.salvatorianas.org.br\/blog\/33o-domingo-do-tempo-comum-ano-a\/","title":{"rendered":"33\u00ba Domingo do Tempo Comum, Ano A"},"content":{"rendered":"\n<p>Meus pensamentos s\u00e3o de paz e n\u00e3o de afli\u00e7\u00e3o, diz o Senhor. V\u00f3s me invocareis e hei de escutar-vos, e vos trarei de vosso cativeiro, de onde estiverdes (Jr 29,11s.14).<\/p>\n\n\n\n<p><em>Na condi\u00e7\u00e3o de filhos e filhas da luz, somos convidados a administrar com fidelidade os dons e talentos que Deus nos confia. Anima-nos ouvir, nesta liturgia, o que o Senhor deseja nos dizer a cada dia: Servo bom e fiel, eu lhe confiarei muito mais. Celebremos o s\u00e9timo Dia Mundial dos Pobres, renovando a disposi\u00e7\u00e3o de nunca afastar dos pobres e necessitados o nosso olhar.<\/em><\/p>\n\n\n\n<p>Primeira Leitura:&nbsp;<strong>Prov\u00e9rbios 31,10-13.19-20.30-31<\/strong><\/p>\n\n\n\n<p>Leitura do livro dos Prov\u00e9rbios \u2013&nbsp;<sup>10<\/sup>Uma mulher forte, quem a encontrar\u00e1? Ela vale muito mais do que as joias.&nbsp;<sup>11<\/sup>Seu marido confia nela plenamente e n\u00e3o ter\u00e1 falta de recursos.&nbsp;<sup>12<\/sup>Ela lhe d\u00e1 s\u00f3 alegria e nenhum desgosto, todos os dias de sua vida.&nbsp;<sup>13<\/sup>Procura l\u00e3 e linho, e com habilidade trabalham as suas m\u00e3os.&nbsp;<sup>19<\/sup>Estende a m\u00e3o para a roca, e seus dedos seguram o fuso.&nbsp;<sup>20<\/sup>Abre suas m\u00e3os ao necessitado e estende suas m\u00e3os ao pobre.&nbsp;<sup>30<\/sup>O encanto \u00e9 enganador e a beleza \u00e9 passageira; a mulher que teme ao Senhor, essa, sim, merece louvor.&nbsp;<sup>31<\/sup>Proclamem o \u00eaxito de suas m\u00e3os, e na pra\u00e7a louvem-na as suas obras! \u2013 Palavra do Senhor.<\/p>\n\n\n\n<p>Salmo Responsorial:&nbsp;<strong>127(128)<\/strong><\/p>\n\n\n\n<p><strong>Felizes os que temem o Senhor e trilham seus caminhos!<\/strong><\/p>\n\n\n\n<p>1. Feliz \u00e9s tu se temes o Senhor&nbsp;\/&nbsp;e trilhas seus caminhos!&nbsp;\/&nbsp;Do trabalho de tuas m\u00e3os h\u00e1s de viver,&nbsp;\/&nbsp;ser\u00e1s feliz, tudo ir\u00e1 bem!&nbsp;\u2013 R.<\/p>\n\n\n\n<p>2. A tua esposa \u00e9 uma videira bem fecunda&nbsp;\/&nbsp;no cora\u00e7\u00e3o da tua casa;&nbsp;\/&nbsp;os teus filhos s\u00e3o rebentos de oliveira&nbsp;\/&nbsp;ao redor de tua mesa.&nbsp;\u2013 R.<\/p>\n\n\n\n<p>3. Ser\u00e1 assim aben\u00e7oado todo homem&nbsp;\/&nbsp;que teme o Senhor.&nbsp;\/&nbsp;O Senhor te aben\u00e7oe de Si\u00e3o&nbsp;\/&nbsp;cada dia de tua vida.&nbsp;\u2013 R.<\/p>\n\n\n\n<p>Segunda Leitura:&nbsp;<strong>1 Tessalonicenses 5,1-6<\/strong><\/p>\n\n\n\n<p>Leitura da primeira carta de S\u00e3o Paulo aos Tessalonicenses \u2013&nbsp;<sup>1<\/sup>Quanto ao tempo e \u00e0 hora, meus irm\u00e3os, n\u00e3o h\u00e1 por que vos escrever.&nbsp;<sup>2<\/sup>V\u00f3s mesmos sabeis perfeitamente que o dia do Senhor vir\u00e1 como ladr\u00e3o, de noite.&nbsp;<sup>3<\/sup>Quando as pessoas disserem: \u201cPaz e seguran\u00e7a!\u201d, ent\u00e3o de repente sobrevir\u00e1 a destrui\u00e7\u00e3o, como as dores de parto sobre a mulher gr\u00e1vida. E n\u00e3o poder\u00e3o escapar.&nbsp;<sup>4<\/sup>Mas v\u00f3s, meus irm\u00e3os, n\u00e3o estais nas trevas, de modo que esse dia vos surpreenda como um ladr\u00e3o.&nbsp;<sup>5<\/sup>Todos v\u00f3s sois filhos da luz e filhos do dia. N\u00e3o somos da noite nem das trevas.&nbsp;<sup>6<\/sup>Portanto, n\u00e3o durmamos, como os outros, mas sejamos vigilantes e s\u00f3brios. \u2013 Palavra do Senhor.<\/p>\n\n\n\n<p>Evangelho:&nbsp;<strong>Mateus 25,14-30 ou 14-15.19-21<\/strong><\/p>\n\n\n\n<p><strong>[A forma breve est\u00e1 entre colchetes.]<\/strong><\/p>\n\n\n\n<p><strong><em>Aleluia, aleluia, aleluia.<\/em><\/strong><\/p>\n\n\n\n<p><strong>Ficai em mim, e eu em v\u00f3s hei de ficar, diz o Senhor;&nbsp;\/&nbsp;quem em mim permanece, esse d\u00e1 muito fruto (Jo 15,4s).&nbsp;\u2013 R.<\/strong><\/p>\n\n\n\n<p>Proclama\u00e7\u00e3o do Evangelho de Jesus Cristo segundo Mateus \u2013&nbsp;<strong>[<\/strong>Naquele tempo, Jesus contou esta par\u00e1bola a seus disc\u00edpulos:&nbsp;<sup>14<\/sup>\u201cUm homem ia viajar para o estrangeiro. Chamou seus empregados e lhes entregou seus bens.&nbsp;<sup>15<\/sup>A um deu cinco talentos, a outro deu dois e ao terceiro, um; a cada qual de acordo com a sua capacidade. Em seguida viajou.<strong>]<\/strong>&nbsp;<sup>16<\/sup>O empregado que havia recebido cinco talentos saiu logo, trabalhou com eles e lucrou outros cinco.&nbsp;<sup>17<\/sup>Do mesmo modo, o que havia recebido dois lucrou outros dois.&nbsp;<sup>18<\/sup>Mas aquele que havia recebido um s\u00f3 saiu, cavou um buraco na terra e escondeu o dinheiro do seu patr\u00e3o.&nbsp;<strong>[<\/strong><sup>19<\/sup>Depois de muito tempo, o patr\u00e3o voltou e foi acertar contas com os empregados.&nbsp;<sup>20<\/sup>O empregado que havia recebido cinco talentos entregou-lhe mais cinco, dizendo: \u2018Senhor, tu me entregaste cinco talentos. Aqui est\u00e3o mais cinco que lucrei\u2019.&nbsp;<sup>21<\/sup>O patr\u00e3o lhe disse: \u2018Muito bem, servo bom e fiel! Como foste fiel na administra\u00e7\u00e3o de t\u00e3o pouco, eu te confiarei muito mais. Vem participar da minha alegria!\u2019<strong>]<\/strong>&nbsp;<sup>22<\/sup>Chegou tamb\u00e9m o que havia recebido dois talentos e disse: \u2018Senhor, tu me entregaste dois talentos. Aqui est\u00e3o mais dois que lucrei\u2019.&nbsp;<sup>23<\/sup>O patr\u00e3o lhe disse: \u2018Muito bem, servo bom e fiel! Como foste fiel na administra\u00e7\u00e3o de t\u00e3o pouco, eu te confiarei muito mais. Vem participar da minha alegria!\u2019&nbsp;<sup>24<\/sup>Por fim, chegou aquele que havia recebido um talento e disse: \u2018Senhor, sei que \u00e9s um homem severo, pois colhes onde n\u00e3o plantaste e ceifas onde n\u00e3o semeaste.&nbsp;<sup>25<\/sup>Por isso fiquei com medo e escondi o teu talento no ch\u00e3o. Aqui tens o que te pertence\u2019.&nbsp;<sup>26<\/sup>O patr\u00e3o lhe respondeu: \u2018Servo mau e pregui\u00e7oso! Tu sabias que eu colho onde n\u00e3o plantei e ceifo onde n\u00e3o semeei?&nbsp;<sup>27<\/sup>Ent\u00e3o devias ter depositado meu dinheiro no banco, para que, ao voltar, eu recebesse com juros o que me pertence\u2019.&nbsp;<sup>28<\/sup>Em seguida, o patr\u00e3o ordenou: \u2018Tirai dele o talento e dai-o \u00e0quele que tem dez!&nbsp;<sup>29<\/sup>Porque a todo aquele que tem ser\u00e1 dado mais, e ter\u00e1 em abund\u00e2ncia, mas daquele que n\u00e3o tem, at\u00e9 o que tem lhe ser\u00e1 tirado.&nbsp;<sup>30<\/sup>Quanto a este servo in\u00fatil, jogai-o l\u00e1 fora, na escurid\u00e3o. A\u00ed haver\u00e1 choro e ranger de dentes!&#8217;\u201d \u2013 Palavra da salva\u00e7\u00e3o.<\/p>\n\n\n\n<p>Reflex\u00e3o:<\/p>\n\n\n\n<p><em>Jesus se serve do campo da economia para explicar o mist\u00e9rio do Reino de Deus. Enquanto est\u00e3o neste mundo, os crist\u00e3os precisam produzir frutos de justi\u00e7a, conforme as capacidades que receberam. Ao retornar, a qualquer momento e no fim dos tempos, o patr\u00e3o (Jesus) pede contas da administra\u00e7\u00e3o. Cada talento corresponde a enorme quantia. Os dois primeiros servos fazem seus talentos (seus dons) se multiplicar. O pr\u00eamio \u00e9 conviver com o patr\u00e3o (Deus). O terceiro servo, ao inv\u00e9s, fez mau uso do talento. Defendeu-se, pondo a culpa na exig\u00eancia do patr\u00e3o, que o qualificou como \u201cservo mau e pregui\u00e7oso\u201d, e o castigou com palavras duras: \u201cfora\u201d, \u201cescurid\u00e3o\u201d, \u201cchoro e ranger de dentes\u201d. \u00c9 uma forma figurada para indicar que a vida perdeu o sentido. O que estamos fazendo da vida que de Deus recebemos?<\/em><\/p>\n","protected":false},"excerpt":{"rendered":"<p>Meus pensamentos s\u00e3o de paz e n\u00e3o de afli\u00e7\u00e3o, diz o Senhor. V\u00f3s me invocareis e hei de escutar-vos, e vos trarei de vosso cativeiro, de onde estiverdes (Jr 29,11s.14). Na condi\u00e7\u00e3o de&#8230;<\/p>\n","protected":false},"author":2,"featured_media":21530,"comment_status":"open","ping_status":"open","sticky":false,"template":"","format":"standard","meta":[],"categories":[7],"tags":[],"_links":{"self":[{"href":"https:\/\/www.salvatorianas.org.br\/blog\/wp-json\/wp\/v2\/posts\/21529"}],"collection":[{"href":"https:\/\/www.salvatorianas.org.br\/blog\/wp-json\/wp\/v2\/posts"}],"about":[{"href":"https:\/\/www.salvatorianas.org.br\/blog\/wp-json\/wp\/v2\/types\/post"}],"author":[{"embeddable":true,"href":"https:\/\/www.salvatorianas.org.br\/blog\/wp-json\/wp\/v2\/users\/2"}],"replies":[{"embeddable":true,"href":"https:\/\/www.salvatorianas.org.br\/blog\/wp-json\/wp\/v2\/comments?post=21529"}],"version-history":[{"count":1,"href":"https:\/\/www.salvatorianas.org.br\/blog\/wp-json\/wp\/v2\/posts\/21529\/revisions"}],"predecessor-version":[{"id":21531,"href":"https:\/\/www.salvatorianas.org.br\/blog\/wp-json\/wp\/v2\/posts\/21529\/revisions\/21531"}],"wp:featuredmedia":[{"embeddable":true,"href":"https:\/\/www.salvatorianas.org.br\/blog\/wp-json\/wp\/v2\/media\/21530"}],"wp:attachment":[{"href":"https:\/\/www.salvatorianas.org.br\/blog\/wp-json\/wp\/v2\/media?parent=21529"}],"wp:term":[{"taxonomy":"category","embeddable":true,"href":"https:\/\/www.salvatorianas.org.br\/blog\/wp-json\/wp\/v2\/categories?post=21529"},{"taxonomy":"post_tag","embeddable":true,"href":"https:\/\/www.salvatorianas.org.br\/blog\/wp-json\/wp\/v2\/tags?post=21529"}],"curies":[{"name":"wp","href":"https:\/\/api.w.org\/{rel}","templated":true}]}}