{"id":21526,"date":"2023-11-18T01:55:00","date_gmt":"2023-11-18T01:55:00","guid":{"rendered":"https:\/\/www.salvatorianas.org.br\/blog\/?p=21526"},"modified":"2023-11-17T19:56:34","modified_gmt":"2023-11-17T19:56:34","slug":"32a-semana-do-tempo-comum-ano-impar-i-5","status":"publish","type":"post","link":"https:\/\/www.salvatorianas.org.br\/blog\/32a-semana-do-tempo-comum-ano-impar-i-5\/","title":{"rendered":"32\u00aa Semana do Tempo Comum, Ano \u00cdmpar (I)"},"content":{"rendered":"\n<p>V\u00f3s os fizestes pr\u00edncipes sobre toda a terra; vosso nome ser\u00e1 lembrado de gera\u00e7\u00e3o em gera\u00e7\u00e3o. E os povos vos louvar\u00e3o por todos os s\u00e9culos (Sl 44,17s).<\/p>\n\n\n\n<p><em>As duas bas\u00edlicas cuja dedica\u00e7\u00e3o festejamos hoje \u2013 uma edificada sobre o sepulcro de Pedro e outra sobre o sepulcro de Paulo \u2013 encontram-se associadas na liturgia e s\u00e3o testemunhas da unidade e da apostolicidade da Igreja. Na celebra\u00e7\u00e3o desta mem\u00f3ria, pe\u00e7amos ao Senhor a perseveran\u00e7a na f\u00e9 e fervoroso zelo apost\u00f3lico.<\/em><\/p>\n\n\n\n<p>Primeira Leitura:&nbsp;<strong>Atos 28,11-16.30-31<\/strong><\/p>\n\n\n\n<p>Leitura dos Atos dos Ap\u00f3stolos \u2013&nbsp;<sup>11<\/sup>Depois de tr\u00eas meses, embarcamos num navio alexandrino, que passara o inverno na ilha de Malta e tinha como emblema os Di\u00f3scuros.&nbsp;<sup>12<\/sup>Fizemos escala em Siracusa e a\u00ed permanecemos tr\u00eas dias.&nbsp;<sup>13<\/sup>Depois, costeando, chegamos a R\u00e9gio. No dia seguinte, levantou-se o vento sul e, em dois dias, chegamos a Put\u00e9oli.&nbsp;<sup>14<\/sup>A\u00ed encontramos alguns irm\u00e3os, que nos pediram para ficar sete dias com eles. Em seguida, fomos para Roma.&nbsp;<sup>15<\/sup>Os irm\u00e3os de Roma, informados a nosso respeito, vieram receber-nos no Foro \u00c1pio e Tr\u00eas Tabernas. Ao v\u00ea-los, Paulo deu gra\u00e7as a Deus e sentiu-se animado.&nbsp;<sup>16<\/sup>Quando entramos em Roma, Paulo recebeu permiss\u00e3o para morar em casa particular, com um soldado que o vigiava.&nbsp;<sup>30<\/sup>Paulo morou dois anos numa casa alugada. Ele recebia todos os que o procuravam,&nbsp;<sup>31<\/sup>pregando o Reino de Deus. Com toda a coragem e sem obst\u00e1culos, ele ensinava as coisas que se referiam ao Senhor Jesus Cristo. \u2013 Palavra do Senhor.<\/p>\n\n\n\n<p>Salmo Responsorial:&nbsp;<strong>97(98)<\/strong><\/p>\n\n\n\n<p><strong>O Senhor fez conhecer seu poder salvador,&nbsp;\/&nbsp;e \u00e0s na\u00e7\u00f5es, sua justi\u00e7a.<\/strong><\/p>\n\n\n\n<p>1. Cantai ao Senhor Deus um canto novo,&nbsp;\/&nbsp;porque ele fez prod\u00edgios.&nbsp;\/&nbsp;Sua m\u00e3o e o seu bra\u00e7o forte e santo&nbsp;\/&nbsp;alcan\u00e7aram-lhe a vit\u00f3ria.&nbsp;\u2013 R.<\/p>\n\n\n\n<p>2. O Senhor fez conhecer a salva\u00e7\u00e3o,&nbsp;\/&nbsp;e \u00e0s na\u00e7\u00f5es, sua justi\u00e7a;&nbsp;\/&nbsp;recordou o seu amor sempre fiel&nbsp;\/&nbsp;pela casa de Israel.&nbsp;\u2013 R.<\/p>\n\n\n\n<p>3. Os confins do universo contemplaram&nbsp;\/&nbsp;a salva\u00e7\u00e3o do nosso Deus.&nbsp;\/&nbsp;Aclamai o Senhor Deus, \u00f3 terra inteira,&nbsp;\/&nbsp;alegrai-vos e exultai!&nbsp;\u2013 R.<\/p>\n\n\n\n<p>4. Cantai salmos ao Senhor ao som da harpa&nbsp;\/&nbsp;e da c\u00edtara suave!&nbsp;\/&nbsp;Aclamai, com os clarins e as trombetas,&nbsp;\/&nbsp;ao Senhor, o nosso rei.&nbsp;\u2013 R.<\/p>\n\n\n\n<p>Evangelho:&nbsp;<strong>Mateus 14,22-33<\/strong><\/p>\n\n\n\n<p><strong><em>Aleluia, aleluia, aleluia.<\/em><\/strong><\/p>\n\n\n\n<p><strong>A v\u00f3s, \u00f3 Deus, louvamos, a v\u00f3s, Senhor, cantamos;&nbsp;\/&nbsp;vos louva, \u00f3 Senhor, o coro dos ap\u00f3stolos!&nbsp;\u2013 R.<\/strong><\/p>\n\n\n\n<p>Proclama\u00e7\u00e3o do Evangelho de Jesus Cristo segundo Mateus \u2013 Depois que a multid\u00e3o comera fartamente,&nbsp;<sup>22<\/sup>Jesus mandou que os disc\u00edpulos entrassem na barca e seguissem, \u00e0 sua frente, para o outro lado do mar, enquanto ele despediria as multid\u00f5es.&nbsp;<sup>23<\/sup>Depois de despedi-las, Jesus subiu ao monte, para orar a s\u00f3s. A noite chegou, e Jesus continuava ali, sozinho.&nbsp;<sup>24<\/sup>A barca, por\u00e9m, j\u00e1 longe da terra, era agitada pelas ondas, pois o vento era contr\u00e1rio.&nbsp;<sup>25<\/sup>Pelas tr\u00eas horas da manh\u00e3, Jesus veio at\u00e9 os disc\u00edpulos, andando sobre o mar.&nbsp;<sup>26<\/sup>Quando os disc\u00edpulos o avistaram andando sobre o mar, ficaram apavorados e disseram: \u201c\u00c9 um fantasma\u201d. E gritaram de medo.&nbsp;<sup>27<\/sup>Jesus, por\u00e9m, logo lhes disse: \u201cCoragem, sou eu. N\u00e3o tenhais medo!\u201d&nbsp;<sup>28<\/sup>Ent\u00e3o Pedro lhe disse: \u201cSenhor, se \u00e9s tu, manda-me ir ao teu encontro, caminhando sobre a \u00e1gua\u201d.&nbsp;<sup>29<\/sup>E Jesus respondeu: \u201cVem!\u201d Pedro desceu da barca e come\u00e7ou a andar sobre a \u00e1gua, em dire\u00e7\u00e3o a Jesus.&nbsp;<sup>30<\/sup>Mas, quando sentiu o vento, ficou com medo e, come\u00e7ando a afundar, gritou: \u201cSenhor, salva-me!\u201d&nbsp;<sup>31<\/sup>Jesus logo estendeu a m\u00e3o, segurou Pedro e lhe disse: \u201cHomem fraco na f\u00e9, por que duvidaste?\u201d&nbsp;<sup>32<\/sup>Assim que subiram na barca, o vento se acalmou.&nbsp;<sup>33<\/sup>Os que estavam na barca prostraram-se diante dele, dizendo: \u201cVerdadeiramente, tu \u00e9s o Filho de Deus!\u201d \u2013 Palavra da salva\u00e7\u00e3o.<\/p>\n\n\n\n<p>Reflex\u00e3o:<\/p>\n\n\n\n<p><em>Edificaram-se as bas\u00edlicas de S\u00e3o Pedro e de S\u00e3o Paulo para perpetuar a mem\u00f3ria destes dois gigantes do cristianismo. Seus nomes, e principalmente sua obra de evangeliza\u00e7\u00e3o, est\u00e3o intimamente ligados \u00e0 hist\u00f3ria de Roma, onde, pelo mart\u00edrio, deram testemunho de fidelidade a Cristo. A bas\u00edlica de S\u00e3o Pedro, em Roma, erigida por Constantino no s\u00e9culo IV sobre o t\u00famulo do ap\u00f3stolo Pedro, foi demolida no s\u00e9culo XVI, porque amea\u00e7ava ruir; no mesmo local, foi logo reconstru\u00edda outra mais espl\u00eandida, que Urbano VIII consagrou em 18 de novembro de 1626. Tamb\u00e9m a bas\u00edlica de S\u00e3o Paulo foi constru\u00edda no s\u00e9culo IV. Em 1823, um inc\u00eandio devastou grande parte do edif\u00edcio. Pio IX reconsagrou a bas\u00edlica em 10 de dezembro de 1854, no mesmo dia da solene proclama\u00e7\u00e3o do dogma da Imaculada Concei\u00e7\u00e3o da M\u00e3e de Deus.<\/em><\/p>\n","protected":false},"excerpt":{"rendered":"<p>V\u00f3s os fizestes pr\u00edncipes sobre toda a terra; vosso nome ser\u00e1 lembrado de gera\u00e7\u00e3o em gera\u00e7\u00e3o. E os povos vos louvar\u00e3o por todos os s\u00e9culos (Sl 44,17s). As duas bas\u00edlicas cuja dedica\u00e7\u00e3o festejamos&#8230;<\/p>\n","protected":false},"author":2,"featured_media":21527,"comment_status":"open","ping_status":"open","sticky":false,"template":"","format":"standard","meta":[],"categories":[7],"tags":[],"_links":{"self":[{"href":"https:\/\/www.salvatorianas.org.br\/blog\/wp-json\/wp\/v2\/posts\/21526"}],"collection":[{"href":"https:\/\/www.salvatorianas.org.br\/blog\/wp-json\/wp\/v2\/posts"}],"about":[{"href":"https:\/\/www.salvatorianas.org.br\/blog\/wp-json\/wp\/v2\/types\/post"}],"author":[{"embeddable":true,"href":"https:\/\/www.salvatorianas.org.br\/blog\/wp-json\/wp\/v2\/users\/2"}],"replies":[{"embeddable":true,"href":"https:\/\/www.salvatorianas.org.br\/blog\/wp-json\/wp\/v2\/comments?post=21526"}],"version-history":[{"count":1,"href":"https:\/\/www.salvatorianas.org.br\/blog\/wp-json\/wp\/v2\/posts\/21526\/revisions"}],"predecessor-version":[{"id":21528,"href":"https:\/\/www.salvatorianas.org.br\/blog\/wp-json\/wp\/v2\/posts\/21526\/revisions\/21528"}],"wp:featuredmedia":[{"embeddable":true,"href":"https:\/\/www.salvatorianas.org.br\/blog\/wp-json\/wp\/v2\/media\/21527"}],"wp:attachment":[{"href":"https:\/\/www.salvatorianas.org.br\/blog\/wp-json\/wp\/v2\/media?parent=21526"}],"wp:term":[{"taxonomy":"category","embeddable":true,"href":"https:\/\/www.salvatorianas.org.br\/blog\/wp-json\/wp\/v2\/categories?post=21526"},{"taxonomy":"post_tag","embeddable":true,"href":"https:\/\/www.salvatorianas.org.br\/blog\/wp-json\/wp\/v2\/tags?post=21526"}],"curies":[{"name":"wp","href":"https:\/\/api.w.org\/{rel}","templated":true}]}}