{"id":21504,"date":"2023-11-17T08:00:00","date_gmt":"2023-11-17T08:00:00","guid":{"rendered":"https:\/\/www.salvatorianas.org.br\/blog\/?p=21504"},"modified":"2023-11-13T23:48:35","modified_gmt":"2023-11-13T23:48:35","slug":"setimo-dia-de-falecimento-ir-gemma-maria-copini","status":"publish","type":"post","link":"https:\/\/www.salvatorianas.org.br\/blog\/setimo-dia-de-falecimento-ir-gemma-maria-copini\/","title":{"rendered":"S\u00e9timo dia de falecimento &#8211; Ir. Gemma Maria Copini"},"content":{"rendered":"\n<figure class=\"wp-block-image size-large\"><img decoding=\"async\" loading=\"lazy\" width=\"819\" height=\"1024\" src=\"https:\/\/www.salvatorianas.org.br\/blog\/wp-content\/uploads\/2023\/11\/Face-1-819x1024.jpg\" alt=\"\" class=\"wp-image-21506\" srcset=\"https:\/\/www.salvatorianas.org.br\/blog\/wp-content\/uploads\/2023\/11\/Face-1-819x1024.jpg 819w, https:\/\/www.salvatorianas.org.br\/blog\/wp-content\/uploads\/2023\/11\/Face-1-240x300.jpg 240w, https:\/\/www.salvatorianas.org.br\/blog\/wp-content\/uploads\/2023\/11\/Face-1-768x960.jpg 768w, https:\/\/www.salvatorianas.org.br\/blog\/wp-content\/uploads\/2023\/11\/Face-1.jpg 1080w\" sizes=\"(max-width: 819px) 100vw, 819px\" \/><\/figure>\n\n\n\n<p><\/p>\n\n\n\n<p><strong>\u00a0IR. GEMMA MARIA COPINI<\/strong> nasceu no dia 13 de dezembro de 1926, em Vila XV de Novembro\/RS.\u00a0\u00c9 a segunda dos doze filhos de Verg\u00edlio Copini e Mathilde Lanner Copini. Tem\u00a05 irm\u00e3os homens\u00a0e\u00a06 mulheres.\u00a0<\/p>\n\n\n\n<p>Recebeu o sacramento do Batismo no dia 30 de abril de 1928 e a Crisma no 09 de outubro de 1928 em Sede Aurora\/RS. Fez sua Primeira Eucaristia em 21 de novembro de 1932, tamb\u00e9m em Sede Aurora\/RS. Seus pais tinham uma forma\u00e7\u00e3o crist\u00e3 muito s\u00f3lida e ela cresceu na viv\u00eancia dos valores da vida familiar e da comunidade crist\u00e3, da ora\u00e7\u00e3o, do cultivo da f\u00e9, fiel na participa\u00e7\u00e3o da celebra\u00e7\u00e3o eucar\u00edstica com sua fam\u00edlia na comunidade.<\/p>\n\n\n\n<p>Neste ambiente de f\u00e9 vivenciado na fam\u00edlia e na comunidade crist\u00e3, Ir. Gemma foi sentindo interiormente grande desejo para ser servir a Deus e aos poucos foi descobrindo a voca\u00e7\u00e3o \u00e0 vida religiosa. Em resposta a esse apelo de Deus, ingressou na Congrega\u00e7\u00e3o no dia 20 de mar\u00e7o de 1944 em Videira\/SC, onde ap\u00f3s a forma\u00e7\u00e3o \u00e0 Vida Consagrada Salvatoriana professou os primeiros votos no dia 06 de janeiro de 1946 e os votos perp\u00e9tuos no dia 06 de janeiro de 1952. &nbsp;&nbsp;&nbsp;&nbsp;<\/p>\n\n\n\n<p>Realizou forma\u00e7\u00f5es diversas de m\u00e9dia dura\u00e7\u00e3o em: Enfermagem, Auxiliar de Cirurgias, Farm\u00e1cia hospitalar, CERNE, Teologia Pastoral. Cursos breves em Espiritualidade Religiosa e Crist\u00e3, Conhecimento e Aperfei\u00e7oamento pessoal.<\/p>\n\n\n\n<p>Nas suas atividades apost\u00f3licas dedicou-se a \u00e1rea da sa\u00fade, aprendeu e ensinou a muitas atrav\u00e9s de seus dons nas diversas comunidades. Iniciou suas atividades: na Comunidade do Hospital S\u00e3o Lucas, em Tangar\u00e1\/SC. Um ano mais tarde acompanhou jovens internas e tamb\u00e9m jovens em forma\u00e7\u00e3o para vida Salvatoriana, no Col\u00e9gio Imaculada Concei\u00e7\u00e3o, em Videira\/SC. De 1952 a 1958 atuou nos hospitais: S\u00e3o Jos\u00e9 e Santo Ant\u00f4nio em Videira\/SC, Cruzeiro, em Joa\u00e7aba\/SC, Divino Salvador em Videira\/SC. De 1958 a 1963 desenvolveu atividades junto a Equipe Provincial, em Videira\/SC. Residiu na Prov\u00edncia Salvatoriana S\u00e3o Paulo\/SP, e atuou na Pastoral nas Comunidades Salvatorianas em Indian\u00e1polis, Americana e S\u00e3o Joaquim da Barra em S\u00e3o Paulo\/SP e em Fortaleza no Cear\u00e1. Retornou a Prov\u00edncia Santa Catarina desenvolvendo atividades nos Hospitais: Nossa Senhora de F\u00e1tima, Coronel Freitas\/SC; S\u00e3o Luiz, Campo Alegre\/SC; Santo Ant\u00f4nio em L\u00e9bon R\u00e9gis\/SC. Em 1988 passou a residir na Comunidade Bet\u00e2nia Maria dos Ap\u00f3stolos em Campo Alegre\/SC com atividades junto a Pastoral da Crian\u00e7a e pessoas necessitadas da cidade e auxilio nas atividades da comunidade. Em 2020 passou a fazer parte da Comunidade Maria Teresa em Videira\/SC para atendimentos a necessidades de sua sa\u00fade, onde permaneceu at\u00e9 seus \u00faltimos dias.<\/p>\n\n\n\n<p><strong>Ir. Gemma Maria Coppini,<\/strong> aos 96 anos de vida e 77 anos de consagra\u00e7\u00e3o religiosa, recebeu o chamado de Deus para o encontro definitivo com Deus. IR. GEMMA repousa junto \u00e0 Trindade Santa que a acolhe face a face na morada eterna.<\/p>\n\n\n\n<p><strong>&nbsp;Ir. Gemma, neste dia nossa Gratid\u00e3o a Deus Salvador:<\/strong><\/p>\n\n\n\n<p>&#8211; pelo testemunho de vida que nos deixou;<\/p>\n\n\n\n<p>&#8211; pelo seu compromisso e amor pela Vida Religiosa Salvatoriana;<\/p>\n\n\n\n<p>&#8211; pela pessoa de ora\u00e7\u00e3o e f\u00e9 profunda que sua vida e a\u00e7\u00f5es apost\u00f3licas sempre revelaram;<\/p>\n\n\n\n<p>&#8211; pela sua vida simples, humilde, silenciosa e de um grande amor aos pobres;<\/p>\n\n\n\n<p>&#8211; pela sua presen\u00e7a mission\u00e1ria na hist\u00f3ria salvatoriana;<\/p>\n\n\n\n<p>&#8211; pela sua criatividade em viver o apostolado assumido.<\/p>\n\n\n\n<p>&nbsp;<strong>Ir. Gemma<\/strong> deixa o legado de devotamento \u00e0 Vida Crist\u00e3, com intenso zelo a Eucaristia, comprometimento com o Carisma e a Vida Salvatoriana da Prov\u00edncia Santa Catarina, assim como na assist\u00eancia \u00e0 fam\u00edlias desprovidas de bens e \u00e0s crian\u00e7as da Pastoral da Crian\u00e7a.<\/p>\n\n\n\n<p>Obrigada, Ir. Gemma, por sua vida entre n\u00f3s.<\/p>\n\n\n\n<p>Descanse em paz! Interceda junto a Deus pela Fam\u00edlia Salvatoriana e pela humanidade!<\/p>\n","protected":false},"excerpt":{"rendered":"<p>\u00a0IR. GEMMA MARIA COPINI nasceu no dia 13 de dezembro de 1926, em Vila XV de Novembro\/RS.\u00a0\u00c9 a segunda dos doze filhos de Verg\u00edlio Copini e Mathilde Lanner Copini. Tem\u00a05 irm\u00e3os homens\u00a0e\u00a06 mulheres.\u00a0&#8230;<\/p>\n","protected":false},"author":2,"featured_media":0,"comment_status":"open","ping_status":"open","sticky":false,"template":"","format":"standard","meta":[],"categories":[1],"tags":[],"_links":{"self":[{"href":"https:\/\/www.salvatorianas.org.br\/blog\/wp-json\/wp\/v2\/posts\/21504"}],"collection":[{"href":"https:\/\/www.salvatorianas.org.br\/blog\/wp-json\/wp\/v2\/posts"}],"about":[{"href":"https:\/\/www.salvatorianas.org.br\/blog\/wp-json\/wp\/v2\/types\/post"}],"author":[{"embeddable":true,"href":"https:\/\/www.salvatorianas.org.br\/blog\/wp-json\/wp\/v2\/users\/2"}],"replies":[{"embeddable":true,"href":"https:\/\/www.salvatorianas.org.br\/blog\/wp-json\/wp\/v2\/comments?post=21504"}],"version-history":[{"count":3,"href":"https:\/\/www.salvatorianas.org.br\/blog\/wp-json\/wp\/v2\/posts\/21504\/revisions"}],"predecessor-version":[{"id":21508,"href":"https:\/\/www.salvatorianas.org.br\/blog\/wp-json\/wp\/v2\/posts\/21504\/revisions\/21508"}],"wp:attachment":[{"href":"https:\/\/www.salvatorianas.org.br\/blog\/wp-json\/wp\/v2\/media?parent=21504"}],"wp:term":[{"taxonomy":"category","embeddable":true,"href":"https:\/\/www.salvatorianas.org.br\/blog\/wp-json\/wp\/v2\/categories?post=21504"},{"taxonomy":"post_tag","embeddable":true,"href":"https:\/\/www.salvatorianas.org.br\/blog\/wp-json\/wp\/v2\/tags?post=21504"}],"curies":[{"name":"wp","href":"https:\/\/api.w.org\/{rel}","templated":true}]}}