{"id":21497,"date":"2023-11-14T01:45:00","date_gmt":"2023-11-14T01:45:00","guid":{"rendered":"https:\/\/www.salvatorianas.org.br\/blog\/?p=21497"},"modified":"2023-11-16T20:01:23","modified_gmt":"2023-11-16T20:01:23","slug":"32a-semana-do-tempo-comum-ano-impar-i-2","status":"publish","type":"post","link":"https:\/\/www.salvatorianas.org.br\/blog\/32a-semana-do-tempo-comum-ano-impar-i-2\/","title":{"rendered":"32\u00aa Semana do Tempo Comum, Ano \u00cdmpar (I)"},"content":{"rendered":"\n<p>Chegue at\u00e9 v\u00f3s a minha s\u00faplica; inclinai vosso ouvido \u00e0 minha prece (Sl 87,3).<\/p>\n\n\n\n<p><em>Grande b\u00ean\u00e7\u00e3o \u00e9 aceitar Jesus e servi-lo, vivendo segundo seus ensinamentos, pois \u201ca vida dos justos est\u00e1 nas m\u00e3os de Deus\u2026 e sua esperan\u00e7a \u00e9 cheia de imortalidade\u201d. Palavras de conforto na passagem deste mundo para a eternidade.<\/em><\/p>\n\n\n\n<p>Primeira Leitura:&nbsp;<strong>Sabedoria 2,23-3,9<\/strong><\/p>\n\n\n\n<p>Leitura do livro da Sabedoria \u2013&nbsp;<sup>23<\/sup>Deus criou o homem para a imortalidade e o fez \u00e0 imagem de sua pr\u00f3pria natureza;&nbsp;<sup>24<\/sup>foi por inveja do diabo que a morte entrou no mundo, e experimentam-na os que a ele pertencem.&nbsp;<sup>3,1<\/sup>A vida dos justos est\u00e1 nas m\u00e3os de Deus, e nenhum tormento os atingir\u00e1.&nbsp;<sup>2<\/sup>Aos olhos dos insensatos parecem ter morrido; sua sa\u00edda do mundo foi considerada uma desgra\u00e7a,&nbsp;<sup>3<\/sup>e sua partida do meio de n\u00f3s, uma destrui\u00e7\u00e3o; mas eles est\u00e3o em paz.&nbsp;<sup>4<\/sup>Aos olhos dos homens parecem ter sido castigados, mas sua esperan\u00e7a \u00e9 cheia de imortalidade;&nbsp;<sup>5<\/sup>tendo sofrido leves corre\u00e7\u00f5es, ser\u00e3o cumulados de grandes bens, porque Deus os p\u00f4s \u00e0 prova e os achou dignos de si.&nbsp;<sup>6<\/sup>Provou-os como se prova o ouro no fogo e aceitou-os como ofertas de holocausto;&nbsp;<sup>7<\/sup>no dia do seu julgamento h\u00e3o de brilhar, correndo como centelhas no meio da palha;&nbsp;<sup>8<\/sup>v\u00e3o julgar as na\u00e7\u00f5es e dominar os povos, e o Senhor reinar\u00e1 sobre eles para sempre.&nbsp;<sup>9<\/sup>Os que nele confiam compreender\u00e3o a verdade, e os que perseveram no amor ficar\u00e3o junto dele, porque a gra\u00e7a e a miseric\u00f3rdia s\u00e3o para seus eleitos. \u2013 Palavra do Senhor.<\/p>\n\n\n\n<p>Salmo Responsorial:&nbsp;<strong>33(34)<\/strong><\/p>\n\n\n\n<p><strong>Bendirei o Senhor Deus em todo o tempo!<\/strong><\/p>\n\n\n\n<p>1. Bendirei o Senhor Deus em todo o tempo,&nbsp;\/&nbsp;seu louvor estar\u00e1 sempre em minha boca.&nbsp;\/&nbsp;Minha alma se gloria no Senhor;&nbsp;\/&nbsp;que ou\u00e7am os humildes e se alegrem!&nbsp;\u2013 R.<\/p>\n\n\n\n<p>2. O Senhor pousa seus olhos sobre os justos,&nbsp;\/&nbsp;e seu ouvido est\u00e1 atento ao seu chamado;&nbsp;\/&nbsp;mas ele volta a sua face contra os maus,&nbsp;\/&nbsp;para da terra apagar sua lembran\u00e7a.&nbsp;\u2013 R.<\/p>\n\n\n\n<p>3. Clamam os justos, e o Senhor bondoso escuta&nbsp;\/&nbsp;e de todas as ang\u00fastias os liberta.&nbsp;\/&nbsp;Do cora\u00e7\u00e3o atribulado ele est\u00e1 perto&nbsp;\/&nbsp;e conforta os de esp\u00edrito abatido.&nbsp;\u2013 R.<\/p>\n\n\n\n<p>Evangelho:&nbsp;<strong>Lucas 17,7-10<\/strong><\/p>\n\n\n\n<p><strong><em>Aleluia<\/em><em>, aleluia, aleluia.<\/em><\/strong><\/p>\n\n\n\n<p><strong>Quem me ama, realmente, guardar\u00e1 minha Palavra&nbsp;\/&nbsp;e meu Pai o amar\u00e1, e a ele n\u00f3s viremos (Jo 14,23).&nbsp;\u2013 R.<\/strong><\/p>\n\n\n\n<p>Proclama\u00e7\u00e3o do Evangelho de Jesus Cristo segundo Lucas \u2013 Naquele tempo, disse Jesus:&nbsp;<sup>7<\/sup>\u201cSe algum de v\u00f3s tem um empregado que trabalha a terra ou cuida dos animais, por acaso vai dizer-lhe, quando ele volta do campo: \u2018Vem depressa para a mesa\u2019?&nbsp;<sup>8<\/sup>Pelo contr\u00e1rio, n\u00e3o vai dizer ao empregado: \u2018Prepara-me o jantar, cinge-te e serve-me, enquanto eu como e bebo; depois disso tu poder\u00e1s comer e beber\u2019?&nbsp;<sup>9<\/sup>Ser\u00e1 que vai agradecer ao empregado, porque fez o que lhe havia mandado?&nbsp;<sup>10<\/sup>Assim tamb\u00e9m v\u00f3s, quando tiverdes feito tudo o que vos mandaram, dizei: \u2018Somos servos in\u00fateis; fizemos o que dev\u00edamos fazer&#8217;\u201d. \u2013 Palavra da salva\u00e7\u00e3o.<\/p>\n\n\n\n<p>Reflex\u00e3o:<\/p>\n\n\n\n<p><em>Jesus convida seus disc\u00edpulos a entregar-se inteiramente \u00e0 miss\u00e3o, sem buscar regalias incompat\u00edveis com a urg\u00eancia da implanta\u00e7\u00e3o do Reino de Deus. Ele \u00e9 o modelo do servo fiel: \u201cO Filho do Homem n\u00e3o veio para ser servido, mas para servir\u201d (Mc 10,45). Generoso e gratuito deve ser o servi\u00e7o que prestamos ao Reino de Jesus. S\u00e3o Paulo dizia aos l\u00edderes religiosos de \u00c9feso: \u201cEu servi ao Senhor com toda a humildade, com l\u00e1grimas e no meio das prova\u00e7\u00f5es\u2026 Nunca deixei de ensinar o que pudesse ser \u00fatil para voc\u00eas\u201d (At 20,19-20). A recompensa vir\u00e1, pois Deus est\u00e1 atento ao menor gesto de amor. Com humildade e alegria, fa\u00e7amos o que nos compete, segundo os dons que de Deus recebemos.<\/em><\/p>\n","protected":false},"excerpt":{"rendered":"<p>Chegue at\u00e9 v\u00f3s a minha s\u00faplica; inclinai vosso ouvido \u00e0 minha prece (Sl 87,3). Grande b\u00ean\u00e7\u00e3o \u00e9 aceitar Jesus e servi-lo, vivendo segundo seus ensinamentos, pois \u201ca vida dos justos est\u00e1 nas m\u00e3os&#8230;<\/p>\n","protected":false},"author":2,"featured_media":0,"comment_status":"open","ping_status":"open","sticky":false,"template":"","format":"standard","meta":[],"categories":[7],"tags":[],"_links":{"self":[{"href":"https:\/\/www.salvatorianas.org.br\/blog\/wp-json\/wp\/v2\/posts\/21497"}],"collection":[{"href":"https:\/\/www.salvatorianas.org.br\/blog\/wp-json\/wp\/v2\/posts"}],"about":[{"href":"https:\/\/www.salvatorianas.org.br\/blog\/wp-json\/wp\/v2\/types\/post"}],"author":[{"embeddable":true,"href":"https:\/\/www.salvatorianas.org.br\/blog\/wp-json\/wp\/v2\/users\/2"}],"replies":[{"embeddable":true,"href":"https:\/\/www.salvatorianas.org.br\/blog\/wp-json\/wp\/v2\/comments?post=21497"}],"version-history":[{"count":1,"href":"https:\/\/www.salvatorianas.org.br\/blog\/wp-json\/wp\/v2\/posts\/21497\/revisions"}],"predecessor-version":[{"id":21498,"href":"https:\/\/www.salvatorianas.org.br\/blog\/wp-json\/wp\/v2\/posts\/21497\/revisions\/21498"}],"wp:attachment":[{"href":"https:\/\/www.salvatorianas.org.br\/blog\/wp-json\/wp\/v2\/media?parent=21497"}],"wp:term":[{"taxonomy":"category","embeddable":true,"href":"https:\/\/www.salvatorianas.org.br\/blog\/wp-json\/wp\/v2\/categories?post=21497"},{"taxonomy":"post_tag","embeddable":true,"href":"https:\/\/www.salvatorianas.org.br\/blog\/wp-json\/wp\/v2\/tags?post=21497"}],"curies":[{"name":"wp","href":"https:\/\/api.w.org\/{rel}","templated":true}]}}