{"id":21489,"date":"2023-11-11T16:02:25","date_gmt":"2023-11-11T16:02:25","guid":{"rendered":"https:\/\/www.salvatorianas.org.br\/blog\/?p=21489"},"modified":"2023-11-14T15:45:03","modified_gmt":"2023-11-14T15:45:03","slug":"comunicado-de-falecimento-45","status":"publish","type":"post","link":"https:\/\/www.salvatorianas.org.br\/blog\/comunicado-de-falecimento-45\/","title":{"rendered":"COMUNICADO DE FALECIMENTO"},"content":{"rendered":"\n<p><\/p>\n\n\n\n<p>\u201cEu sou a Ressurrei\u00e7\u00e3o e a Vida quem cr\u00ea em mim,<br>ainda que morra, viver\u00e1\u201d.<br>(Jo 11, 25)<\/p>\n\n\n\n<figure class=\"wp-block-image size-full\"><img decoding=\"async\" loading=\"lazy\" width=\"1024\" height=\"1017\" src=\"https:\/\/www.salvatorianas.org.br\/blog\/wp-content\/uploads\/2023\/11\/WhatsApp-Image-2023-11-11-at-12.57.31.jpeg\" alt=\"\" class=\"wp-image-21490\" srcset=\"https:\/\/www.salvatorianas.org.br\/blog\/wp-content\/uploads\/2023\/11\/WhatsApp-Image-2023-11-11-at-12.57.31.jpeg 1024w, https:\/\/www.salvatorianas.org.br\/blog\/wp-content\/uploads\/2023\/11\/WhatsApp-Image-2023-11-11-at-12.57.31-300x298.jpeg 300w, https:\/\/www.salvatorianas.org.br\/blog\/wp-content\/uploads\/2023\/11\/WhatsApp-Image-2023-11-11-at-12.57.31-150x150.jpeg 150w, https:\/\/www.salvatorianas.org.br\/blog\/wp-content\/uploads\/2023\/11\/WhatsApp-Image-2023-11-11-at-12.57.31-768x763.jpeg 768w\" sizes=\"(max-width: 1024px) 100vw, 1024px\" \/><\/figure>\n\n\n\n<p><strong>Comunicado de falecimento<\/strong><\/p>\n\n\n\n<p>Ir. Gemma Copini, aos 96 anos de vida e 77 anos de Vida Consagrada Salvatoriana,<br>recebe o \u00faltimo chamado de Deus para o encontro face a face com Ele.<br>Comunicamos o seu falecimento ocorrido na madrugada de hoje, dia 11 de<br>novembro em Videira\/SC.<br>N\u00f3s, Im\u00e3s Salvatorianas e familiares compartilhamos esse momento de f\u00e9 e de<br>entrega a Deus Salvador a vida dessa nossa querida coirm\u00e3.<br>Seu vel\u00f3rio est\u00e1 acontecendo na Capela Mortu\u00e1ria em Santa Gema em Videira\/SC e<br>seu sepultamento acontecer\u00e1 hoje, ap\u00f3s a Celebra\u00e7\u00e3o Eucar\u00edstica, as 17h no<br>Cemit\u00e9rio Parque da Saudades em Videira\/SC.<br>Ir. Gemma, Gratid\u00e3o pela vida vivida e partilhada entre n\u00f3s e por tantos<br>ensinamentos \u00e0 nossa vida salvatoriana. Pedimos para que Deus na sua<br>miseric\u00f3rdia infinita a receba em sua gl\u00f3ria e que interceda por seus familiares,<br>por todas n\u00f3s e pela humanidade que sofre.<br>Certamente hoje Ir. Gemma se encontra face a face mergulhada na miseric\u00f3rdia<br>do Pai e com Maria, a m\u00e3e do Salvador rezemos: Minha alma engrandece o<br>Senhor meu esp\u00edrito exulta em Deus meu Salvador. (Lc 1, 46-47)<\/p>\n\n\n\n<p>Obrigada Ir. Gemma, descanse em Paz.<\/p>\n","protected":false},"excerpt":{"rendered":"<p>\u201cEu sou a Ressurrei\u00e7\u00e3o e a Vida quem cr\u00ea em mim,ainda que morra, viver\u00e1\u201d.(Jo 11, 25) Comunicado de falecimento Ir. Gemma Copini, aos 96 anos de vida e 77 anos de Vida Consagrada&#8230;<\/p>\n","protected":false},"author":2,"featured_media":0,"comment_status":"open","ping_status":"open","sticky":false,"template":"","format":"standard","meta":[],"categories":[1],"tags":[],"_links":{"self":[{"href":"https:\/\/www.salvatorianas.org.br\/blog\/wp-json\/wp\/v2\/posts\/21489"}],"collection":[{"href":"https:\/\/www.salvatorianas.org.br\/blog\/wp-json\/wp\/v2\/posts"}],"about":[{"href":"https:\/\/www.salvatorianas.org.br\/blog\/wp-json\/wp\/v2\/types\/post"}],"author":[{"embeddable":true,"href":"https:\/\/www.salvatorianas.org.br\/blog\/wp-json\/wp\/v2\/users\/2"}],"replies":[{"embeddable":true,"href":"https:\/\/www.salvatorianas.org.br\/blog\/wp-json\/wp\/v2\/comments?post=21489"}],"version-history":[{"count":1,"href":"https:\/\/www.salvatorianas.org.br\/blog\/wp-json\/wp\/v2\/posts\/21489\/revisions"}],"predecessor-version":[{"id":21491,"href":"https:\/\/www.salvatorianas.org.br\/blog\/wp-json\/wp\/v2\/posts\/21489\/revisions\/21491"}],"wp:attachment":[{"href":"https:\/\/www.salvatorianas.org.br\/blog\/wp-json\/wp\/v2\/media?parent=21489"}],"wp:term":[{"taxonomy":"category","embeddable":true,"href":"https:\/\/www.salvatorianas.org.br\/blog\/wp-json\/wp\/v2\/categories?post=21489"},{"taxonomy":"post_tag","embeddable":true,"href":"https:\/\/www.salvatorianas.org.br\/blog\/wp-json\/wp\/v2\/tags?post=21489"}],"curies":[{"name":"wp","href":"https:\/\/api.w.org\/{rel}","templated":true}]}}