{"id":21482,"date":"2023-11-13T01:29:00","date_gmt":"2023-11-13T01:29:00","guid":{"rendered":"https:\/\/www.salvatorianas.org.br\/blog\/?p=21482"},"modified":"2023-11-10T20:30:52","modified_gmt":"2023-11-10T20:30:52","slug":"32a-semana-do-tempo-comum-ano-impar-i","status":"publish","type":"post","link":"https:\/\/www.salvatorianas.org.br\/blog\/32a-semana-do-tempo-comum-ano-impar-i\/","title":{"rendered":"32\u00aa Semana do Tempo Comum, Ano \u00cdmpar (I)"},"content":{"rendered":"\n<p>Chegue at\u00e9 v\u00f3s a minha s\u00faplica; inclinai vosso ouvido \u00e0 minha prece (Sl 87,3).<\/p>\n\n\n\n<p><em>A sabedoria \u00e9 um atributo de Deus e n\u00e3o pode coabitar com o pecado. Somente quem est\u00e1 aberto para Deus est\u00e1 apto a receb\u00ea-la e com ela beneficiar a si pr\u00f3prio e aos outros, sobretudo os \u201cpequeninos\u201d da sociedade. Pe\u00e7amos que o Senhor conduza nossos caminhos com seu esp\u00edrito de sabedoria.<\/em><\/p>\n\n\n\n<p>Primeira Leitura:&nbsp;<strong>Sabedoria 1,1-7<\/strong><\/p>\n\n\n\n<p>In\u00edcio do livro da Sabedoria \u2013&nbsp;<sup>1<\/sup>Amai a justi\u00e7a, v\u00f3s que governais a terra; tende bons sentimentos para com o Senhor e procurai-o com simplicidade de cora\u00e7\u00e3o.&nbsp;<sup>2<\/sup>Ele se deixa encontrar pelos que n\u00e3o exigem provas e se manifesta aos que nele confiam.&nbsp;<sup>3<\/sup>Pois os pensamentos perversos afastam de Deus; e seu poder, posto \u00e0 prova, confunde os insensatos.&nbsp;<sup>4<\/sup>A sabedoria n\u00e3o entra numa alma que trama o mal nem mora num corpo sujeito ao pecado.&nbsp;<sup>5<\/sup>O esp\u00edrito santo, que a ensina, foge da ast\u00facia, afasta-se dos pensamentos insensatos e retrai-se quando sobrev\u00e9m a injusti\u00e7a.<sup>&nbsp;6<\/sup>Com efeito, a sabedoria \u00e9 o esp\u00edrito que ama os homens, mas n\u00e3o deixa sem castigo quem blasfema com seus pr\u00f3prios l\u00e1bios, pois Deus \u00e9 testemunha dos seus pensamentos, investiga seu cora\u00e7\u00e3o segundo a verdade e mant\u00e9m-se \u00e0 escuta da sua l\u00edngua;&nbsp;<sup>7<\/sup>porque o esp\u00edrito do Senhor enche toda a terra, mant\u00e9m unidas todas as coisas e tem conhecimento de tudo o que se diz. \u2013 Palavra do Senhor.<\/p>\n\n\n\n<p>Salmo Responsorial:&nbsp;<strong>138(139)<\/strong><\/p>\n\n\n\n<p><strong>Conduzi-me no caminho para a vida, \u00f3 Senhor!<\/strong><\/p>\n\n\n\n<p>1. Senhor, v\u00f3s me sondais e conheceis,&nbsp;\/&nbsp;sabeis quando me sento ou me levanto;&nbsp;\/&nbsp;de longe penetrais meus pensamentos,&nbsp;\u2020&nbsp;percebeis quando me deito e quando eu ando,&nbsp;\/&nbsp;os meus caminhos vos s\u00e3o todos conhecidos.&nbsp;\u2013 R.<\/p>\n\n\n\n<p>2. A palavra nem chegou \u00e0 minha l\u00edngua&nbsp;\/&nbsp;e j\u00e1, Senhor, a conheceis inteiramente.&nbsp;\/&nbsp;Por detr\u00e1s e pela frente me envolveis;&nbsp;\/&nbsp;pusestes sobre mim a vossa m\u00e3o.&nbsp;\/&nbsp;Essa verdade \u00e9 por demais maravilhosa,&nbsp;\/&nbsp;\u00e9 t\u00e3o sublime, que n\u00e3o posso compreend\u00ea-la.&nbsp;\u2013 R.<\/p>\n\n\n\n<p>3. Em que lugar me ocultarei de vosso esp\u00edrito?&nbsp;\/&nbsp;E para onde fugirei de vossa face?&nbsp;\/&nbsp;Se eu subir at\u00e9 os c\u00e9us, ali estais;&nbsp;\/&nbsp;se eu descer at\u00e9 o abismo, estais presente.&nbsp;\u2013 R.<\/p>\n\n\n\n<p>4. Se a aurora me emprestar as suas asas,&nbsp;\/&nbsp;para eu voar e habitar no fim dos mares,&nbsp;\/&nbsp;mesmo l\u00e1 vai me guiar a vossa m\u00e3o&nbsp;\/&nbsp;e segurar-me com firmeza a vossa destra.&nbsp;\u2013 R.<\/p>\n\n\n\n<p>Evangelho:&nbsp;<strong>Lucas 17,1-6<\/strong><\/p>\n\n\n\n<p><strong><em>Aleluia<\/em><em>, aleluia, aleluia.<\/em><\/strong><\/p>\n\n\n\n<p><strong>Como astros no mundo, brilheis,&nbsp;\/&nbsp;pregando a Palavra da vida! (Fl 2,15s)&nbsp;\u2013 R.<\/strong><\/p>\n\n\n\n<p>Proclama\u00e7\u00e3o do Evangelho de Jesus Cristo segundo Lucas \u2013 Naquele tempo,&nbsp;<sup>1<\/sup>Jesus disse a seus disc\u00edpulos: \u201c\u00c9 inevit\u00e1vel que aconte\u00e7am esc\u00e2ndalos. Mas ai daquele que produz esc\u00e2ndalos!&nbsp;<sup>2<\/sup>Seria melhor para ele que lhe amarrassem uma pedra de moinho no pesco\u00e7o e o jogassem no mar do que escandalizar um desses pequeninos.&nbsp;<sup>3<\/sup>Prestai aten\u00e7\u00e3o: se o teu irm\u00e3o pecar, repreende-o. Se ele se converter, perdoa-lhe.&nbsp;<sup>4<\/sup>Se ele pecar contra ti sete vezes num s\u00f3 dia e sete vezes vier a ti, dizendo: \u2018Estou arrependido\u2019, tu deves perdo\u00e1-lo\u201d.&nbsp;<sup>5<\/sup>Os ap\u00f3stolos disseram ao Senhor: \u201cAumenta a nossa f\u00e9!\u201d&nbsp;<sup>6<\/sup>O Senhor respondeu: \u201cSe v\u00f3s tiv\u00e9sseis f\u00e9, mesmo pequena como um gr\u00e3o de mostarda, poder\u00edeis dizer a esta amoreira: \u2018Arranca-te daqui e planta-te no mar\u2019, e ela vos obedeceria\u201d. \u2013 Palavra da salva\u00e7\u00e3o.<\/p>\n\n\n\n<p>Reflex\u00e3o:<\/p>\n\n\n\n<p><em>Tr\u00eas importantes lembretes de Jesus: evitar o esc\u00e2ndalo; praticar a corre\u00e7\u00e3o fraterna unida ao perd\u00e3o; viver na f\u00e9. Escandalizar \u00e9 dar mau exemplo, dificultar a pr\u00e1tica da justi\u00e7a e o seguimento a Jesus. Para a boa viv\u00eancia comunit\u00e1ria, quem errou deve manifestar arrependimento e pedir perd\u00e3o. Se Jesus tanto recomendou o perd\u00e3o, \u00e9 por causa da dificuldade que temos de perdoar, e porque n\u00e3o h\u00e1 progresso na vida espiritual sem a atitude do perd\u00e3o. O perd\u00e3o que concedemos a quem nos ofende \u00e9 a chave para obtermos de Deus seu perd\u00e3o libertador. Finalmente, a f\u00e9 \u00e9 um exerc\u00edcio constante. \u00c0 medida que obtivermos, pela f\u00e9, as gra\u00e7as de que necessitamos, nossa f\u00e9 se fortalece. \u00c9 um esfor\u00e7o cotidiano e atitude constante de confian\u00e7a em Deus. A f\u00e9 \u00e9 dom de Deus, mas precisamos cultiv\u00e1-la sem cessar.<\/em><\/p>\n","protected":false},"excerpt":{"rendered":"<p>Chegue at\u00e9 v\u00f3s a minha s\u00faplica; inclinai vosso ouvido \u00e0 minha prece (Sl 87,3). A sabedoria \u00e9 um atributo de Deus e n\u00e3o pode coabitar com o pecado. Somente quem est\u00e1 aberto para&#8230;<\/p>\n","protected":false},"author":2,"featured_media":21483,"comment_status":"open","ping_status":"open","sticky":false,"template":"","format":"standard","meta":[],"categories":[7],"tags":[],"_links":{"self":[{"href":"https:\/\/www.salvatorianas.org.br\/blog\/wp-json\/wp\/v2\/posts\/21482"}],"collection":[{"href":"https:\/\/www.salvatorianas.org.br\/blog\/wp-json\/wp\/v2\/posts"}],"about":[{"href":"https:\/\/www.salvatorianas.org.br\/blog\/wp-json\/wp\/v2\/types\/post"}],"author":[{"embeddable":true,"href":"https:\/\/www.salvatorianas.org.br\/blog\/wp-json\/wp\/v2\/users\/2"}],"replies":[{"embeddable":true,"href":"https:\/\/www.salvatorianas.org.br\/blog\/wp-json\/wp\/v2\/comments?post=21482"}],"version-history":[{"count":1,"href":"https:\/\/www.salvatorianas.org.br\/blog\/wp-json\/wp\/v2\/posts\/21482\/revisions"}],"predecessor-version":[{"id":21484,"href":"https:\/\/www.salvatorianas.org.br\/blog\/wp-json\/wp\/v2\/posts\/21482\/revisions\/21484"}],"wp:featuredmedia":[{"embeddable":true,"href":"https:\/\/www.salvatorianas.org.br\/blog\/wp-json\/wp\/v2\/media\/21483"}],"wp:attachment":[{"href":"https:\/\/www.salvatorianas.org.br\/blog\/wp-json\/wp\/v2\/media?parent=21482"}],"wp:term":[{"taxonomy":"category","embeddable":true,"href":"https:\/\/www.salvatorianas.org.br\/blog\/wp-json\/wp\/v2\/categories?post=21482"},{"taxonomy":"post_tag","embeddable":true,"href":"https:\/\/www.salvatorianas.org.br\/blog\/wp-json\/wp\/v2\/tags?post=21482"}],"curies":[{"name":"wp","href":"https:\/\/api.w.org\/{rel}","templated":true}]}}