{"id":21479,"date":"2023-11-12T01:27:00","date_gmt":"2023-11-12T01:27:00","guid":{"rendered":"https:\/\/www.salvatorianas.org.br\/blog\/?p=21479"},"modified":"2023-11-10T20:27:34","modified_gmt":"2023-11-10T20:27:34","slug":"32o-domingo-do-tempo-comum-ano-a","status":"publish","type":"post","link":"https:\/\/www.salvatorianas.org.br\/blog\/32o-domingo-do-tempo-comum-ano-a\/","title":{"rendered":"32\u00ba Domingo do Tempo Comum, Ano A"},"content":{"rendered":"\n<p>Chegue at\u00e9 v\u00f3s a minha s\u00faplica; inclinai vosso ouvido \u00e0 minha prece (Sl 87,3).<\/p>\n\n\n\n<p><em>Somos convidados a celebrar o sacrif\u00edcio eucar\u00edstico em clima de vigil\u00e2ncia e de esperan\u00e7a, na expectativa da vinda do Senhor. Nesta liturgia realizamos nosso encontro com Cristo, noivo da Igreja, o qual sacia nossa vida com a for\u00e7a do amor. Orientados pela prud\u00eancia e pela sabedoria crist\u00e3, disponhamo-nos a manter acesa e abastecida a l\u00e2mpada da f\u00e9.<\/em><\/p>\n\n\n\n<p>Primeira Leitura:&nbsp;<strong>Sabedoria 6,12-16<\/strong><\/p>\n\n\n\n<p>Leitura do livro da Sabedoria \u2013&nbsp;<sup>12<\/sup>A sabedoria \u00e9 resplandecente e sempre vi\u00e7osa. Ela \u00e9 facilmente contemplada por aqueles que a amam, e \u00e9 encontrada por aqueles que a procuram.&nbsp;<sup>13<\/sup>Ela at\u00e9 se antecipa, dando-se a conhecer aos que a desejam.&nbsp;<sup>14<\/sup>Quem por ela madruga n\u00e3o se cansar\u00e1, pois a encontrar\u00e1 sentada \u00e0 sua porta.&nbsp;<sup>15<\/sup>Meditar sobre ela \u00e9 a perfei\u00e7\u00e3o da prud\u00eancia; e quem ficar acordado por causa dela em breve h\u00e1 de viver despreocupado.&nbsp;<sup>16<\/sup>Pois ela mesma sai \u00e0 procura dos que a merecem; cheia de bondade, aparece-lhes nas estradas e vai ao seu encontro em todos os seus projetos. \u2013 Palavra do Senhor.<\/p>\n\n\n\n<p>Salmo Responsorial:&nbsp;<strong>62(63)<\/strong><\/p>\n\n\n\n<p><strong>A minha alma tem sede de v\u00f3s e vos deseja, \u00f3 Senhor.<\/strong><\/p>\n\n\n\n<p>1. Sois v\u00f3s, \u00f3 Senhor, o meu Deus!&nbsp;\/&nbsp;Desde a aurora ansioso vos busco.&nbsp;\/&nbsp;A minha alma tem sede de v\u00f3s,&nbsp;\u2020&nbsp;minha carne tamb\u00e9m vos deseja,&nbsp;\/&nbsp;como terra sedenta e sem \u00e1gua!&nbsp;\u2013 R.<\/p>\n\n\n\n<p>2. Venho, assim, contemplar-vos no templo,&nbsp;\/&nbsp;para ver vossa gl\u00f3ria e poder.&nbsp;\/&nbsp;Vosso amor vale mais do que a vida:&nbsp;\/&nbsp;e por isso meus l\u00e1bios vos louvam.&nbsp;\u2013 R.<\/p>\n\n\n\n<p>3. Quero, pois, vos louvar pela vida&nbsp;\/&nbsp;e elevar para v\u00f3s minhas m\u00e3os!&nbsp;\/&nbsp;A minha alma ser\u00e1 saciada,&nbsp;\u2020&nbsp;como em grande banquete de festa;&nbsp;\/&nbsp;cantar\u00e1 a alegria em meus l\u00e1bios.&nbsp;\u2013 R.<\/p>\n\n\n\n<p>4. Penso em v\u00f3s no meu leito, de noite,&nbsp;\/&nbsp;nas vig\u00edlias suspiro por v\u00f3s!&nbsp;\/&nbsp;Para mim fostes sempre um socorro;&nbsp;\/&nbsp;de vossas asas \u00e0 sombra eu exulto!&nbsp;\u2013 R.<\/p>\n\n\n\n<p>Segunda Leitura:&nbsp;<strong>1 Tessalonicenses 4,13-18 ou 13-14<\/strong><\/p>\n\n\n\n<p><strong>[A forma breve est\u00e1 entre colchetes.]<\/strong><\/p>\n\n\n\n<p>Leitura da primeira carta de S\u00e3o Paulo aos Tessalonicenses \u2013&nbsp;<strong>[<\/strong><sup>13<\/sup>Irm\u00e3os, n\u00e3o queremos deixar-vos na incerteza a respeito dos mortos, para que n\u00e3o fiqueis tristes como os outros, que n\u00e3o t\u00eam esperan\u00e7a.&nbsp;<sup>14<\/sup>Se Jesus morreu e ressuscitou \u2013 e esta \u00e9 nossa f\u00e9 -, de modo semelhante Deus trar\u00e1 de volta, com Cristo, os que atrav\u00e9s dele entraram no sono da morte.<strong>]<\/strong>&nbsp;<sup>15<\/sup>Isto vos declaramos, segundo a palavra do Senhor: n\u00f3s que formos deixados com vida para a vinda do Senhor n\u00e3o levaremos vantagem em rela\u00e7\u00e3o aos que morreram.&nbsp;<sup>16<\/sup>Pois o Senhor mesmo, quando for dada a ordem, \u00e0 voz do arcanjo e ao som da trombeta, descer\u00e1 do c\u00e9u, e os que morreram em Cristo ressuscitar\u00e3o primeiro.&nbsp;<sup>17<\/sup>Em seguida, n\u00f3s que formos deixados com vida seremos arrebatados com eles nas nuvens, para o encontro com o Senhor, nos ares. E assim estaremos sempre com o Senhor.&nbsp;<sup>18<\/sup>Exortai-vos, pois, uns aos outros com essas palavras. \u2013 Palavra do Senhor.<\/p>\n\n\n\n<p>Evangelho:&nbsp;<strong>Mateus 25,1-13<\/strong><\/p>\n\n\n\n<p><strong><em>Aleluia, aleluia, aleluia.<\/em><\/strong><\/p>\n\n\n\n<p><strong>\u00c9 preciso vigiar e ficar de prontid\u00e3o;&nbsp;\/&nbsp;em que dia o Senhor h\u00e1 de vir, n\u00e3o sabeis, n\u00e3o! (Mt 24,42.44)&nbsp;\u2013 R.<\/strong><\/p>\n\n\n\n<p>Proclama\u00e7\u00e3o do Evangelho de Jesus Cristo segundo Mateus \u2013 Naquele tempo, disse Jesus a seus disc\u00edpulos esta par\u00e1bola:&nbsp;<sup>1<\/sup>\u201cO Reino dos C\u00e9us \u00e9 como a hist\u00f3ria das dez jovens que pegaram suas l\u00e2mpadas de \u00f3leo e sa\u00edram ao encontro do noivo.&nbsp;<sup>2<\/sup>Cinco delas eram imprevidentes, e as outras cinco eram previdentes.&nbsp;<sup>3<\/sup>As imprevidentes pegaram as suas l\u00e2mpadas, mas n\u00e3o levaram \u00f3leo consigo.&nbsp;<sup>4<\/sup>As previdentes, por\u00e9m, levaram vasilhas com \u00f3leo junto com as l\u00e2mpadas.&nbsp;<sup>5<\/sup>O noivo estava demorando, e todas elas acabaram cochilando e dormindo.&nbsp;<sup>6<\/sup>No meio da noite, ouviu-se um grito: \u2018O noivo est\u00e1 chegando. Ide ao seu encontro!\u2019&nbsp;<sup>7<\/sup>Ent\u00e3o as dez jovens se levantaram e prepararam as l\u00e2mpadas.&nbsp;<sup>8<\/sup>As imprevidentes disseram \u00e0s previdentes: \u2018Dai-nos um pouco de \u00f3leo, porque nossas l\u00e2mpadas est\u00e3o se apagando\u2019.&nbsp;<sup>9<\/sup>As previdentes responderam: \u2018De modo nenhum, porque o \u00f3leo pode ser insuficiente para n\u00f3s e para v\u00f3s. \u00c9 melhor irdes comprar aos vendedores\u2019.&nbsp;<sup>10<\/sup>Enquanto elas foram comprar \u00f3leo, o noivo chegou, e as que estavam preparadas entraram com ele para a festa de casamento. E a porta se fechou.&nbsp;<sup>11<\/sup>Por fim, chegaram tamb\u00e9m as outras jovens e disseram: \u2018Senhor! Senhor! Abre-nos a porta!\u2019&nbsp;<sup>12<\/sup>Ele, por\u00e9m, respondeu: \u2018Em verdade eu vos digo, n\u00e3o vos conhe\u00e7o!\u2019&nbsp;<sup>13<\/sup>Portanto, ficai vigiando, pois n\u00e3o sabeis qual ser\u00e1 o dia nem a hora\u201d. \u2013 Palavra da salva\u00e7\u00e3o.<\/p>\n\n\n\n<p>Reflex\u00e3o:<\/p>\n\n\n\n<p><em>O noivo \u00e9 Jesus. O banquete \u00e9 o Reino de Deus, presente e atuante no mundo. As mo\u00e7as (cinco prevenidas e cinco sem ju\u00edzo) representam os disc\u00edpulos de Jesus, homens e mulheres de toda parte. L\u00e2mpadas acesas indicam que a comunidade deve ser luz para o mundo (cf. Mt 5,14). O \u00f3leo \u00e9 a pr\u00e1tica da justi\u00e7a. O atraso do noivo \u00e9 a demora da vinda do Senhor (a comunidade de Mateus acreditava que Jesus voltaria em breve). A chegada repentina, \u00e0 meia-noite, corresponde \u00e0 vinda de Jesus, a qualquer hora e no ju\u00edzo final. Os v\u00e1rios elementos da par\u00e1bola nos falam de responsabilidade pessoal: a atitude correta \u00e9 permanecermos vigilantes. E vigil\u00e2ncia n\u00e3o \u00e9 passividade ou sono profundo. Vigil\u00e2ncia \u00e9 a\u00e7\u00e3o pessoal e constru\u00e7\u00e3o comunit\u00e1ria: ningu\u00e9m pode substituir ningu\u00e9m. Por isso, Jesus alerta: \u201cEstejam vigilantes\u201d.<\/em>(Dia a Dia com o Evangelho 2023)<\/p>\n","protected":false},"excerpt":{"rendered":"<p>Chegue at\u00e9 v\u00f3s a minha s\u00faplica; inclinai vosso ouvido \u00e0 minha prece (Sl 87,3). Somos convidados a celebrar o sacrif\u00edcio eucar\u00edstico em clima de vigil\u00e2ncia e de esperan\u00e7a, na expectativa da vinda do&#8230;<\/p>\n","protected":false},"author":2,"featured_media":21480,"comment_status":"open","ping_status":"open","sticky":false,"template":"","format":"standard","meta":[],"categories":[7],"tags":[],"_links":{"self":[{"href":"https:\/\/www.salvatorianas.org.br\/blog\/wp-json\/wp\/v2\/posts\/21479"}],"collection":[{"href":"https:\/\/www.salvatorianas.org.br\/blog\/wp-json\/wp\/v2\/posts"}],"about":[{"href":"https:\/\/www.salvatorianas.org.br\/blog\/wp-json\/wp\/v2\/types\/post"}],"author":[{"embeddable":true,"href":"https:\/\/www.salvatorianas.org.br\/blog\/wp-json\/wp\/v2\/users\/2"}],"replies":[{"embeddable":true,"href":"https:\/\/www.salvatorianas.org.br\/blog\/wp-json\/wp\/v2\/comments?post=21479"}],"version-history":[{"count":1,"href":"https:\/\/www.salvatorianas.org.br\/blog\/wp-json\/wp\/v2\/posts\/21479\/revisions"}],"predecessor-version":[{"id":21481,"href":"https:\/\/www.salvatorianas.org.br\/blog\/wp-json\/wp\/v2\/posts\/21479\/revisions\/21481"}],"wp:featuredmedia":[{"embeddable":true,"href":"https:\/\/www.salvatorianas.org.br\/blog\/wp-json\/wp\/v2\/media\/21480"}],"wp:attachment":[{"href":"https:\/\/www.salvatorianas.org.br\/blog\/wp-json\/wp\/v2\/media?parent=21479"}],"wp:term":[{"taxonomy":"category","embeddable":true,"href":"https:\/\/www.salvatorianas.org.br\/blog\/wp-json\/wp\/v2\/categories?post=21479"},{"taxonomy":"post_tag","embeddable":true,"href":"https:\/\/www.salvatorianas.org.br\/blog\/wp-json\/wp\/v2\/tags?post=21479"}],"curies":[{"name":"wp","href":"https:\/\/api.w.org\/{rel}","templated":true}]}}