{"id":21476,"date":"2023-11-11T01:18:00","date_gmt":"2023-11-11T01:18:00","guid":{"rendered":"https:\/\/www.salvatorianas.org.br\/blog\/?p=21476"},"modified":"2023-11-10T20:26:26","modified_gmt":"2023-11-10T20:26:26","slug":"sao-martinho-de-tours-bispo-memoria","status":"publish","type":"post","link":"https:\/\/www.salvatorianas.org.br\/blog\/sao-martinho-de-tours-bispo-memoria\/","title":{"rendered":"S\u00e3o Martinho de Tours, bispo, Mem\u00f3ria"},"content":{"rendered":"\n<p>Farei surgir um sacerdote fiel, que agir\u00e1 segundo o meu cora\u00e7\u00e3o e a minha vontade, diz o Senhor (1Sm 2,35).<\/p>\n\n\n\n<p><em>Martinho nasceu na atual Hungria em 316 e faleceu na Fran\u00e7a em 397. Deixou a carreira militar para dedicar-se unicamente ao servi\u00e7o de Deus. Foi bispo de Tours. Construiu o primeiro mosteiro do Ocidente e consolidou os demais mosteiros como centros espirituais e bases para os mission\u00e1rios. Mirando seu exemplo, aprendamos a ser sempre fi\u00e9is nas grandes e pequenas coisas que o Senhor nos tem confiado.<\/em><\/p>\n\n\n\n<p>Primeira Leitura:&nbsp;<strong>Romanos 16,3-9.16.22-27<\/strong><\/p>\n\n\n\n<p>Leitura da carta de S\u00e3o Paulo aos Romanos \u2013 Irm\u00e3os,&nbsp;<sup>3<\/sup>saudai Prisca e \u00c1quila, colaboradores meus em Cristo Jesus,&nbsp;<sup>4<\/sup>os quais expuseram a sua pr\u00f3pria vida para salvar a minha. Por isso, eu lhes sou agradecido; n\u00e3o somente eu, mas tamb\u00e9m todas as Igrejas do mundo pag\u00e3o.&nbsp;<sup>5<\/sup>Saudai igualmente a Igreja que se re\u00fane na casa deles. Saudai meu muito estimado Ep\u00eaneto, que faz parte dos primeiros frutos da \u00c1sia para Cristo.&nbsp;<sup>6<\/sup>Saudai Maria, que trabalhou muito em proveito vosso.&nbsp;<sup>7<\/sup>Saudai Andr\u00f4nico e J\u00fanias, meus parentes e companheiros de pris\u00e3o, ap\u00f3stolos not\u00e1veis que se tornaram disc\u00edpulos de Cristo antes de mim.&nbsp;<sup>8<\/sup>Saudai Ampliato, a quem estimo muito no Senhor.&nbsp;<sup>9<\/sup>Saudai Urbano, nosso colaborador em Cristo, e a meu car\u00edssimo Est\u00e1quis.&nbsp;<sup>16<\/sup>Saudai-vos uns aos outros com o beijo santo. Todas as Igrejas de Cristo vos sa\u00fadam.&nbsp;<sup>22<\/sup>Sa\u00fado-vos eu, T\u00e9rcio, que escrevo esta ep\u00edstola, no Senhor.&nbsp;<sup>23<\/sup>Sa\u00fada-vos Caio, meu h\u00f3spede e de toda a Igreja.&nbsp;<sup>24<\/sup>Sa\u00fada-vos Erasto, tesoureiro da cidade, e o irm\u00e3o Quarto.&nbsp;<sup>25<\/sup>Gl\u00f3ria seja dada \u00e0quele que tem o poder de vos confirmar na fidelidade ao meu Evangelho e \u00e0 prega\u00e7\u00e3o de Jesus Cristo, de acordo com a revela\u00e7\u00e3o do mist\u00e9rio mantido em sigilo desde sempre.&nbsp;<sup>26<\/sup>Agora esse mist\u00e9rio foi manifestado e, mediante as Escrituras prof\u00e9ticas, conforme determina\u00e7\u00e3o do Deus eterno, foi levado ao conhecimento de todas as na\u00e7\u00f5es, para traz\u00ea-las \u00e0 obedi\u00eancia da f\u00e9.&nbsp;<sup>27<\/sup>A ele, o \u00fanico Deus, o s\u00e1bio, por meio de Jesus Cristo, a gl\u00f3ria, pelos s\u00e9culos dos s\u00e9culos. Am\u00e9m! \u2013 Palavra do Senhor.<\/p>\n\n\n\n<p>Salmo Responsorial:&nbsp;<strong>144(145)<\/strong><\/p>\n\n\n\n<p><strong>Bendirei o vosso nome pelos s\u00e9culos, Senhor!<\/strong><\/p>\n\n\n\n<p>1. Todos os dias haverei de bendizer-vos,&nbsp;\/&nbsp;hei de louvar o vosso nome para sempre.&nbsp;\/&nbsp;Grande \u00e9 o Senhor e muito digno de louvores,&nbsp;\/&nbsp;e ningu\u00e9m pode medir sua grandeza.&nbsp;\u2013 R.<\/p>\n\n\n\n<p>2. Uma idade conta \u00e0 outra vossas obras&nbsp;\/&nbsp;e publica os vossos feitos poderosos;&nbsp;\/&nbsp;proclamam todos o esplendor de vossa gl\u00f3ria&nbsp;\/&nbsp;e divulgam vossas obras portentosas!&nbsp;\u2013 R.<\/p>\n\n\n\n<p>3. Que vossas obras, \u00f3 Senhor, vos glorifiquem&nbsp;\/&nbsp;e os vossos santos, com louvores, vos bendigam!&nbsp;\/&nbsp;Narrem a gl\u00f3ria e o esplendor do vosso reino&nbsp;\/&nbsp;e saibam proclamar vosso poder!&nbsp;\u2013 R.<\/p>\n\n\n\n<p>Evangelho:&nbsp;<strong>Lucas 16,9-15<\/strong><\/p>\n\n\n\n<p><strong><em>Aleluia<\/em><em>, aleluia, aleluia.<\/em><\/strong><\/p>\n\n\n\n<p><strong>Jesus Cristo, Senhor nosso, embora sendo rico,&nbsp;\/&nbsp;para n\u00f3s se tornou pobre,&nbsp;\/&nbsp;a fim de enriquecer-nos&nbsp;\/&nbsp;mediante sua pobreza (2Cor 8,9).&nbsp;\u2013 R.<\/strong><\/p>\n\n\n\n<p>Proclama\u00e7\u00e3o do Evangelho de Jesus Cristo segundo Lucas \u2013 Naquele tempo, disse Jesus aos seus disc\u00edpulos:&nbsp;<sup>9<\/sup>\u201cUsai o dinheiro injusto para fazer amigos, pois, quando acabar, eles vos receber\u00e3o nas moradas eternas.&nbsp;<sup>10<\/sup>Quem \u00e9 fiel nas pequenas coisas tamb\u00e9m \u00e9 fiel nas grandes, e quem \u00e9 injusto nas pequenas tamb\u00e9m \u00e9 injusto nas grandes.&nbsp;<sup>11<\/sup>Por isso, se v\u00f3s n\u00e3o sois fi\u00e9is no uso do dinheiro injusto, quem vos confiar\u00e1 o verdadeiro bem?&nbsp;<sup>12<\/sup>E se n\u00e3o sois fi\u00e9is no que \u00e9 dos outros, quem vos dar\u00e1 aquilo que \u00e9 vosso?&nbsp;<sup>13<\/sup>Ningu\u00e9m pode servir a dois senhores, porque, ou odiar\u00e1 um e amar\u00e1 o outro, ou se apegar\u00e1 a um e desprezar\u00e1 o outro. V\u00f3s n\u00e3o podeis servir a Deus e ao dinheiro\u201d.<sup>&nbsp;14<\/sup>Os fariseus, que eram amigos do dinheiro, ouviam tudo isso e riam de Jesus.&nbsp;<sup>15<\/sup>Ent\u00e3o Jesus lhes disse: \u201cV\u00f3s gostais de parecer justos diante dos homens, mas Deus conhece vossos cora\u00e7\u00f5es. Com efeito, o que \u00e9 importante para os homens \u00e9 detest\u00e1vel para Deus\u201d. \u2013 Palavra da salva\u00e7\u00e3o.<\/p>\n\n\n\n<p>Reflex\u00e3o:<\/p>\n\n\n\n<p><em>Jesus nos recomenda o correto uso do dinheiro para vivermos honestamente. O dinheiro pode corromper. Ent\u00e3o, cuidado com a sua administra\u00e7\u00e3o. Quem desvia pequena quantia \u00e9 capaz de desviar grandes somas. A sociedade, infelizmente, est\u00e1 repleta de maus exemplos de corrup\u00e7\u00e3o desse tipo! O dinheiro pode tornar-se um \u00eddolo sedutor e ocupar o lugar de Deus. Ora, com Deus \u00e9 imposs\u00edvel qualquer esp\u00e9cie de concorr\u00eancia. Ele \u00e9 o \u00fanico Senhor. Contra os fariseus, \u201camigos do dinheiro\u201d, Jesus os adverte, porque nutrem outra forma de gan\u00e2ncia, isto \u00e9, acumulam obras de observ\u00e2ncia, pensando adquirir, com elas, direitos sobre Deus ou direitos \u00e0 recompensa de Deus e \u00e0 estima dos homens. \u201cO Senhor detesta o arrogante\u201d (Pr 16,5). Escolha s\u00e1bia \u00e9 usar o dinheiro para criar verdadeira fraternidade humana.<\/em><\/p>\n","protected":false},"excerpt":{"rendered":"<p>Farei surgir um sacerdote fiel, que agir\u00e1 segundo o meu cora\u00e7\u00e3o e a minha vontade, diz o Senhor (1Sm 2,35). Martinho nasceu na atual Hungria em 316 e faleceu na Fran\u00e7a em 397&#8230;.<\/p>\n","protected":false},"author":2,"featured_media":21477,"comment_status":"open","ping_status":"open","sticky":false,"template":"","format":"standard","meta":[],"categories":[7],"tags":[],"_links":{"self":[{"href":"https:\/\/www.salvatorianas.org.br\/blog\/wp-json\/wp\/v2\/posts\/21476"}],"collection":[{"href":"https:\/\/www.salvatorianas.org.br\/blog\/wp-json\/wp\/v2\/posts"}],"about":[{"href":"https:\/\/www.salvatorianas.org.br\/blog\/wp-json\/wp\/v2\/types\/post"}],"author":[{"embeddable":true,"href":"https:\/\/www.salvatorianas.org.br\/blog\/wp-json\/wp\/v2\/users\/2"}],"replies":[{"embeddable":true,"href":"https:\/\/www.salvatorianas.org.br\/blog\/wp-json\/wp\/v2\/comments?post=21476"}],"version-history":[{"count":1,"href":"https:\/\/www.salvatorianas.org.br\/blog\/wp-json\/wp\/v2\/posts\/21476\/revisions"}],"predecessor-version":[{"id":21478,"href":"https:\/\/www.salvatorianas.org.br\/blog\/wp-json\/wp\/v2\/posts\/21476\/revisions\/21478"}],"wp:featuredmedia":[{"embeddable":true,"href":"https:\/\/www.salvatorianas.org.br\/blog\/wp-json\/wp\/v2\/media\/21477"}],"wp:attachment":[{"href":"https:\/\/www.salvatorianas.org.br\/blog\/wp-json\/wp\/v2\/media?parent=21476"}],"wp:term":[{"taxonomy":"category","embeddable":true,"href":"https:\/\/www.salvatorianas.org.br\/blog\/wp-json\/wp\/v2\/categories?post=21476"},{"taxonomy":"post_tag","embeddable":true,"href":"https:\/\/www.salvatorianas.org.br\/blog\/wp-json\/wp\/v2\/tags?post=21476"}],"curies":[{"name":"wp","href":"https:\/\/api.w.org\/{rel}","templated":true}]}}