{"id":21463,"date":"2023-11-10T00:28:04","date_gmt":"2023-11-10T00:28:04","guid":{"rendered":"https:\/\/www.salvatorianas.org.br\/blog\/?p=21463"},"modified":"2023-11-10T00:28:05","modified_gmt":"2023-11-10T00:28:05","slug":"v-congresso-nacional-das-novas-geracoes-da-vida-religiosa-consagrada","status":"publish","type":"post","link":"https:\/\/www.salvatorianas.org.br\/blog\/v-congresso-nacional-das-novas-geracoes-da-vida-religiosa-consagrada\/","title":{"rendered":"V Congresso Nacional das Novas Gera\u00e7\u00f5es da Vida Religiosa Consagrada"},"content":{"rendered":"\n<p>Entre os dias 02 e 05 de novembro de 2023, a Ir. Patr\u00edcia Santana de Arag\u00e3o Silva, participou do V Congresso Nacional das Novas Gera\u00e7\u00f5es da Vida Religiosa Consagrada, em Fortaleza &#8211; CE, com o tema: &#8220;Sinodalidade, Caminho de Esperan\u00e7a, e como lema: &#8220;Novas Gera\u00e7\u00f5es, a Esperan\u00e7a desponta j\u00e1! O evento reuniu mais de 180 Religiosos Consagrados com at\u00e9 10 anos de Votos Perp\u00e9tuos, de v\u00e1rias Congrega\u00e7\u00f5es, vindo de todo o Brasil.<\/p>\n\n\n\n<p>Deu-se in\u00edcio ao V Congresso com as palavras da Ir. Eliane Cordeiro de Souza, Presidente da CRB Nacional e da Comiss\u00e3o das Novas Gera\u00e7\u00f5es do Brasil. Em seguida, tivemos uma calorosa acolhida com a apresenta\u00e7\u00e3o dos jovens que fazem parte da quadrilha junina. A missa foi presidida pelo Arcebispo. Finalizamos o dia com a assessoria do Frei Rubens Nunes da Mota, que nos oportunizou rememorar a caminhada das Novas Gera\u00e7\u00f5es desde a origem at\u00e9 a atualidade.<\/p>\n\n\n\n<p>Tivemos a assessoria da Ir. Maria In\u00eas Vieira Ribeiro, que nos proporcionou um novo olhar para o evangelho das Mulheres da Aurora, assim, tivemos a oportunidade de perceber que somos chamadas e chamados a experienciar Jesus ressuscitado,  anunci\u00e1-Lo atrav\u00e9s de nosso testemunho de vida e esperan\u00e7a em nossas comunidades junto com o povo, na busca de\u00a0compreender a sinodalidade como caminho de esperan\u00e7a que desponta no nosso cotidiano. Ao decorrer dos dias tivemos: oficinas, prociss\u00e3o luminosa pelas ruas, momento cultural, luau na praia Iracema, visita a lugares tur\u00edsticos, adora\u00e7\u00e3o ao Sant\u00edssimo e missas.<\/p>\n\n\n\n<p>O V Congresso foi marcado pelo dinamismo, alegria, comprometimento, di\u00e1logo, fidelidade, sinodalidade e criatividade das Novas Gera\u00e7\u00f5es, tal como a profundidade no seguimento de Jesus que nos leva \u00e0 miss\u00e3o de forma prof\u00e9tica.<\/p>\n\n\n\n<p>Com o cora\u00e7\u00e3o agradecido por todas viv\u00eancias que o V Congresso das Novas Gera\u00e7\u00f5es nos proporcionou, retornamos para nossas Comunidades e apostolados na certeza que a Esperan\u00e7a desponta j\u00e1!<\/p>\n\n\n\n<figure class=\"wp-block-gallery has-nested-images columns-default is-cropped wp-block-gallery-1 is-layout-flex\">\n<figure class=\"wp-block-image size-large\"><img decoding=\"async\" loading=\"lazy\" width=\"1024\" height=\"647\" data-id=\"21464\"  src=\"https:\/\/www.salvatorianas.org.br\/blog\/wp-content\/uploads\/2023\/11\/WhatsApp-Image-2023-11-09-at-13.56.52-4-1024x647.jpeg\" alt=\"\" class=\"wp-image-21464\" srcset=\"https:\/\/www.salvatorianas.org.br\/blog\/wp-content\/uploads\/2023\/11\/WhatsApp-Image-2023-11-09-at-13.56.52-4-1024x647.jpeg 1024w, https:\/\/www.salvatorianas.org.br\/blog\/wp-content\/uploads\/2023\/11\/WhatsApp-Image-2023-11-09-at-13.56.52-4-300x190.jpeg 300w, https:\/\/www.salvatorianas.org.br\/blog\/wp-content\/uploads\/2023\/11\/WhatsApp-Image-2023-11-09-at-13.56.52-4-768x485.jpeg 768w, https:\/\/www.salvatorianas.org.br\/blog\/wp-content\/uploads\/2023\/11\/WhatsApp-Image-2023-11-09-at-13.56.52-4.jpeg 1424w\" sizes=\"(max-width: 1024px) 100vw, 1024px\" \/><\/figure>\n\n\n\n<figure class=\"wp-block-image size-large\"><img decoding=\"async\" loading=\"lazy\" width=\"1024\" height=\"768\" data-id=\"21465\"  src=\"https:\/\/www.salvatorianas.org.br\/blog\/wp-content\/uploads\/2023\/11\/WhatsApp-Image-2023-11-09-at-13.56.52-3.jpeg\" alt=\"\" class=\"wp-image-21465\" srcset=\"https:\/\/www.salvatorianas.org.br\/blog\/wp-content\/uploads\/2023\/11\/WhatsApp-Image-2023-11-09-at-13.56.52-3.jpeg 1024w, https:\/\/www.salvatorianas.org.br\/blog\/wp-content\/uploads\/2023\/11\/WhatsApp-Image-2023-11-09-at-13.56.52-3-300x225.jpeg 300w, https:\/\/www.salvatorianas.org.br\/blog\/wp-content\/uploads\/2023\/11\/WhatsApp-Image-2023-11-09-at-13.56.52-3-768x576.jpeg 768w\" sizes=\"(max-width: 1024px) 100vw, 1024px\" \/><\/figure>\n\n\n\n<figure class=\"wp-block-image size-large\"><img decoding=\"async\" loading=\"lazy\" width=\"1024\" height=\"768\" data-id=\"21466\"  src=\"https:\/\/www.salvatorianas.org.br\/blog\/wp-content\/uploads\/2023\/11\/WhatsApp-Image-2023-11-09-at-13.56.52-2-1024x768.jpeg\" alt=\"\" class=\"wp-image-21466\" srcset=\"https:\/\/www.salvatorianas.org.br\/blog\/wp-content\/uploads\/2023\/11\/WhatsApp-Image-2023-11-09-at-13.56.52-2-1024x768.jpeg 1024w, https:\/\/www.salvatorianas.org.br\/blog\/wp-content\/uploads\/2023\/11\/WhatsApp-Image-2023-11-09-at-13.56.52-2-300x225.jpeg 300w, https:\/\/www.salvatorianas.org.br\/blog\/wp-content\/uploads\/2023\/11\/WhatsApp-Image-2023-11-09-at-13.56.52-2-768x576.jpeg 768w, https:\/\/www.salvatorianas.org.br\/blog\/wp-content\/uploads\/2023\/11\/WhatsApp-Image-2023-11-09-at-13.56.52-2-1536x1152.jpeg 1536w, https:\/\/www.salvatorianas.org.br\/blog\/wp-content\/uploads\/2023\/11\/WhatsApp-Image-2023-11-09-at-13.56.52-2.jpeg 1600w\" sizes=\"(max-width: 1024px) 100vw, 1024px\" \/><\/figure>\n\n\n\n<figure class=\"wp-block-image size-large\"><img decoding=\"async\" loading=\"lazy\" width=\"1024\" height=\"769\" data-id=\"21467\"  src=\"https:\/\/www.salvatorianas.org.br\/blog\/wp-content\/uploads\/2023\/11\/WhatsApp-Image-2023-11-09-at-13.56.52-1-1024x769.jpeg\" alt=\"\" class=\"wp-image-21467\" srcset=\"https:\/\/www.salvatorianas.org.br\/blog\/wp-content\/uploads\/2023\/11\/WhatsApp-Image-2023-11-09-at-13.56.52-1-1024x769.jpeg 1024w, https:\/\/www.salvatorianas.org.br\/blog\/wp-content\/uploads\/2023\/11\/WhatsApp-Image-2023-11-09-at-13.56.52-1-300x225.jpeg 300w, https:\/\/www.salvatorianas.org.br\/blog\/wp-content\/uploads\/2023\/11\/WhatsApp-Image-2023-11-09-at-13.56.52-1-768x576.jpeg 768w, https:\/\/www.salvatorianas.org.br\/blog\/wp-content\/uploads\/2023\/11\/WhatsApp-Image-2023-11-09-at-13.56.52-1-1536x1153.jpeg 1536w, https:\/\/www.salvatorianas.org.br\/blog\/wp-content\/uploads\/2023\/11\/WhatsApp-Image-2023-11-09-at-13.56.52-1.jpeg 1600w\" sizes=\"(max-width: 1024px) 100vw, 1024px\" \/><\/figure>\n\n\n\n<figure class=\"wp-block-image size-large\"><img decoding=\"async\" loading=\"lazy\" width=\"1024\" height=\"768\" data-id=\"21468\"  src=\"https:\/\/www.salvatorianas.org.br\/blog\/wp-content\/uploads\/2023\/11\/WhatsApp-Image-2023-11-09-at-13.56.52-1024x768.jpeg\" alt=\"\" class=\"wp-image-21468\" srcset=\"https:\/\/www.salvatorianas.org.br\/blog\/wp-content\/uploads\/2023\/11\/WhatsApp-Image-2023-11-09-at-13.56.52-1024x768.jpeg 1024w, https:\/\/www.salvatorianas.org.br\/blog\/wp-content\/uploads\/2023\/11\/WhatsApp-Image-2023-11-09-at-13.56.52-300x225.jpeg 300w, https:\/\/www.salvatorianas.org.br\/blog\/wp-content\/uploads\/2023\/11\/WhatsApp-Image-2023-11-09-at-13.56.52-768x576.jpeg 768w, https:\/\/www.salvatorianas.org.br\/blog\/wp-content\/uploads\/2023\/11\/WhatsApp-Image-2023-11-09-at-13.56.52.jpeg 1280w\" sizes=\"(max-width: 1024px) 100vw, 1024px\" \/><\/figure>\n\n\n\n<figure class=\"wp-block-image size-large\"><img decoding=\"async\" loading=\"lazy\" width=\"576\" height=\"1024\" data-id=\"21470\"  src=\"https:\/\/www.salvatorianas.org.br\/blog\/wp-content\/uploads\/2023\/11\/WhatsApp-Image-2023-11-09-at-13.56.51-2-576x1024.jpeg\" alt=\"\" class=\"wp-image-21470\" srcset=\"https:\/\/www.salvatorianas.org.br\/blog\/wp-content\/uploads\/2023\/11\/WhatsApp-Image-2023-11-09-at-13.56.51-2-576x1024.jpeg 576w, https:\/\/www.salvatorianas.org.br\/blog\/wp-content\/uploads\/2023\/11\/WhatsApp-Image-2023-11-09-at-13.56.51-2-169x300.jpeg 169w, https:\/\/www.salvatorianas.org.br\/blog\/wp-content\/uploads\/2023\/11\/WhatsApp-Image-2023-11-09-at-13.56.51-2.jpeg 720w\" sizes=\"(max-width: 576px) 100vw, 576px\" \/><\/figure>\n\n\n\n<figure class=\"wp-block-image size-large\"><img decoding=\"async\" loading=\"lazy\" width=\"993\" height=\"1024\" data-id=\"21471\"  src=\"https:\/\/www.salvatorianas.org.br\/blog\/wp-content\/uploads\/2023\/11\/WhatsApp-Image-2023-11-09-at-13.56.51-1-993x1024.jpeg\" alt=\"\" class=\"wp-image-21471\" srcset=\"https:\/\/www.salvatorianas.org.br\/blog\/wp-content\/uploads\/2023\/11\/WhatsApp-Image-2023-11-09-at-13.56.51-1-993x1024.jpeg 993w, https:\/\/www.salvatorianas.org.br\/blog\/wp-content\/uploads\/2023\/11\/WhatsApp-Image-2023-11-09-at-13.56.51-1-291x300.jpeg 291w, https:\/\/www.salvatorianas.org.br\/blog\/wp-content\/uploads\/2023\/11\/WhatsApp-Image-2023-11-09-at-13.56.51-1-768x792.jpeg 768w, https:\/\/www.salvatorianas.org.br\/blog\/wp-content\/uploads\/2023\/11\/WhatsApp-Image-2023-11-09-at-13.56.51-1.jpeg 1079w\" sizes=\"(max-width: 993px) 100vw, 993px\" \/><\/figure>\n\n\n\n<figure class=\"wp-block-image size-large\"><img decoding=\"async\" loading=\"lazy\" width=\"768\" height=\"1024\" data-id=\"21472\"  src=\"https:\/\/www.salvatorianas.org.br\/blog\/wp-content\/uploads\/2023\/11\/WhatsApp-Image-2023-11-09-at-13.56.51-768x1024.jpeg\" alt=\"\" class=\"wp-image-21472\" srcset=\"https:\/\/www.salvatorianas.org.br\/blog\/wp-content\/uploads\/2023\/11\/WhatsApp-Image-2023-11-09-at-13.56.51-768x1024.jpeg 768w, https:\/\/www.salvatorianas.org.br\/blog\/wp-content\/uploads\/2023\/11\/WhatsApp-Image-2023-11-09-at-13.56.51-225x300.jpeg 225w, https:\/\/www.salvatorianas.org.br\/blog\/wp-content\/uploads\/2023\/11\/WhatsApp-Image-2023-11-09-at-13.56.51.jpeg 780w\" sizes=\"(max-width: 768px) 100vw, 768px\" \/><\/figure>\n\n\n\n<figure class=\"wp-block-image size-large\"><img decoding=\"async\" loading=\"lazy\" width=\"1024\" height=\"572\" data-id=\"21473\"  src=\"https:\/\/www.salvatorianas.org.br\/blog\/wp-content\/uploads\/2023\/11\/WhatsApp-Image-2023-11-09-at-13.56.50-1024x572.jpeg\" alt=\"\" class=\"wp-image-21473\" srcset=\"https:\/\/www.salvatorianas.org.br\/blog\/wp-content\/uploads\/2023\/11\/WhatsApp-Image-2023-11-09-at-13.56.50-1024x572.jpeg 1024w, https:\/\/www.salvatorianas.org.br\/blog\/wp-content\/uploads\/2023\/11\/WhatsApp-Image-2023-11-09-at-13.56.50-300x168.jpeg 300w, https:\/\/www.salvatorianas.org.br\/blog\/wp-content\/uploads\/2023\/11\/WhatsApp-Image-2023-11-09-at-13.56.50-768x429.jpeg 768w, https:\/\/www.salvatorianas.org.br\/blog\/wp-content\/uploads\/2023\/11\/WhatsApp-Image-2023-11-09-at-13.56.50.jpeg 1289w\" sizes=\"(max-width: 1024px) 100vw, 1024px\" \/><\/figure>\n\n\n\n<figure class=\"wp-block-image size-large\"><img decoding=\"async\" loading=\"lazy\" width=\"1024\" height=\"768\" data-id=\"21474\"  src=\"https:\/\/www.salvatorianas.org.br\/blog\/wp-content\/uploads\/2023\/11\/WhatsApp-Image-2023-11-09-at-13.56.47.jpeg\" alt=\"\" class=\"wp-image-21474\" srcset=\"https:\/\/www.salvatorianas.org.br\/blog\/wp-content\/uploads\/2023\/11\/WhatsApp-Image-2023-11-09-at-13.56.47.jpeg 1024w, https:\/\/www.salvatorianas.org.br\/blog\/wp-content\/uploads\/2023\/11\/WhatsApp-Image-2023-11-09-at-13.56.47-300x225.jpeg 300w, https:\/\/www.salvatorianas.org.br\/blog\/wp-content\/uploads\/2023\/11\/WhatsApp-Image-2023-11-09-at-13.56.47-768x576.jpeg 768w\" sizes=\"(max-width: 1024px) 100vw, 1024px\" \/><\/figure>\n<\/figure>\n","protected":false},"excerpt":{"rendered":"<p>Entre os dias 02 e 05 de novembro de 2023, a Ir. Patr\u00edcia Santana de Arag\u00e3o Silva, participou do V Congresso Nacional das Novas Gera\u00e7\u00f5es da Vida Religiosa Consagrada, em Fortaleza &#8211; CE,&#8230;<\/p>\n","protected":false},"author":2,"featured_media":21469,"comment_status":"open","ping_status":"open","sticky":false,"template":"","format":"standard","meta":[],"categories":[1],"tags":[],"_links":{"self":[{"href":"https:\/\/www.salvatorianas.org.br\/blog\/wp-json\/wp\/v2\/posts\/21463"}],"collection":[{"href":"https:\/\/www.salvatorianas.org.br\/blog\/wp-json\/wp\/v2\/posts"}],"about":[{"href":"https:\/\/www.salvatorianas.org.br\/blog\/wp-json\/wp\/v2\/types\/post"}],"author":[{"embeddable":true,"href":"https:\/\/www.salvatorianas.org.br\/blog\/wp-json\/wp\/v2\/users\/2"}],"replies":[{"embeddable":true,"href":"https:\/\/www.salvatorianas.org.br\/blog\/wp-json\/wp\/v2\/comments?post=21463"}],"version-history":[{"count":1,"href":"https:\/\/www.salvatorianas.org.br\/blog\/wp-json\/wp\/v2\/posts\/21463\/revisions"}],"predecessor-version":[{"id":21475,"href":"https:\/\/www.salvatorianas.org.br\/blog\/wp-json\/wp\/v2\/posts\/21463\/revisions\/21475"}],"wp:featuredmedia":[{"embeddable":true,"href":"https:\/\/www.salvatorianas.org.br\/blog\/wp-json\/wp\/v2\/media\/21469"}],"wp:attachment":[{"href":"https:\/\/www.salvatorianas.org.br\/blog\/wp-json\/wp\/v2\/media?parent=21463"}],"wp:term":[{"taxonomy":"category","embeddable":true,"href":"https:\/\/www.salvatorianas.org.br\/blog\/wp-json\/wp\/v2\/categories?post=21463"},{"taxonomy":"post_tag","embeddable":true,"href":"https:\/\/www.salvatorianas.org.br\/blog\/wp-json\/wp\/v2\/tags?post=21463"}],"curies":[{"name":"wp","href":"https:\/\/api.w.org\/{rel}","templated":true}]}}