{"id":21459,"date":"2023-11-10T01:25:00","date_gmt":"2023-11-10T01:25:00","guid":{"rendered":"https:\/\/www.salvatorianas.org.br\/blog\/?p=21459"},"modified":"2023-11-09T20:27:44","modified_gmt":"2023-11-09T20:27:44","slug":"sao-leao-magno-papa-e-doutor-da-igreja-memoria","status":"publish","type":"post","link":"https:\/\/www.salvatorianas.org.br\/blog\/sao-leao-magno-papa-e-doutor-da-igreja-memoria\/","title":{"rendered":"S\u00e3o Le\u00e3o Magno, papa e doutor da Igreja, Mem\u00f3ria"},"content":{"rendered":"\n<p>O Senhor o escolheu para a plenitude do sacerd\u00f3cio e, abrindo seus tesouros, o cumulou de bens.<\/p>\n\n\n\n<p><em>Le\u00e3o nasceu no final do s\u00e9culo 4\u00ba, na It\u00e1lia, e l\u00e1 faleceu em 461. Um dos maiores papas da hist\u00f3ria do cristianismo, dedicou-se \u00e0 defesa da doutrina crist\u00e3, ao combate das heresias e ao bem espiritual dos fi\u00e9is. De profunda sabedoria, tornou-se o papa da unidade da Igreja. Seu exemplo de anunciador do Evangelho e administrador fiel dos mist\u00e9rios de Deus nos leve a sempre mais buscar conhecer e viver os ensinamentos de Cristo.<\/em><\/p>\n\n\n\n<p>Primeira Leitura:&nbsp;<strong>Romanos 15,14-21<\/strong><\/p>\n\n\n\n<p>Leitura da carta de S\u00e3o Paulo aos Romanos \u2013&nbsp;<sup>14<\/sup>Meus irm\u00e3os, de minha parte, estou convencido, a vosso respeito, que v\u00f3s tendes bastante bondade e ci\u00eancia, de tal maneira que podeis admoestar-vos uns aos outros.&nbsp;<sup>15<\/sup>No entanto, em algumas passagens, eu vos escrevo com certa ousadia, como para reavivar a vossa mem\u00f3ria, em raz\u00e3o da gra\u00e7a que Deus me deu.&nbsp;<sup>16<\/sup>Por esta gra\u00e7a eu fui feito ministro de Jesus Cristo entre os pag\u00e3os e consagrado servidor do Evangelho de Deus, para que os pag\u00e3os se tornem uma oferenda bem-aceita, santificada no Esp\u00edrito Santo.&nbsp;<sup>17<\/sup>Tenho, pois, esta gl\u00f3ria em Jesus Cristo no que se refere ao servi\u00e7o de Deus:&nbsp;<sup>18<\/sup>n\u00e3o ouso falar sen\u00e3o daquilo que Cristo realizou por meu interm\u00e9dio, para trazer os pag\u00e3os \u00e0 obedi\u00eancia da f\u00e9, pela palavra e pela a\u00e7\u00e3o,&nbsp;<sup>19<\/sup>por sinais e prod\u00edgios, no poder do Esp\u00edrito de Deus. Assim, eu preguei o Evangelho de Cristo, desde Jerusal\u00e9m e arredores at\u00e9 a Il\u00edria,&nbsp;<sup>20<\/sup>tendo o cuidado de pregar somente onde Cristo ainda n\u00e3o fora anunciado, para n\u00e3o acontecer eu construir sobre alicerce alheio.&nbsp;<sup>21<\/sup>Agindo dessa maneira, eu estou de acordo com o que est\u00e1 escrito: \u201cAqueles aos quais ele nunca fora anunciado ver\u00e3o; aqueles que n\u00e3o tinham ouvido falar dele compreender\u00e3o\u201d. \u2013 Palavra do Senhor.<\/p>\n\n\n\n<p>Salmo Responsorial:&nbsp;<strong>97(98)<\/strong><\/p>\n\n\n\n<p><strong>O Senhor fez conhecer seu poder salvador&nbsp;\/&nbsp;perante as na\u00e7\u00f5es.<\/strong><\/p>\n\n\n\n<p>1. Cantai ao Senhor Deus um canto novo,&nbsp;\/&nbsp;porque ele fez prod\u00edgios!&nbsp;\/&nbsp;Sua m\u00e3o e o seu bra\u00e7o forte e santo&nbsp;\/&nbsp;alcan\u00e7aram-lhe a vit\u00f3ria.&nbsp;\u2013 R.<\/p>\n\n\n\n<p>2. O Senhor fez conhecer a salva\u00e7\u00e3o,&nbsp;\/&nbsp;e \u00e0s na\u00e7\u00f5es, sua justi\u00e7a;&nbsp;\/&nbsp;recordou o seu amor sempre fiel&nbsp;\/&nbsp;pela casa de Israel.&nbsp;\u2013 R.<\/p>\n\n\n\n<p>3. Os confins do universo contemplaram&nbsp;\/&nbsp;a salva\u00e7\u00e3o do nosso Deus.&nbsp;\/&nbsp;Aclamai o Senhor Deus, \u00f3 terra inteira,&nbsp;\/&nbsp;alegrai-vos e exultai!&nbsp;\u2013 R.<\/p>\n\n\n\n<p>Evangelho:&nbsp;<strong>Lucas 16,1-8<\/strong><\/p>\n\n\n\n<p><strong><em>Aleluia<\/em><em>, aleluia, aleluia.<\/em><\/strong><\/p>\n\n\n\n<p><strong>O amor de Deus se realiza em todo aquele&nbsp;\/&nbsp;que guarda sua Palavra fielmente (1Jo 2,5).&nbsp;\u2013 R.<\/strong><\/p>\n\n\n\n<p>Proclama\u00e7\u00e3o do Evangelho de Jesus Cristo segundo Lucas \u2013 Naquele tempo,&nbsp;<sup>1<\/sup>Jesus disse aos disc\u00edpulos: \u201cUm homem rico tinha um administrador que foi acusado de esbanjar os seus bens.&nbsp;<sup>2<\/sup>Ele o chamou e lhe disse: \u2018Que \u00e9 isso que ou\u00e7o a teu respeito? Presta contas da tua administra\u00e7\u00e3o, pois j\u00e1 n\u00e3o podes mais administrar meus bens\u2019.&nbsp;<sup>3<\/sup>O administrador ent\u00e3o come\u00e7ou a refletir: \u2018O senhor vai me tirar a administra\u00e7\u00e3o. Que vou fazer? Para cavar, n\u00e3o tenho for\u00e7as; de mendigar, tenho vergonha.&nbsp;<sup>4<\/sup>Ah! J\u00e1 sei o que fazer, para que algu\u00e9m me receba em sua casa quando eu for afastado da administra\u00e7\u00e3o\u2019.&nbsp;<sup>5<\/sup>Ent\u00e3o ele chamou cada um dos que estavam devendo ao seu patr\u00e3o. E perguntou ao primeiro: \u2018Quanto deves ao meu patr\u00e3o?\u2019&nbsp;<sup>6<\/sup>Ele respondeu: \u2018Cem barris de \u00f3leo!\u2019 O administrador disse: \u2018Pega a tua conta, senta-te depressa e escreve cinquenta!\u2019&nbsp;<sup>7<\/sup>Depois ele perguntou a outro: \u2018E tu, quanto deves?\u2019 Ele respondeu: \u2018Cem medidas de trigo\u2019. O administrador disse: \u2018Pega tua conta e escreve oitenta\u2019.&nbsp;<sup>8<\/sup>E o senhor elogiou o administrador desonesto, porque ele agiu com esperteza. Com efeito, os filhos deste mundo s\u00e3o mais espertos em seus neg\u00f3cios do que os filhos da luz\u201d. \u2013 Palavra da salva\u00e7\u00e3o.<\/p>\n\n\n\n<p>Reflex\u00e3o:<\/p>\n\n\n\n<p><em>Um administrador desonesto que age com esperteza. Sua desonestidade est\u00e1 no fato de esbanjar os bens do patr\u00e3o (atitude de injusti\u00e7a), e n\u00e3o propriamente na redu\u00e7\u00e3o das d\u00edvidas. Tratava-se de uma comiss\u00e3o que lhe cabia por direito e que ele poderia usar como bem entendia. O que se elogia, em todo caso, n\u00e3o \u00e9 a desonestidade, sempre abomin\u00e1vel. O que se quer destacar \u00e9 a sagacidade do administrador, em vista de n\u00e3o ficar na rua quando fosse despedido. Jesus adverte que os maus (filhos deste mundo) \u201cs\u00e3o mais espertos no trato com sua gente do que os filhos da luz\u201d. Uma par\u00e1bola chocante, capaz de mexer com o brio de todo crist\u00e3o. Dado que somos filhos da luz, precisamos administrar o tempo e os bens deste mundo na justa medida, conforme os valores do Reino.<\/em><\/p>\n","protected":false},"excerpt":{"rendered":"<p>O Senhor o escolheu para a plenitude do sacerd\u00f3cio e, abrindo seus tesouros, o cumulou de bens. Le\u00e3o nasceu no final do s\u00e9culo 4\u00ba, na It\u00e1lia, e l\u00e1 faleceu em 461. Um dos&#8230;<\/p>\n","protected":false},"author":2,"featured_media":21460,"comment_status":"open","ping_status":"open","sticky":false,"template":"","format":"standard","meta":[],"categories":[7],"tags":[],"_links":{"self":[{"href":"https:\/\/www.salvatorianas.org.br\/blog\/wp-json\/wp\/v2\/posts\/21459"}],"collection":[{"href":"https:\/\/www.salvatorianas.org.br\/blog\/wp-json\/wp\/v2\/posts"}],"about":[{"href":"https:\/\/www.salvatorianas.org.br\/blog\/wp-json\/wp\/v2\/types\/post"}],"author":[{"embeddable":true,"href":"https:\/\/www.salvatorianas.org.br\/blog\/wp-json\/wp\/v2\/users\/2"}],"replies":[{"embeddable":true,"href":"https:\/\/www.salvatorianas.org.br\/blog\/wp-json\/wp\/v2\/comments?post=21459"}],"version-history":[{"count":1,"href":"https:\/\/www.salvatorianas.org.br\/blog\/wp-json\/wp\/v2\/posts\/21459\/revisions"}],"predecessor-version":[{"id":21461,"href":"https:\/\/www.salvatorianas.org.br\/blog\/wp-json\/wp\/v2\/posts\/21459\/revisions\/21461"}],"wp:featuredmedia":[{"embeddable":true,"href":"https:\/\/www.salvatorianas.org.br\/blog\/wp-json\/wp\/v2\/media\/21460"}],"wp:attachment":[{"href":"https:\/\/www.salvatorianas.org.br\/blog\/wp-json\/wp\/v2\/media?parent=21459"}],"wp:term":[{"taxonomy":"category","embeddable":true,"href":"https:\/\/www.salvatorianas.org.br\/blog\/wp-json\/wp\/v2\/categories?post=21459"},{"taxonomy":"post_tag","embeddable":true,"href":"https:\/\/www.salvatorianas.org.br\/blog\/wp-json\/wp\/v2\/tags?post=21459"}],"curies":[{"name":"wp","href":"https:\/\/api.w.org\/{rel}","templated":true}]}}