{"id":21452,"date":"2023-11-09T01:22:00","date_gmt":"2023-11-09T01:22:00","guid":{"rendered":"https:\/\/www.salvatorianas.org.br\/blog\/?p=21452"},"modified":"2023-11-08T20:23:06","modified_gmt":"2023-11-08T20:23:06","slug":"dedicacao-da-basilica-do-latrao-catedral-de-roma-festa-ano-a","status":"publish","type":"post","link":"https:\/\/www.salvatorianas.org.br\/blog\/dedicacao-da-basilica-do-latrao-catedral-de-roma-festa-ano-a\/","title":{"rendered":"Dedica\u00e7\u00e3o da Bas\u00edlica do Latr\u00e3o\u00a0(Catedral de Roma), Festa, Ano A"},"content":{"rendered":"\n<p>Eu vi a cidade santa, a nova Jerusal\u00e9m, descendo do c\u00e9u, de junto de Deus, ornada como a noiva que se preparou para o seu noivo (Ap 21,2).<\/p>\n\n\n\n<p><em>A festa de hoje \u00e9 um convite \u00e0 unidade com a c\u00e1tedra de Pedro. Considerada \u201cm\u00e3e e cabe\u00e7a de todas as igrejas\u201d, a bas\u00edlica de S\u00e3o Jo\u00e3o do Latr\u00e3o foi a primeira igreja constru\u00edda em Roma por Constantino, no s\u00e9culo 4\u00ba. Os templos de pedra s\u00e3o um sinal vis\u00edvel da presen\u00e7a de Cristo. Celebremos em comunh\u00e3o com o papa e com as comunidades crist\u00e3s do mundo inteiro.<\/em><\/p>\n\n\n\n<p>Primeira Leitura:&nbsp;<strong>Ezequiel 47,1-2.8-9.12<\/strong><\/p>\n\n\n\n<p>Leitura da profecia de Ezequiel \u2013 Naqueles dias,&nbsp;<sup>1<\/sup>o homem fez-me voltar at\u00e9 a entrada do templo, e eis que sa\u00eda \u00e1gua da sua parte subterr\u00e2nea na dire\u00e7\u00e3o leste, porque o templo estava voltado para o oriente; a \u00e1gua corria do lado direito do templo, a sul do altar.&nbsp;<sup>2<\/sup>Ele fez-me sair pela porta que d\u00e1 para o norte e fez-me dar uma volta por fora at\u00e9 a porta que d\u00e1 para o leste, onde eu vi a \u00e1gua jorrando do lado direito.&nbsp;<sup>8<\/sup>Ent\u00e3o ele me disse: \u201cEstas \u00e1guas correm para a regi\u00e3o oriental, descem para o vale do Jord\u00e3o, desembocam nas \u00e1guas salgadas do mar, e elas se tornar\u00e3o saud\u00e1veis.&nbsp;<sup>9<\/sup>Aonde o rio chegar, todos os animais que ali se movem poder\u00e3o viver. Haver\u00e1 peixes em quantidade, pois ali desembocam as \u00e1guas que trazem sa\u00fade; e haver\u00e1 vida aonde chegar o rio.&nbsp;<sup>12<\/sup>Nas margens junto ao rio, de ambos os lados, crescer\u00e1 toda esp\u00e9cie de \u00e1rvores frut\u00edferas; suas folhas n\u00e3o murchar\u00e3o, e seus frutos jamais se acabar\u00e3o: cada m\u00eas dar\u00e3o novos frutos, pois as \u00e1guas que banham as \u00e1rvores saem do santu\u00e1rio. Seus frutos servir\u00e3o de alimento, e suas folhas ser\u00e3o rem\u00e9dio\u201d. \u2013 Palavra do Senhor.<\/p>\n\n\n\n<p><strong>Leitura opcional: 1 Cor\u00edntios 3,9c-11.16-17.<\/strong><\/p>\n\n\n\n<p>Salmo Responsorial:&nbsp;<strong>45(46)<\/strong><\/p>\n\n\n\n<p><strong>Os bra\u00e7os de um rio v\u00eam trazer alegria&nbsp;\/&nbsp;\u00e0 cidade de Deus, \u00e0 morada do Alt\u00edssimo.<\/strong><\/p>\n\n\n\n<p>1. O Senhor para n\u00f3s \u00e9 ref\u00fagio e vigor,&nbsp;\/&nbsp;sempre pronto, mostrou-se um socorro na ang\u00fastia;&nbsp;\/&nbsp;assim n\u00e3o tememos se a terra estremece,&nbsp;\/&nbsp;se os montes desabam, caindo nos mares.&nbsp;\u2013 R.<\/p>\n\n\n\n<p>2. Os bra\u00e7os de um rio v\u00eam trazer alegria&nbsp;\/&nbsp;\u00e0 cidade de Deus, \u00e0 morada do Alt\u00edssimo.&nbsp;\/&nbsp;Quem a pode abalar? Deus est\u00e1 no seu meio!&nbsp;\/&nbsp;J\u00e1 bem antes da aurora, ele vem ajud\u00e1-la.&nbsp;\u2013 R.<\/p>\n\n\n\n<p>3. Conosco est\u00e1 o Senhor do universo!&nbsp;\/&nbsp;O nosso ref\u00fagio \u00e9 o Deus de Jac\u00f3!&nbsp;\/&nbsp;Vinde ver, contemplai os prod\u00edgios de Deus&nbsp;\u2020&nbsp;e a obra estupenda que fez no universo:&nbsp;\/&nbsp;reprime as guerras na face da terra.&nbsp;\u2013 R.<\/p>\n\n\n\n<p>Evangelho:&nbsp;<strong>Jo\u00e3o 2,13-22<\/strong><\/p>\n\n\n\n<p><strong><em>Aleluia, aleluia, aleluia.<\/em><\/strong><\/p>\n\n\n\n<p><strong>Esta casa eu escolhi e santifiquei,&nbsp;\/&nbsp;para nela estar meu nome para sempre (2Cr 7,16).&nbsp;\u2013 R.<\/strong><\/p>\n\n\n\n<p>Proclama\u00e7\u00e3o do Evangelho de Jesus Cristo segundo Jo\u00e3o \u2013&nbsp;<sup>13<\/sup>Estava pr\u00f3xima a P\u00e1scoa dos judeus, e Jesus subiu a Jerusal\u00e9m.&nbsp;<sup>14<\/sup>No templo, encontrou os vendedores de bois, ovelhas e pombas e os cambistas que estavam a\u00ed sentados.&nbsp;<sup>15<\/sup>Fez ent\u00e3o um chicote de cordas e expulsou todos do templo, junto com as ovelhas e os bois; espalhou as moedas e derrubou as mesas dos cambistas.&nbsp;<sup>16<\/sup>E disse aos que vendiam pombas: \u201cTirai isto daqui! N\u00e3o fa\u00e7ais da casa de meu Pai uma casa de com\u00e9rcio!\u201d&nbsp;<sup>17<\/sup>Seus disc\u00edpulos lembraram-se, mais tarde, que a Escritura diz: \u201cO zelo por tua casa me consumir\u00e1\u201d.&nbsp;<sup>18<\/sup>Ent\u00e3o os judeus perguntaram a Jesus: \u201cQue sinal nos mostras para agir assim?\u201d&nbsp;<sup>19<\/sup>Ele respondeu: \u201cDestru\u00ed este templo, e em tr\u00eas dias o levantarei\u201d.&nbsp;<sup>20<\/sup>Os judeus disseram: \u201cQuarenta e seis anos foram precisos para a constru\u00e7\u00e3o deste santu\u00e1rio, e tu o levantar\u00e1s em tr\u00eas dias?\u201d&nbsp;<sup>21<\/sup>Mas Jesus estava falando do templo do seu corpo.&nbsp;<sup>22<\/sup>Quando Jesus ressuscitou, os disc\u00edpulos lembraram-se do que ele tinha dito e acreditaram na Escritura e na palavra dele. \u2013 Palavra da salva\u00e7\u00e3o.<\/p>\n\n\n\n<p>Reflex\u00e3o:<\/p>\n\n\n\n<p><em>A bas\u00edlica de Latr\u00e3o \u00e9 a catedral da diocese de Roma, cujo bispo \u00e9 o papa. \u00c9 considerada a igreja-m\u00e3e de todas as igrejas de Roma e do mundo. Chama-se lateranense porque originariamente foi constru\u00edda no terreno da fam\u00edlia dos Plauzi Laterani, na colina C\u00e9lio. Foi o papa Melqu\u00edades (311-314) que construiu a bas\u00edlica e a dedicou ao Sant\u00edssimo Salvador. \u00c9 chamada comumente bas\u00edlica de S\u00e3o Jo\u00e3o de Latr\u00e3o, porque S\u00e3o Jo\u00e3o Batista foi escolhido como seu segundo titular (patrono). Depois foi acrescentado outro titular: S\u00e3o Jo\u00e3o Evangelista. Celebrar a dedica\u00e7\u00e3o da catedral do bispo de Roma \u00e9 recordar o Senhor Jesus, que instituiu a Igreja para reunir na unidade, sob o pastoreio de Pedro e de seus sucessores, os filhos de Deus dispersos. Somos pedras vivas da Igreja.<\/em><\/p>\n","protected":false},"excerpt":{"rendered":"<p>Eu vi a cidade santa, a nova Jerusal\u00e9m, descendo do c\u00e9u, de junto de Deus, ornada como a noiva que se preparou para o seu noivo (Ap 21,2). A festa de hoje \u00e9&#8230;<\/p>\n","protected":false},"author":2,"featured_media":21453,"comment_status":"open","ping_status":"open","sticky":false,"template":"","format":"standard","meta":[],"categories":[7],"tags":[],"_links":{"self":[{"href":"https:\/\/www.salvatorianas.org.br\/blog\/wp-json\/wp\/v2\/posts\/21452"}],"collection":[{"href":"https:\/\/www.salvatorianas.org.br\/blog\/wp-json\/wp\/v2\/posts"}],"about":[{"href":"https:\/\/www.salvatorianas.org.br\/blog\/wp-json\/wp\/v2\/types\/post"}],"author":[{"embeddable":true,"href":"https:\/\/www.salvatorianas.org.br\/blog\/wp-json\/wp\/v2\/users\/2"}],"replies":[{"embeddable":true,"href":"https:\/\/www.salvatorianas.org.br\/blog\/wp-json\/wp\/v2\/comments?post=21452"}],"version-history":[{"count":1,"href":"https:\/\/www.salvatorianas.org.br\/blog\/wp-json\/wp\/v2\/posts\/21452\/revisions"}],"predecessor-version":[{"id":21454,"href":"https:\/\/www.salvatorianas.org.br\/blog\/wp-json\/wp\/v2\/posts\/21452\/revisions\/21454"}],"wp:featuredmedia":[{"embeddable":true,"href":"https:\/\/www.salvatorianas.org.br\/blog\/wp-json\/wp\/v2\/media\/21453"}],"wp:attachment":[{"href":"https:\/\/www.salvatorianas.org.br\/blog\/wp-json\/wp\/v2\/media?parent=21452"}],"wp:term":[{"taxonomy":"category","embeddable":true,"href":"https:\/\/www.salvatorianas.org.br\/blog\/wp-json\/wp\/v2\/categories?post=21452"},{"taxonomy":"post_tag","embeddable":true,"href":"https:\/\/www.salvatorianas.org.br\/blog\/wp-json\/wp\/v2\/tags?post=21452"}],"curies":[{"name":"wp","href":"https:\/\/api.w.org\/{rel}","templated":true}]}}