{"id":21449,"date":"2023-11-08T15:24:16","date_gmt":"2023-11-08T15:24:16","guid":{"rendered":"https:\/\/www.salvatorianas.org.br\/blog\/?p=21449"},"modified":"2023-11-08T18:23:20","modified_gmt":"2023-11-08T18:23:20","slug":"31a-semana-do-tempo-comum-ano-impar-i-3","status":"publish","type":"post","link":"https:\/\/www.salvatorianas.org.br\/blog\/31a-semana-do-tempo-comum-ano-impar-i-3\/","title":{"rendered":"31\u00aa Semana do Tempo Comum, Ano \u00cdmpar (I)"},"content":{"rendered":"\n<p>N\u00e3o me abandoneis jamais, Senhor; meu Deus, n\u00e3o fiqueis longe de mim! Depressa, vinde em meu aux\u00edlio, \u00f3 Senhor, minha salva\u00e7\u00e3o!&nbsp;(Sl 37,22s)<\/p>\n\n\n\n<p><em>O amor fraterno \u00e9 a alma de todas as leis, pois \u201cn\u00e3o faz mal contra o pr\u00f3ximo\u201d. A liturgia pede que nos esforcemos para viv\u00ea-lo a todo momento e em qualquer lugar, livres de apegos ego\u00edstas que n\u00e3o condizem com a ess\u00eancia do verdadeiro amor.<\/em><\/p>\n\n\n\n<p>Primeira Leitura:&nbsp;<strong>Romanos 13,8-10<\/strong><\/p>\n\n\n\n<p>Leitura da carta de S\u00e3o Paulo aos Romanos \u2013 Irm\u00e3os,&nbsp;<sup>8<\/sup>n\u00e3o fiqueis devendo nada a ningu\u00e9m, a n\u00e3o ser o amor m\u00fatuo \u2013 pois quem ama o pr\u00f3ximo est\u00e1 cumprindo a Lei.&nbsp;<sup>9<\/sup>De fato, os mandamentos: \u201cN\u00e3o cometer\u00e1s adult\u00e9rio\u201d, \u201cN\u00e3o matar\u00e1s\u201d, \u201cN\u00e3o roubar\u00e1s\u201d, \u201cN\u00e3o cobi\u00e7ar\u00e1s\u201d e qualquer outro mandamento se resumem neste: \u201cAmar\u00e1s a teu pr\u00f3ximo como a ti mesmo\u201d.&nbsp;<sup>10<\/sup>O amor n\u00e3o faz nenhum mal contra o pr\u00f3ximo. Portanto, o amor \u00e9 o cumprimento perfeito da Lei. \u2013 Palavra do Senhor.<\/p>\n\n\n\n<p>Salmo Responsorial:&nbsp;<strong>111(112)<\/strong><\/p>\n\n\n\n<p><strong>Feliz quem tem piedade e empresta!<\/strong><\/p>\n\n\n\n<p>1. Feliz o homem que respeita o Senhor&nbsp;\/&nbsp;e que ama com carinho a sua lei!&nbsp;\/&nbsp;Sua descend\u00eancia ser\u00e1 forte sobre a terra,&nbsp;\/&nbsp;aben\u00e7oada a gera\u00e7\u00e3o dos homens retos!&nbsp;\u2013 R.<\/p>\n\n\n\n<p>2. Ele \u00e9 correto, generoso e compassivo,&nbsp;\/&nbsp;como luz brilha nas trevas para os justos.&nbsp;\/&nbsp;Feliz o homem caridoso e prestativo,&nbsp;\/&nbsp;que resolve seus neg\u00f3cios com justi\u00e7a.&nbsp;\u2013 R.<\/p>\n\n\n\n<p>3. Ele reparte com os pobres os seus bens,&nbsp;\u2020&nbsp;permanece para sempre o bem que fez,&nbsp;\/&nbsp;e crescer\u00e3o a sua gl\u00f3ria e seu poder.&nbsp;\u2013 R.<\/p>\n\n\n\n<p>Evangelho:&nbsp;<strong>Lucas 14,25-33<\/strong><\/p>\n\n\n\n<p><strong><em>Aleluia<\/em><em>, aleluia, aleluia.<\/em><\/strong><\/p>\n\n\n\n<p><strong>Felizes sereis v\u00f3s se fordes ultrajados por causa de Jesus,&nbsp;\/&nbsp;pois repousa sobre v\u00f3s o Esp\u00edrito de Deus (1Pd 4,14).&nbsp;\u2013 R.<\/strong><\/p>\n\n\n\n<p>Proclama\u00e7\u00e3o do Evangelho de Jesus Cristo segundo Lucas \u2013 Naquele tempo,&nbsp;<sup>25<\/sup>grandes multid\u00f5es acompanhavam Jesus. Voltando-se, ele lhes disse:&nbsp;<sup>26<\/sup>\u201cSe algu\u00e9m vem a mim, mas n\u00e3o se desapega de seu pai e sua m\u00e3e, sua mulher e seus filhos, seus irm\u00e3os e suas irm\u00e3s e at\u00e9 da sua pr\u00f3pria vida, n\u00e3o pode ser meu disc\u00edpulo.&nbsp;<sup>27<\/sup>Quem n\u00e3o carrega sua cruz e n\u00e3o caminha atr\u00e1s de mim n\u00e3o pode ser meu disc\u00edpulo.&nbsp;<sup>28<\/sup>Com efeito, qual de v\u00f3s, querendo construir uma torre, n\u00e3o senta primeiro e calcula os gastos, para ver se tem o suficiente para terminar? Caso contr\u00e1rio,&nbsp;<sup>29<\/sup>ele vai lan\u00e7ar o alicerce e n\u00e3o ser\u00e1 capaz de acabar. E todos os que virem isso come\u00e7ar\u00e3o a ca\u00e7oar, dizendo:&nbsp;<sup>30<\/sup>\u2018Este homem come\u00e7ou a construir e n\u00e3o foi capaz de acabar!\u2019&nbsp;<sup>31<\/sup>Ou ainda, qual o rei que, ao sair para guerrear com outro, n\u00e3o se senta primeiro e examina bem se, com dez mil homens, poder\u00e1 enfrentar o outro que marcha contra ele com vinte mil?&nbsp;<sup>32<\/sup>Se ele v\u00ea que n\u00e3o pode, enquanto o outro rei ainda est\u00e1 longe, envia mensageiros para negociar as condi\u00e7\u00f5es de paz.<sup>&nbsp;33<\/sup>Do mesmo modo, portanto, qualquer um de v\u00f3s, se n\u00e3o renunciar a tudo o que tem, n\u00e3o pode ser meu disc\u00edpulo!\u201d \u2013 Palavra da salva\u00e7\u00e3o.<\/p>\n\n\n\n<p>Reflex\u00e3o:<\/p>\n\n\n\n<p><em>Jesus exige disponibilidade total de quem quer segui-lo. N\u00e3o se trata de passar algumas horas com o Mestre para ouvir dele uma palestra interessante; tampouco consiste em assistir a uma sess\u00e3o de curas espetaculares, capazes de despertar a admira\u00e7\u00e3o dos espectadores ou deix\u00e1-los boquiabertos. Seguir a Jesus implica abandonar todas as seguran\u00e7as, representadas pela fam\u00edlia e pela pr\u00f3pria vida, isto \u00e9, por um estilo de vida que comporta administra\u00e7\u00e3o de bens, ligada n\u00e3o raro \u00e0 pr\u00e1tica da injusti\u00e7a. Portanto, o que se requer do disc\u00edpulo \u00e9 sua total disponibilidade para segui-lo at\u00e9 a morte por causa da justi\u00e7a. Em nenhum momento, Jesus diz que essa escolha \u00e9 f\u00e1cil. Por isso, ele recomenda, mediante as duas par\u00e1bolas, que se fa\u00e7am os c\u00e1lculos corretos antes de tomar a decis\u00e3o de segui-lo.<\/em><\/p>\n","protected":false},"excerpt":{"rendered":"<p>N\u00e3o me abandoneis jamais, Senhor; meu Deus, n\u00e3o fiqueis longe de mim! Depressa, vinde em meu aux\u00edlio, \u00f3 Senhor, minha salva\u00e7\u00e3o!&nbsp;(Sl 37,22s) O amor fraterno \u00e9 a alma de todas as leis, pois&#8230;<\/p>\n","protected":false},"author":2,"featured_media":21450,"comment_status":"open","ping_status":"open","sticky":false,"template":"","format":"standard","meta":[],"categories":[7],"tags":[],"_links":{"self":[{"href":"https:\/\/www.salvatorianas.org.br\/blog\/wp-json\/wp\/v2\/posts\/21449"}],"collection":[{"href":"https:\/\/www.salvatorianas.org.br\/blog\/wp-json\/wp\/v2\/posts"}],"about":[{"href":"https:\/\/www.salvatorianas.org.br\/blog\/wp-json\/wp\/v2\/types\/post"}],"author":[{"embeddable":true,"href":"https:\/\/www.salvatorianas.org.br\/blog\/wp-json\/wp\/v2\/users\/2"}],"replies":[{"embeddable":true,"href":"https:\/\/www.salvatorianas.org.br\/blog\/wp-json\/wp\/v2\/comments?post=21449"}],"version-history":[{"count":1,"href":"https:\/\/www.salvatorianas.org.br\/blog\/wp-json\/wp\/v2\/posts\/21449\/revisions"}],"predecessor-version":[{"id":21451,"href":"https:\/\/www.salvatorianas.org.br\/blog\/wp-json\/wp\/v2\/posts\/21449\/revisions\/21451"}],"wp:featuredmedia":[{"embeddable":true,"href":"https:\/\/www.salvatorianas.org.br\/blog\/wp-json\/wp\/v2\/media\/21450"}],"wp:attachment":[{"href":"https:\/\/www.salvatorianas.org.br\/blog\/wp-json\/wp\/v2\/media?parent=21449"}],"wp:term":[{"taxonomy":"category","embeddable":true,"href":"https:\/\/www.salvatorianas.org.br\/blog\/wp-json\/wp\/v2\/categories?post=21449"},{"taxonomy":"post_tag","embeddable":true,"href":"https:\/\/www.salvatorianas.org.br\/blog\/wp-json\/wp\/v2\/tags?post=21449"}],"curies":[{"name":"wp","href":"https:\/\/api.w.org\/{rel}","templated":true}]}}