{"id":21446,"date":"2023-11-07T01:40:00","date_gmt":"2023-11-07T01:40:00","guid":{"rendered":"https:\/\/www.salvatorianas.org.br\/blog\/?p=21446"},"modified":"2023-11-06T19:46:12","modified_gmt":"2023-11-06T19:46:12","slug":"31a-semana-do-tempo-comum-ano-impar-i-2","status":"publish","type":"post","link":"https:\/\/www.salvatorianas.org.br\/blog\/31a-semana-do-tempo-comum-ano-impar-i-2\/","title":{"rendered":"31\u00aa Semana do Tempo Comum, Ano \u00cdmpar (I)"},"content":{"rendered":"\n<p>N\u00e3o me abandoneis jamais, Senhor; meu Deus, n\u00e3o fiqueis longe de mim! Depressa, vinde em meu aux\u00edlio, \u00f3 Senhor, minha salva\u00e7\u00e3o!&nbsp;(Sl 37,22s)<\/p>\n\n\n\n<p><em>Convencidos de que \u201ctemos dons diferentes, de acordo com a gra\u00e7a concedida a cada um de n\u00f3s\u201d, respondamos com prontid\u00e3o ao convite da liturgia para fortalecer nossos la\u00e7os de fraternidade e aplicar alegremente nossos dons a servi\u00e7o da vitalidade da Igreja.<\/em><\/p>\n\n\n\n<p>Primeira Leitura:&nbsp;<strong>Romanos 12,5-16<\/strong><\/p>\n\n\n\n<p>Leitura da carta de S\u00e3o Paulo aos Romanos \u2013 Irm\u00e3os,&nbsp;<sup>5<\/sup>n\u00f3s, embora muitos, somos em Cristo um s\u00f3 corpo e todos membros uns dos outros.&nbsp;<sup>6<\/sup>Temos dons diferentes, de acordo com a gra\u00e7a dada a cada um de n\u00f3s: se \u00e9 a profecia, exer\u00e7amo-la em harmonia com a f\u00e9;&nbsp;<sup>7<\/sup>se \u00e9 o servi\u00e7o, pratiquemos o servi\u00e7o; se \u00e9 o dom de ensinar, consagremo-nos ao ensino;&nbsp;<sup>8<\/sup>se \u00e9 o dom de exortar, exortemos. Quem distribui donativos, fa\u00e7a-o com simplicidade; quem preside, presida com solicitude; quem se dedica a obras de miseric\u00f3rdia, fa\u00e7a-o com alegria.&nbsp;<sup>9<\/sup>O amor seja sincero. Detestai o mal, apegai-vos ao bem.&nbsp;<sup>10<\/sup>Que o amor fraterno vos una uns aos outros com terna afei\u00e7\u00e3o, prevenindo-vos com aten\u00e7\u00f5es rec\u00edprocas.&nbsp;<sup>11<\/sup>Sede zelosos e diligentes, fervorosos de esp\u00edrito, servindo sempre ao Senhor,&nbsp;<sup>12<\/sup>alegres por causa da esperan\u00e7a, fortes nas tribula\u00e7\u00f5es, perseverantes na ora\u00e7\u00e3o.&nbsp;<sup>13<\/sup>Socorrei os santos em suas necessidades, persisti na pr\u00e1tica da hospitalidade.&nbsp;<sup>14<\/sup>Aben\u00e7oai os que vos perseguem, aben\u00e7oai e n\u00e3o amaldi\u00e7oeis.&nbsp;<sup>15<\/sup>Alegrai-vos com os que se alegram, chorai com os que choram.&nbsp;<sup>16<\/sup>Mantende um bom entendimento uns com os outros; n\u00e3o vos deixeis levar pelo gosto de grandeza, mas acomodai-vos \u00e0s coisas humildes. \u2013 Palavra do Senhor.<\/p>\n\n\n\n<p>Salmo Responsorial:&nbsp;<strong>130(131)<\/strong><\/p>\n\n\n\n<p><strong>Guardai-me, em paz, junto a v\u00f3s, \u00f3 Senhor!<\/strong><\/p>\n\n\n\n<p>1. Senhor, meu cora\u00e7\u00e3o n\u00e3o \u00e9 orgulhoso,&nbsp;\/&nbsp;nem se eleva arrogante o meu olhar;&nbsp;\/&nbsp;n\u00e3o ando \u00e0 procura de grandezas&nbsp;\/&nbsp;nem tenho pretens\u00f5es ambiciosas!&nbsp;\u2013 R.<\/p>\n\n\n\n<p>2. Fiz calar e sossegar a minha alma;&nbsp;\/&nbsp;ela est\u00e1 em grande paz dentro de mim,&nbsp;\/&nbsp;como a crian\u00e7a bem tranquila, amamentada&nbsp;\/&nbsp;no rega\u00e7o acolhedor de sua m\u00e3e.&nbsp;\u2013 R.<\/p>\n\n\n\n<p>3. Confia no Senhor, \u00f3 Israel,&nbsp;\/&nbsp;desde agora e por toda a eternidade!&nbsp;\u2013 R.<\/p>\n\n\n\n<p>Evangelho:&nbsp;<strong>Lucas 14,15-24<\/strong><\/p>\n\n\n\n<p><strong><em>Aleluia<\/em><em>, aleluia, aleluia.<\/em><\/strong><\/p>\n\n\n\n<p><strong>Vinde a mim, todos v\u00f3s que estais cansados,&nbsp;\/&nbsp;e descanso eu vos darei, diz o Senhor (Mt 11,28).&nbsp;\u2013 R.<\/strong><\/p>\n\n\n\n<p>Proclama\u00e7\u00e3o do Evangelho de Jesus Cristo segundo Lucas \u2013 Naquele tempo,&nbsp;<sup>15<\/sup>um homem que estava \u00e0 mesa disse a Jesus: \u201cFeliz aquele que come o p\u00e3o no Reino de Deus!\u201d&nbsp;<sup>16<\/sup>Jesus respondeu: \u201cUm homem deu um grande banquete e convidou muitas pessoas.&nbsp;<sup>17<\/sup>Na hora do banquete, mandou seu empregado dizer aos convidados: \u2018Vinde, pois tudo est\u00e1 pronto\u2019.&nbsp;<sup>18<\/sup>Mas todos, um a um, come\u00e7aram a dar desculpas. O primeiro disse: \u2018Comprei um campo e preciso ir v\u00ea-lo. Pe\u00e7o-te que aceites minhas desculpas\u2019.&nbsp;<sup>19<\/sup>Um outro disse: \u2018Comprei cinco juntas de bois e vou experiment\u00e1-las. Pe\u00e7o-te que aceites minhas desculpas\u2019.&nbsp;<sup>20<\/sup>Um terceiro disse: \u2018Acabo de me casar e, por isso, n\u00e3o posso ir\u2019.<sup>&nbsp;21<\/sup>O empregado voltou e contou tudo ao patr\u00e3o. Ent\u00e3o o dono da casa ficou muito zangado e disse ao empregado: \u2018Sai depressa pelas pra\u00e7as e ruas da cidade. Traze para c\u00e1 os pobres, os aleijados, os cegos e os coxos\u2019.&nbsp;<sup>22<\/sup>O empregado disse: \u2018Senhor, o que tu mandaste fazer foi feito e ainda h\u00e1 lugar\u2019.&nbsp;<sup>23<\/sup>O patr\u00e3o disse ao empregado: \u2018Sai pelas estradas e atalhos e obriga as pessoas a virem aqui, para que minha casa fique cheia.&nbsp;<sup>24<\/sup>Pois eu vos digo, nenhum daqueles que foram convidados provar\u00e1 do meu banquete&#8217;\u201d. \u2013 Palavra da salva\u00e7\u00e3o.<\/p>\n\n\n\n<p>Reflex\u00e3o:<\/p>\n\n\n\n<p><em>O banquete \u00e9 o Reino. O convite ao banquete \u00e9 o convite \u00e0 pr\u00e1tica da justi\u00e7a. Os convidados s\u00e3o os fariseus e, junto com eles, todos os apegados aos bens materiais. Arrumam desculpas ou buscam outros interesses e desconsideram a mensagem e as obras de Jesus. O dono se decepciona, mas n\u00e3o cancela o banquete. Convida, ent\u00e3o, duas categorias de marginalizados. Antes de tudo, os que moram na cidade: pobres, aleijados, cegos, coxos, desempregados, enfim, todos os que est\u00e3o exclu\u00eddos da vida social. Estes, a institui\u00e7\u00e3o rejeita como indignos. Depois, visto que ainda h\u00e1 lugar, convida os que est\u00e3o fora da cidade, isto \u00e9, todos os estrangeiros, em todos os tempos e lugares do mundo. Deus oferece os seus dons a todos. \u00c9 o ser humano quem recusa aceitar.<\/em><\/p>\n","protected":false},"excerpt":{"rendered":"<p>N\u00e3o me abandoneis jamais, Senhor; meu Deus, n\u00e3o fiqueis longe de mim! Depressa, vinde em meu aux\u00edlio, \u00f3 Senhor, minha salva\u00e7\u00e3o!&nbsp;(Sl 37,22s) Convencidos de que \u201ctemos dons diferentes, de acordo com a gra\u00e7a&#8230;<\/p>\n","protected":false},"author":2,"featured_media":21447,"comment_status":"open","ping_status":"open","sticky":false,"template":"","format":"standard","meta":[],"categories":[7],"tags":[],"_links":{"self":[{"href":"https:\/\/www.salvatorianas.org.br\/blog\/wp-json\/wp\/v2\/posts\/21446"}],"collection":[{"href":"https:\/\/www.salvatorianas.org.br\/blog\/wp-json\/wp\/v2\/posts"}],"about":[{"href":"https:\/\/www.salvatorianas.org.br\/blog\/wp-json\/wp\/v2\/types\/post"}],"author":[{"embeddable":true,"href":"https:\/\/www.salvatorianas.org.br\/blog\/wp-json\/wp\/v2\/users\/2"}],"replies":[{"embeddable":true,"href":"https:\/\/www.salvatorianas.org.br\/blog\/wp-json\/wp\/v2\/comments?post=21446"}],"version-history":[{"count":1,"href":"https:\/\/www.salvatorianas.org.br\/blog\/wp-json\/wp\/v2\/posts\/21446\/revisions"}],"predecessor-version":[{"id":21448,"href":"https:\/\/www.salvatorianas.org.br\/blog\/wp-json\/wp\/v2\/posts\/21446\/revisions\/21448"}],"wp:featuredmedia":[{"embeddable":true,"href":"https:\/\/www.salvatorianas.org.br\/blog\/wp-json\/wp\/v2\/media\/21447"}],"wp:attachment":[{"href":"https:\/\/www.salvatorianas.org.br\/blog\/wp-json\/wp\/v2\/media?parent=21446"}],"wp:term":[{"taxonomy":"category","embeddable":true,"href":"https:\/\/www.salvatorianas.org.br\/blog\/wp-json\/wp\/v2\/categories?post=21446"},{"taxonomy":"post_tag","embeddable":true,"href":"https:\/\/www.salvatorianas.org.br\/blog\/wp-json\/wp\/v2\/tags?post=21446"}],"curies":[{"name":"wp","href":"https:\/\/api.w.org\/{rel}","templated":true}]}}