{"id":21441,"date":"2023-11-06T09:33:47","date_gmt":"2023-11-06T09:33:47","guid":{"rendered":"https:\/\/www.salvatorianas.org.br\/blog\/?p=21441"},"modified":"2023-11-06T09:33:48","modified_gmt":"2023-11-06T09:33:48","slug":"setimo-dia-de-falecimento-ir-lucia-szelung","status":"publish","type":"post","link":"https:\/\/www.salvatorianas.org.br\/blog\/setimo-dia-de-falecimento-ir-lucia-szelung\/","title":{"rendered":"S\u00e9timo dia de falecimento &#8211; Ir. Lucia Szelung"},"content":{"rendered":"\n<p><\/p>\n\n\n\n<p>Ir. Lucia Szelung, nasceu aos 06 de abril de 1937, na localidade de Vila Ametista \u2013 Passo Fundo\/RS. Filha de Francisco Szelung, e Candida Elisa Sbardeloto. Tinha 5 irm\u00e3s mulheres e 01 irm\u00e3o homem. A m\u00e3e faleceu quando Lucia tinha 6 anos de idade e algum tempo depois o pai constituiu novo casamento com Alessandra R\u00e9ves e tiveram tr\u00eas filhos. Recebeu o Batismo no dia 24 de maio de 1937, na capela Nossa Senhora dos Navegantes Par\u00f3quia S\u00e3o Luiz de Casca\/RS. Fez sua Primeira Eucaristia na comunidade de S\u00e3o Jo\u00e3o Bosco, S\u00e3o Domingos do Sul e o Crisma no dia 23 de abril de 1942.<\/p>\n\n\n\n<p>Sempre cultivou o desejo de ser irm\u00e3, e aos dez anos decidiu que seguiria a Vida Religiosa para estar mais perto e fazer a vontade de Deus. Dedicou muita ora\u00e7\u00e3o nesta inten\u00e7\u00e3o, nutriu e cultivou intensa intimidade com Nossa Senhora de F\u00e1tima e ao Divino Esp\u00edrito Santo aos quais pedia for\u00e7as para sustentar e ser fiel a esta decis\u00e3o. Conheceu as Irm\u00e3s Salvatorianas da comunidade S\u00e3o Jos\u00e9 em David Canabarro\/RS, onde partilhou seu desejo de ser irm\u00e3 e no dia 11 de junho de 1957 ali foi acolhida como aspirante. No mesmo ano foi para Videira\/SC onde fez postulando e noviciado, professando os primeiros votos no dia 02 de fevereiro de 1962, em Videira\/SC. Emitindo os votos perp\u00e9tuos no dia 02 de fevereiro de 1968 em Videira\/SC.<\/p>\n\n\n\n<p>Desenvolveu atividades e residiu nas comunidades Salvatorianas de Irani\/SC; Imaculada Concei\u00e7\u00e3o; Videira\/SC; Mater Salvatoris, Tangar\u00e1\/SC; Divina Provid\u00eancia, Caibi\/SC, Sede Provincial, Maria Rosa e Renascer em Lages\/SC; M\u00e3e do Bom Conselho, Passo Fundo\/RS; M\u00e3e do Salvador e Bet\u00e2nia Maria dos Ap\u00f3stolos em Campo Alegre\/SC; Maria Teresa em Videira\/SC; Comunidade Salvatoriana no Semin\u00e1rio Palotino em Curitiba\/PR. No Col\u00e9gio Nossa Senhora de Lourdes, Porto Alegre\/RS; nos Hospitais Nossa Senhora de F\u00e1tima em Coronel Freitas\/SC e Divino Salvador em Videira\/SC. Neste \u00faltimo ano residiu na comunidade Santa Isabel em Passo Fundo\/RS.<\/p>\n\n\n\n<p>Com zelo e carinho assumiu diversos servi\u00e7os nas comunidades, realizava todas as atividades e conduziu sua vida de forma simples, buscava viver o que rezava colocando muito carinho, aten\u00e7\u00e3o, dedica\u00e7\u00e3o e amor ao que fazia. Gostava de acolher bem as pessoas e zelava pelas boas rela\u00e7\u00f5es. Em alguns dos lugares em que viveu dedicou-se a visita as fam\u00edlias a fim de levar conforto as pessoas doentes e fragilizadas, e anunciava a Palavra de Deus, levava a Eucaristia aos doentes, rezava com as fam\u00edlias, buscou ser presen\u00e7a e sempre atenciosa acompanhava as fam\u00edlias para que se sentissem confiantes e confortadas pela bondade e miseric\u00f3rdia de Deus. Buscou no cultivo pessoal na ora\u00e7\u00e3o e no estudo da Palavra de Deus, participando em cursos e retiros, para o crescimento pessoal e sustento cotidiano na caminhada, sentindo-se sempre apoiada e confortada pela presen\u00e7a e bondade e miseric\u00f3rdia Divina.<\/p>\n\n\n\n<p>Ao celebrar 60 anos de Vida Religiosa Consagrada em fevereiro de 2022 deixou registrada esta mensagem: <em>\u201cQuero agradecer a Deus pela minha voca\u00e7\u00e3o e a capacidade que me deu assim como as oportunidades de me doar aos irm\u00e3os. Sou muito grata pela minha congrega\u00e7\u00e3o e por ser salvatoriana. Nela pude em tudo, tudo fazer para a maior gl\u00f3ria de Deus!\u201d \u201cSinto-me muito feliz e agradecida por tudo o que aconteceu nestes 60 anos. Sou muito grata a Deus e as pessoas que me ajudaram a chegar at\u00e9 aqui. Foram muitas e tantas coisas que aconteceram nestes 60 anos, alegrias desafios e sofrimentos, mas Deus sempre me acompanhou. Sempre precisei de muita ajuda de Deus, e com Ele, todas as dificuldades sempre foram superadas. Obrigada meu Deus por todo amor e miseric\u00f3rdia que manifestaste em minha vida e com as pessoas com quem convivi e trabalhei. Coloco na tua reden\u00e7\u00e3o tudo o que n\u00e3o foi vida de teu agrado Senhor. Transforma tudo em mais vida e liberta\u00e7\u00e3o. Creio nas tuas palavras: \u201cEu vim para que todos tenham vida e vida em plenitude\u201d.<\/em><\/p>\n\n\n\n<p>Ir. Lucia Szelung com 86 anos de vida e 61 anos de Vida religiosa retorna para junto da Luz que um dia a chamou a vida neste mundo e hoje a reconduz para viver na plenitude, junto a Deus, que \u00e9 a fonte de salva\u00e7\u00e3o.<\/p>\n\n\n\n<p>Ir. Lucia nossa gratid\u00e3o:<\/p>\n\n\n\n<p>Pela atitude orante &#8211; sempre acreditando na provid\u00eancia de Deus.<\/p>\n\n\n\n<p>Pelo aut\u00eantico testemunho de f\u00e9 em viver a vida Salvatoriana com amor e fidelidade.<\/p>\n\n\n\n<p>Pela presen\u00e7a amiga, simples, dedicada e acolhedora junto \u00e0s Irm\u00e3s e na miss\u00e3o de servir as comunidades onde viveu.<\/p>\n\n\n\n<p>Pela presen\u00e7a junto e as fam\u00edlias e doentes que visitou e confortou.<\/p>\n\n\n\n<p>Nossa gratid\u00e3o por seu testemunho e fidelidade ao Carisma Salvatoriano<\/p>\n\n\n\n<p>Deus a recompense acolhendo-a junto de si, na luz eterna.<\/p>\n","protected":false},"excerpt":{"rendered":"<p>Ir. Lucia Szelung, nasceu aos 06 de abril de 1937, na localidade de Vila Ametista \u2013 Passo Fundo\/RS. Filha de Francisco Szelung, e Candida Elisa Sbardeloto. Tinha 5 irm\u00e3s mulheres e 01 irm\u00e3o&#8230;<\/p>\n","protected":false},"author":2,"featured_media":21433,"comment_status":"open","ping_status":"open","sticky":false,"template":"","format":"standard","meta":[],"categories":[1],"tags":[],"_links":{"self":[{"href":"https:\/\/www.salvatorianas.org.br\/blog\/wp-json\/wp\/v2\/posts\/21441"}],"collection":[{"href":"https:\/\/www.salvatorianas.org.br\/blog\/wp-json\/wp\/v2\/posts"}],"about":[{"href":"https:\/\/www.salvatorianas.org.br\/blog\/wp-json\/wp\/v2\/types\/post"}],"author":[{"embeddable":true,"href":"https:\/\/www.salvatorianas.org.br\/blog\/wp-json\/wp\/v2\/users\/2"}],"replies":[{"embeddable":true,"href":"https:\/\/www.salvatorianas.org.br\/blog\/wp-json\/wp\/v2\/comments?post=21441"}],"version-history":[{"count":3,"href":"https:\/\/www.salvatorianas.org.br\/blog\/wp-json\/wp\/v2\/posts\/21441\/revisions"}],"predecessor-version":[{"id":21444,"href":"https:\/\/www.salvatorianas.org.br\/blog\/wp-json\/wp\/v2\/posts\/21441\/revisions\/21444"}],"wp:featuredmedia":[{"embeddable":true,"href":"https:\/\/www.salvatorianas.org.br\/blog\/wp-json\/wp\/v2\/media\/21433"}],"wp:attachment":[{"href":"https:\/\/www.salvatorianas.org.br\/blog\/wp-json\/wp\/v2\/media?parent=21441"}],"wp:term":[{"taxonomy":"category","embeddable":true,"href":"https:\/\/www.salvatorianas.org.br\/blog\/wp-json\/wp\/v2\/categories?post=21441"},{"taxonomy":"post_tag","embeddable":true,"href":"https:\/\/www.salvatorianas.org.br\/blog\/wp-json\/wp\/v2\/tags?post=21441"}],"curies":[{"name":"wp","href":"https:\/\/api.w.org\/{rel}","templated":true}]}}