{"id":21438,"date":"2023-11-06T01:23:00","date_gmt":"2023-11-06T01:23:00","guid":{"rendered":"https:\/\/www.salvatorianas.org.br\/blog\/?p=21438"},"modified":"2023-11-03T20:24:06","modified_gmt":"2023-11-03T20:24:06","slug":"31a-semana-do-tempo-comum-ano-impar-i","status":"publish","type":"post","link":"https:\/\/www.salvatorianas.org.br\/blog\/31a-semana-do-tempo-comum-ano-impar-i\/","title":{"rendered":"31\u00aa Semana do Tempo Comum, Ano \u00cdmpar (I)"},"content":{"rendered":"\n<p>N\u00e3o me abandoneis jamais, Senhor; meu Deus, n\u00e3o fiqueis longe de mim! Depressa, vinde em meu aux\u00edlio, \u00f3 Senhor, minha salva\u00e7\u00e3o!&nbsp;(Sl 37,22s)<\/p>\n\n\n\n<p><em>\u201cOutrora fostes desobedientes a Deus\u201d: toda a humanidade encontrava-se mergulhada no pecado, mas, por sua infinita miseric\u00f3rdia, o Senhor abriu as portas da salva\u00e7\u00e3o para todos, especialmente para os mais desamparados. Ele nos ama n\u00e3o porque somos bons, mas para que sejamos bons.<\/em><\/p>\n\n\n\n<p>Primeira Leitura:&nbsp;<strong>Romanos 11,29-36<\/strong><\/p>\n\n\n\n<p>Leitura da carta de S\u00e3o Paulo aos Romanos \u2013 Irm\u00e3os,&nbsp;<sup>29<\/sup>os dons e a voca\u00e7\u00e3o de Deus s\u00e3o irrevog\u00e1veis.&nbsp;<sup>30<\/sup>Outrora, v\u00f3s fostes desobedientes a Deus, mas agora alcan\u00e7astes miseric\u00f3rdia em consequ\u00eancia da desobedi\u00eancia deles.&nbsp;<sup>31<\/sup>Assim s\u00e3o eles agora os desobedientes, para que, em consequ\u00eancia da miseric\u00f3rdia usada convosco, alcancem finalmente miseric\u00f3rdia.&nbsp;<sup>32<\/sup>Com efeito, Deus encerrou todos os homens na desobedi\u00eancia, a fim de exercer miseric\u00f3rdia para com todos.&nbsp;<sup>33<\/sup>\u00d3 profundidade da riqueza, da sabedoria e da ci\u00eancia de Deus! Como s\u00e3o inescrut\u00e1veis os seus ju\u00edzos e impenetr\u00e1veis os seus caminhos!&nbsp;<sup>34<\/sup>De fato, quem conheceu o pensamento do Senhor? Ou quem foi seu conselheiro?&nbsp;<sup>35<\/sup>Ou quem se antecipou em dar-lhe alguma coisa, de maneira a ter direito a uma retribui\u00e7\u00e3o?&nbsp;<sup>36<\/sup>Na verdade, tudo \u00e9 dele, por ele e para ele. A ele, a gl\u00f3ria para sempre. Am\u00e9m! \u2013 Palavra do Senhor.<\/p>\n\n\n\n<p>Salmo Responsorial:&nbsp;<strong>68(69)<\/strong><\/p>\n\n\n\n<p><strong>Respondei-me, \u00f3 Senhor, pelo vosso imenso amor!<\/strong><\/p>\n\n\n\n<p>1. Pobre de mim, sou infeliz e sofredor!&nbsp;\/&nbsp;Que vosso aux\u00edlio me levante, Senhor Deus!&nbsp;\/&nbsp;Cantando, eu louvarei o vosso nome&nbsp;\/&nbsp;e, agradecido, exultarei de alegria!&nbsp;\u2013 R.<\/p>\n\n\n\n<p>2. Humildes, vede isto e alegrai-vos:&nbsp;\u2020&nbsp;o vosso cora\u00e7\u00e3o reviver\u00e1&nbsp;\/&nbsp;se procurardes o Senhor continuamente!&nbsp;\/&nbsp;Pois nosso Deus atende \u00e0 prece dos seus pobres&nbsp;\/&nbsp;e n\u00e3o despreza o clamor de seus cativos.&nbsp;\u2013 R.<\/p>\n\n\n\n<p>3. Sim, Deus vir\u00e1 e salvar\u00e1 Jerusal\u00e9m,&nbsp;\u2020&nbsp;reconstruindo as cidades de Jud\u00e1,&nbsp;\/&nbsp;onde os pobres morar\u00e3o, sendo seus donos.&nbsp;\/&nbsp;A descend\u00eancia de seus servos h\u00e1 de herd\u00e1-las,&nbsp;\u2020&nbsp;e os que amam o santo nome do Senhor&nbsp;\/&nbsp;dentro delas fixar\u00e3o sua morada!&nbsp;\u2013 R.<\/p>\n\n\n\n<p>Evangelho:&nbsp;<strong>Lucas 14,12-14<\/strong><\/p>\n\n\n\n<p><strong><em>Aleluia<\/em><em>, aleluia, aleluia.<\/em><\/strong><\/p>\n\n\n\n<p><strong>Se guardais minha palavra, diz Jesus,&nbsp;\/&nbsp;realmente v\u00f3s sereis os meus disc\u00edpulos (Jo 8,31s).&nbsp;\u2013 R.<\/strong><\/p>\n\n\n\n<p>Proclama\u00e7\u00e3o do Evangelho de Jesus Cristo segundo Lucas \u2013 Naquele tempo,&nbsp;<sup>12<\/sup>dizia Jesus ao chefe dos fariseus que o tinha convidado: \u201cQuando tu deres um almo\u00e7o ou um jantar, n\u00e3o convides teus amigos, nem teus irm\u00e3os, nem teus parentes, nem teus vizinhos ricos. Pois estes poderiam tamb\u00e9m convidar-te e isso j\u00e1 seria a tua recompensa.<sup>&nbsp;13<\/sup>Pelo contr\u00e1rio, quando deres uma festa, convida os pobres, os aleijados, os coxos, os cegos.&nbsp;<sup>14<\/sup>Ent\u00e3o tu ser\u00e1s feliz! Porque eles n\u00e3o te podem retribuir. Tu receber\u00e1s a recompensa na ressurrei\u00e7\u00e3o dos justos\u201d. \u2013 Palavra da salva\u00e7\u00e3o.<\/p>\n\n\n\n<p>Reflex\u00e3o:<\/p>\n\n\n\n<p><em>Somos influenciados por uma sociedade mercantilista, onde tudo tem pre\u00e7o; nada se faz sem pagamento. Essa mentalidade afeta tamb\u00e9m os crist\u00e3os, n\u00e3o obstante os insistentes convites de Jesus a embrenhar-nos pelos caminhos da gratuidade. \u00c9 a li\u00e7\u00e3o que nos vem do Evangelho de hoje. A orienta\u00e7\u00e3o do Mestre \u00e9 fazer o bem aos que n\u00e3o podem retribuir com a mesma moeda. Acudir generosamente aos fracos e praticar a caridade desinteressada s\u00e3o exerc\u00edcios salutares e recomend\u00e1veis para assemelhar-nos a Jesus, que tudo ofereceu, sem nada esperar em troca. N\u00e3o se trata apenas de repartir bens materiais, mas podemos incluir, entre as d\u00e1divas, o tempo, a compreens\u00e3o, o bom conselho. Al\u00e9m de experimentar alegria pelo gesto em si, seremos beneficiados com a recompensa na \u201cressurrei\u00e7\u00e3o dos justos\u201d.<\/em><\/p>\n","protected":false},"excerpt":{"rendered":"<p>N\u00e3o me abandoneis jamais, Senhor; meu Deus, n\u00e3o fiqueis longe de mim! Depressa, vinde em meu aux\u00edlio, \u00f3 Senhor, minha salva\u00e7\u00e3o!&nbsp;(Sl 37,22s) \u201cOutrora fostes desobedientes a Deus\u201d: toda a humanidade encontrava-se mergulhada no&#8230;<\/p>\n","protected":false},"author":2,"featured_media":21439,"comment_status":"open","ping_status":"open","sticky":false,"template":"","format":"standard","meta":[],"categories":[7],"tags":[],"_links":{"self":[{"href":"https:\/\/www.salvatorianas.org.br\/blog\/wp-json\/wp\/v2\/posts\/21438"}],"collection":[{"href":"https:\/\/www.salvatorianas.org.br\/blog\/wp-json\/wp\/v2\/posts"}],"about":[{"href":"https:\/\/www.salvatorianas.org.br\/blog\/wp-json\/wp\/v2\/types\/post"}],"author":[{"embeddable":true,"href":"https:\/\/www.salvatorianas.org.br\/blog\/wp-json\/wp\/v2\/users\/2"}],"replies":[{"embeddable":true,"href":"https:\/\/www.salvatorianas.org.br\/blog\/wp-json\/wp\/v2\/comments?post=21438"}],"version-history":[{"count":1,"href":"https:\/\/www.salvatorianas.org.br\/blog\/wp-json\/wp\/v2\/posts\/21438\/revisions"}],"predecessor-version":[{"id":21440,"href":"https:\/\/www.salvatorianas.org.br\/blog\/wp-json\/wp\/v2\/posts\/21438\/revisions\/21440"}],"wp:featuredmedia":[{"embeddable":true,"href":"https:\/\/www.salvatorianas.org.br\/blog\/wp-json\/wp\/v2\/media\/21439"}],"wp:attachment":[{"href":"https:\/\/www.salvatorianas.org.br\/blog\/wp-json\/wp\/v2\/media?parent=21438"}],"wp:term":[{"taxonomy":"category","embeddable":true,"href":"https:\/\/www.salvatorianas.org.br\/blog\/wp-json\/wp\/v2\/categories?post=21438"},{"taxonomy":"post_tag","embeddable":true,"href":"https:\/\/www.salvatorianas.org.br\/blog\/wp-json\/wp\/v2\/tags?post=21438"}],"curies":[{"name":"wp","href":"https:\/\/api.w.org\/{rel}","templated":true}]}}