{"id":21431,"date":"2023-11-05T01:21:00","date_gmt":"2023-11-05T01:21:00","guid":{"rendered":"https:\/\/www.salvatorianas.org.br\/blog\/?p=21431"},"modified":"2023-11-03T20:21:58","modified_gmt":"2023-11-03T20:21:58","slug":"todos-os-santos-solenidade-ano-a","status":"publish","type":"post","link":"https:\/\/www.salvatorianas.org.br\/blog\/todos-os-santos-solenidade-ano-a\/","title":{"rendered":"Todos os Santos, Solenidade, Ano A"},"content":{"rendered":"\n<p>Alegremo-nos todos no Senhor, celebrando a festa de Todos os Santos. Conosco alegram-se os anjos e glorificam o Filho de Deus.<\/p>\n\n\n\n<p><em>Alegremo-nos no Senhor, celebrando a solenidade de Todos os Santos e Santas! N\u00f3s, filhos e filhas de Deus vocacionados \u00e0 santidade, somos convidados a procurar a face do Pai e esperar nele com o cora\u00e7\u00e3o purificado. Participando desta Eucaristia, vamos nos dispor a acolher a proposta das bem-aventuran\u00e7as e formar comunh\u00e3o com a multid\u00e3o dos que j\u00e1 foram glorificados com Cristo.<\/em><\/p>\n\n\n\n<p>Primeira Leitura:&nbsp;<strong>Apocalipse 7,2-4.9-14<\/strong><\/p>\n\n\n\n<p>Leitura do livro do Apocalipse de S\u00e3o Jo\u00e3o \u2013 Eu, Jo\u00e3o,&nbsp;<sup>2<\/sup>vi um outro anjo, que subia do lado onde nasce o sol. Ele trazia a marca do Deus vivo e gritava, em alta voz, aos quatro anjos que tinham recebido o poder de danificar a terra e o mar, dizendo-lhes:&nbsp;<sup>3<\/sup>\u201cN\u00e3o fa\u00e7ais mal \u00e0 terra, nem ao mar, nem \u00e0s \u00e1rvores, at\u00e9 que tenhamos marcado na fronte os servos do nosso Deus\u201d.&nbsp;<sup>4<\/sup>Ouvi ent\u00e3o o n\u00famero dos que tinham sido marcados: eram cento e quarenta e quatro mil, de todas as tribos dos filhos de Israel.&nbsp;<sup>9<\/sup>Depois disso, vi uma multid\u00e3o imensa de gente de todas as na\u00e7\u00f5es, tribos, povos e l\u00ednguas, que ningu\u00e9m podia contar. Estavam de p\u00e9 diante do trono e do Cordeiro; trajavam vestes brancas e traziam palmas na m\u00e3o.&nbsp;<sup>10<\/sup>Todos proclamavam com voz forte: \u201cA salva\u00e7\u00e3o pertence ao nosso Deus, que est\u00e1 sentado no trono, e ao Cordeiro\u201d.&nbsp;<sup>11<\/sup>Todos os anjos estavam de p\u00e9, em volta do trono e dos anci\u00e3os e dos quatro seres vivos, e prostravam-se, com o rosto por terra, diante do trono. E adoravam a Deus, dizendo:&nbsp;<sup>12<\/sup>\u201cAm\u00e9m. O louvor, a gl\u00f3ria e a sabedoria, a a\u00e7\u00e3o de gra\u00e7as, a honra, o poder e a for\u00e7a pertencem ao nosso Deus para sempre. Am\u00e9m\u201d.&nbsp;<sup>13<\/sup>E um dos anci\u00e3os falou comigo e perguntou: \u201cQuem s\u00e3o esses, vestidos com roupas brancas? De onde vieram?\u201d&nbsp;<sup>14<\/sup>Eu respondi: \u201cTu \u00e9 que sabes, meu senhor\u201d. E ent\u00e3o ele me disse: \u201cEsses s\u00e3o os que vieram da grande tribula\u00e7\u00e3o. Lavaram e alvejaram as suas roupas no sangue do Cordeiro\u201d. \u2013 Palavra do Senhor.<\/p>\n\n\n\n<p>Salmo Responsorial:&nbsp;<strong>23(24)<\/strong><\/p>\n\n\n\n<p><strong>\u00c9 assim a gera\u00e7\u00e3o dos que procuram o Senhor!<\/strong><\/p>\n\n\n\n<p>1. Ao Senhor pertence a terra e o que ela encerra,&nbsp;\/&nbsp;o mundo inteiro com os seres que o povoam;&nbsp;\/&nbsp;porque ele a tornou firme sobre os mares&nbsp;\/&nbsp;e, sobre as \u00e1guas, a mant\u00e9m inabal\u00e1vel.&nbsp;\u2013 R.<\/p>\n\n\n\n<p>2. \u201cQuem subir\u00e1 at\u00e9 o monte do Senhor,&nbsp;\/&nbsp;quem ficar\u00e1 em sua santa habita\u00e7\u00e3o?\u201d&nbsp;\/&nbsp;\u201cQuem tem m\u00e3os puras e inocente cora\u00e7\u00e3o,&nbsp;\/&nbsp;quem n\u00e3o dirige sua mente para o crime.&nbsp;\u2013 R.<\/p>\n\n\n\n<p>3. Sobre este desce a b\u00ean\u00e7\u00e3o do Senhor&nbsp;\/&nbsp;e a recompensa de seu Deus e salvador\u201d.&nbsp;\/&nbsp;\u201c\u00c9 assim a gera\u00e7\u00e3o dos que o procuram&nbsp;\/&nbsp;e do Deus de Israel buscam a face.\u201d&nbsp;\u2013 R.<\/p>\n\n\n\n<p>Segunda Leitura:&nbsp;<strong>1 Jo\u00e3o 3,1-3<\/strong><\/p>\n\n\n\n<p>Leitura da primeira carta de S\u00e3o Jo\u00e3o \u2013 Car\u00edssimos,&nbsp;<sup>1<\/sup>vede que grande presente de amor o Pai nos deu: de sermos chamados filhos de Deus! E n\u00f3s o somos! Se o mundo n\u00e3o nos conhece, \u00e9 porque n\u00e3o conheceu o Pai.&nbsp;<sup>2<\/sup>Car\u00edssimos, desde j\u00e1 somos filhos de Deus, mas nem sequer se manifestou o que seremos! Sabemos que, quando Jesus se manifestar, seremos semelhantes a ele, porque o veremos tal como ele \u00e9.&nbsp;<sup>3<\/sup>Todo o que espera nele purifica-se a si mesmo, como tamb\u00e9m ele \u00e9 puro. \u2013 Palavra do Senhor.<\/p>\n\n\n\n<p>Evangelho:&nbsp;<strong>Mateus 5,1-12<\/strong><\/p>\n\n\n\n<p><strong><em>Aleluia, aleluia, aleluia.<\/em><\/strong><\/p>\n\n\n\n<p><strong>Vinde a mim, todos v\u00f3s que estais cansados e penais a carregar pesado fardo,&nbsp;\/&nbsp;e descanso eu vos darei, diz o Senhor (Mt 11,28).&nbsp;\u2013 R.<\/strong><\/p>\n\n\n\n<p>Proclama\u00e7\u00e3o do Evangelho de Jesus Cristo segundo Mateus \u2013&nbsp; Naquele tempo,&nbsp;<sup>1<\/sup>vendo Jesus as multid\u00f5es, subiu ao monte e sentou-se. Os disc\u00edpulos aproximaram-se,&nbsp;<sup>2<\/sup>e Jesus come\u00e7ou a ensin\u00e1-los:&nbsp;<sup>3<\/sup>\u201cBem-aventurados os pobres em esp\u00edrito, porque deles \u00e9 o Reino dos C\u00e9us.&nbsp;<sup>4<\/sup>Bem-aventurados os aflitos, porque ser\u00e3o consolados.&nbsp;<sup>5<\/sup>Bem-aventurados os mansos, porque possuir\u00e3o a terra.&nbsp;<sup>6<\/sup>Bem-aventurados os que t\u00eam fome e sede de justi\u00e7a, porque ser\u00e3o saciados.&nbsp;<sup>7<\/sup>Bem-aventurados os misericordiosos, porque alcan\u00e7ar\u00e3o miseric\u00f3rdia.&nbsp;<sup>8<\/sup>Bem-aventurados os puros de cora\u00e7\u00e3o, porque ver\u00e3o a Deus.&nbsp;<sup>9<\/sup>Bem-aventurados os que promovem a paz, porque ser\u00e3o chamados filhos de Deus.&nbsp;<sup>10<\/sup>Bem-aventurados os que s\u00e3o perseguidos por causa da justi\u00e7a, porque deles \u00e9 o Reino dos C\u00e9us.&nbsp;<sup>11<\/sup>Bem-aventurados sois v\u00f3s quando vos injuriarem e perseguirem e, mentindo, disserem todo tipo de mal contra v\u00f3s por causa de mim.&nbsp;<sup>12<\/sup>Alegrai-vos e exultai, porque ser\u00e1 grande a vossa recompensa nos c\u00e9us\u201d. \u2013 Palavra da salva\u00e7\u00e3o.<\/p>\n\n\n\n<p>Reflex\u00e3o:<\/p>\n\n\n\n<p><em>Quem s\u00e3o os santos? Todos os que, animados pela caridade, vivem e morrem na gra\u00e7a de Deus podem ser chamados santos; em sentido especial, por\u00e9m, s\u00e3o os que a Igreja elevou \u00e0s honras dos altares por terem praticado as virtudes de maneira heroica ou por terem dado a vida pela causa da f\u00e9. A respeito da intercess\u00e3o dos santos, o Catecismo da Igreja cat\u00f3lica afirma: \u201cEles n\u00e3o deixam de interceder por n\u00f3s junto ao Pai, apresentando os m\u00e9ritos que alcan\u00e7aram na terra pelo \u00fanico mediador de Deus e dos homens, Cristo Jesus. Por conseguinte, pela fraterna solicitude deles, nossa fraqueza recebe o mais valioso aux\u00edlio\u201d (n. 956). As bem-aventuran\u00e7as constituem o caminho proposto por Jesus para uma vida coerente com o Reino de Deus nesta terra, com vistas \u00e0 comunh\u00e3o eterna com Deus no c\u00e9u.<\/em><\/p>\n","protected":false},"excerpt":{"rendered":"<p>Alegremo-nos todos no Senhor, celebrando a festa de Todos os Santos. Conosco alegram-se os anjos e glorificam o Filho de Deus. Alegremo-nos no Senhor, celebrando a solenidade de Todos os Santos e Santas!&#8230;<\/p>\n","protected":false},"author":2,"featured_media":21434,"comment_status":"open","ping_status":"open","sticky":false,"template":"","format":"standard","meta":[],"categories":[7],"tags":[],"_links":{"self":[{"href":"https:\/\/www.salvatorianas.org.br\/blog\/wp-json\/wp\/v2\/posts\/21431"}],"collection":[{"href":"https:\/\/www.salvatorianas.org.br\/blog\/wp-json\/wp\/v2\/posts"}],"about":[{"href":"https:\/\/www.salvatorianas.org.br\/blog\/wp-json\/wp\/v2\/types\/post"}],"author":[{"embeddable":true,"href":"https:\/\/www.salvatorianas.org.br\/blog\/wp-json\/wp\/v2\/users\/2"}],"replies":[{"embeddable":true,"href":"https:\/\/www.salvatorianas.org.br\/blog\/wp-json\/wp\/v2\/comments?post=21431"}],"version-history":[{"count":1,"href":"https:\/\/www.salvatorianas.org.br\/blog\/wp-json\/wp\/v2\/posts\/21431\/revisions"}],"predecessor-version":[{"id":21435,"href":"https:\/\/www.salvatorianas.org.br\/blog\/wp-json\/wp\/v2\/posts\/21431\/revisions\/21435"}],"wp:featuredmedia":[{"embeddable":true,"href":"https:\/\/www.salvatorianas.org.br\/blog\/wp-json\/wp\/v2\/media\/21434"}],"wp:attachment":[{"href":"https:\/\/www.salvatorianas.org.br\/blog\/wp-json\/wp\/v2\/media?parent=21431"}],"wp:term":[{"taxonomy":"category","embeddable":true,"href":"https:\/\/www.salvatorianas.org.br\/blog\/wp-json\/wp\/v2\/categories?post=21431"},{"taxonomy":"post_tag","embeddable":true,"href":"https:\/\/www.salvatorianas.org.br\/blog\/wp-json\/wp\/v2\/tags?post=21431"}],"curies":[{"name":"wp","href":"https:\/\/api.w.org\/{rel}","templated":true}]}}