{"id":21427,"date":"2023-11-04T01:20:00","date_gmt":"2023-11-04T01:20:00","guid":{"rendered":"https:\/\/www.salvatorianas.org.br\/blog\/?p=21427"},"modified":"2023-11-03T20:21:08","modified_gmt":"2023-11-03T20:21:08","slug":"sao-carlos-borromeu-bispo-memoria-2","status":"publish","type":"post","link":"https:\/\/www.salvatorianas.org.br\/blog\/sao-carlos-borromeu-bispo-memoria-2\/","title":{"rendered":"S\u00e3o Carlos Borromeu, bispo, Mem\u00f3ria"},"content":{"rendered":"\n<p>O Senhor firmou com ele uma alian\u00e7a de paz, fazendo-o chefe do seu povo e sacerdote para sempre (Eclo 45,30).<\/p>\n\n\n\n<p><em>Carlos nasceu em 1538 na It\u00e1lia e l\u00e1 faleceu em 1584. Arcebispo de Mil\u00e3o, participou ativamente das \u00faltimas sess\u00f5es do Conc\u00edlio de Trento e muito se empenhou para aplicar as decis\u00f5es conciliares \u00e0 vida da Igreja. Ocupou-se seriamente com a forma\u00e7\u00e3o dos bispos, padres e seminaristas. Praticou com intensidade o aux\u00edlio aos pobres e doentes da peste, doando todos os seus recursos para a constru\u00e7\u00e3o de hospitais e asilos. A seu exemplo, reunamos esfor\u00e7os para a constru\u00e7\u00e3o de uma Igreja viva e solid\u00e1ria.<\/em><\/p>\n\n\n\n<p>Primeira Leitura:&nbsp;<strong>Romanos 11,1-2.11-12.25-29<\/strong><\/p>\n\n\n\n<p>Leitura da carta de S\u00e3o Paulo aos Romanos \u2013 Irm\u00e3os,&nbsp;<sup>1<\/sup>eu pergunto: ser\u00e1 que Deus rejeitou o seu povo? De modo algum. Pois tamb\u00e9m eu sou israelita, da descend\u00eancia de Abra\u00e3o, da tribo de Benjamim\u2026&nbsp;<sup>2<\/sup>Deus n\u00e3o rejeitou o seu povo, que ele desde sempre considerou.&nbsp;<sup>11<\/sup>Eu pergunto: acaso eles trope\u00e7aram para cair? N\u00e3o, de modo algum. De fato, o passo em falso que eles deram serviu para a salva\u00e7\u00e3o dos pag\u00e3os, e a salva\u00e7\u00e3o dos pag\u00e3os, por sua vez, deve servir para despertar ci\u00fame neles.&nbsp;<sup>12<\/sup>Ora, se o passo em falso deles foi riqueza para o mundo e o pequeno n\u00famero de crentes dentre eles foi riqueza para os pag\u00e3os, que riqueza n\u00e3o ser\u00e1 a ades\u00e3o de todos eles ao Evangelho!&nbsp;<sup>25<\/sup>Irm\u00e3os, para n\u00e3o serdes presun\u00e7osos por causa da vossa sabedoria, \u00e9 importante que conhe\u00e7ais o mist\u00e9rio, a saber: o endurecimento de uma parte de Israel \u00e9 para durar at\u00e9 que a totalidade dos pag\u00e3os tenha entrado na salva\u00e7\u00e3o.&nbsp;<sup>26<\/sup>E ent\u00e3o todo o Israel ser\u00e1 salvo, como est\u00e1 escrito: \u201cDe Si\u00e3o vir\u00e1 o libertador; ele tirar\u00e1 as impiedades do meio de Jac\u00f3.&nbsp;<sup>27<\/sup>Essa ser\u00e1 a realiza\u00e7\u00e3o da minha alian\u00e7a com eles, quando eu tirar os seus pecados\u201d.&nbsp;<sup>28<\/sup>De fato, com rela\u00e7\u00e3o ao Evangelho, eles s\u00e3o inimigos, para benef\u00edcio vosso, mas, com rela\u00e7\u00e3o \u00e0 escolha divina, eles s\u00e3o amados, por causa dos patriarcas.&nbsp;<sup>29<\/sup>Pois os dons e a voca\u00e7\u00e3o de Deus s\u00e3o irrevog\u00e1veis. \u2013 Palavra do Senhor.<\/p>\n\n\n\n<p>Salmo Responsorial:&nbsp;<strong>93(94)<\/strong><\/p>\n\n\n\n<p><strong>O Senhor n\u00e3o rejeita o seu povo!<\/strong><\/p>\n\n\n\n<p>1. \u00c9 feliz, \u00f3 Senhor, quem formais&nbsp;\u2020&nbsp;e educais nos caminhos da Lei&nbsp;\/&nbsp;para dar-lhe um al\u00edvio na ang\u00fastia.&nbsp;\u2013 R.<\/p>\n\n\n\n<p>2. O Senhor n\u00e3o rejeita o seu povo&nbsp;\/&nbsp;e n\u00e3o pode esquecer sua heran\u00e7a:&nbsp;\/&nbsp;voltar\u00e3o a ju\u00edzo as senten\u00e7as;&nbsp;\/&nbsp;quem \u00e9 reto andar\u00e1 na justi\u00e7a.&nbsp;\u2013 R.<\/p>\n\n\n\n<p>3. Se o Senhor n\u00e3o me desse uma ajuda,&nbsp;\/&nbsp;no sil\u00eancio da morte estaria!&nbsp;\/&nbsp;Quando eu penso: \u201cEstou quase caindo!\u201d,&nbsp;\/&nbsp;vosso amor me sustenta, Senhor!&nbsp;\u2013 R.<\/p>\n\n\n\n<p>Evangelho:&nbsp;<strong>Lucas 14,1.7-11\u00ac\u00ac<\/strong><\/p>\n\n\n\n<p><strong><em>Aleluia, aleluia, aleluia.<\/em><\/strong><\/p>\n\n\n\n<p><strong>Tomai meu jugo sobre v\u00f3s&nbsp;\/&nbsp;e aprendei de mim, que sou de cora\u00e7\u00e3o humilde e manso! (Mt 11,29)&nbsp;\u2013 R.<\/strong><\/p>\n\n\n\n<p>Proclama\u00e7\u00e3o do Evangelho de Jesus Cristo segundo Lucas \u2013&nbsp;<sup>1<\/sup>Aconteceu que, num dia de s\u00e1bado, Jesus foi comer na casa de um dos chefes dos fariseus. E eles o observavam.&nbsp;<sup>7<\/sup>Jesus notou como os convidados escolhiam os primeiros lugares. Ent\u00e3o, contou-lhes uma par\u00e1bola:&nbsp;<sup>8<\/sup>\u201cQuando tu fores convidado para uma festa de casamento, n\u00e3o ocupes o primeiro lugar. Pode ser que tenha sido convidado algu\u00e9m mais importante do que tu,&nbsp;<sup>9<\/sup>e o dono da casa, que convidou os dois, venha te dizer: \u2018D\u00e1 o lugar a ele\u2019. Ent\u00e3o tu ficar\u00e1s envergonhado e ir\u00e1s ocupar o \u00faltimo lugar.&nbsp;<sup>10<\/sup>Mas, quando tu fores convidado, vai sentar-te no \u00faltimo lugar. Assim, quando chegar quem te convidou, te dir\u00e1: \u2018Amigo, vem mais para cima\u2019. E isso vai ser uma honra para ti diante de todos os convidados.&nbsp;<sup>11<\/sup>Porque quem se eleva ser\u00e1 humilhado e quem se humilha ser\u00e1 elevado\u201d. \u2013 Palavra da salva\u00e7\u00e3o.<\/p>\n\n\n\n<p>Reflex\u00e3o:<\/p>\n\n\n\n<p><em>Jesus aceita o convite do chefe dos fariseus, mas pode tratar-se de banquete-cilada! No texto anterior, consideramos a presen\u00e7a e o significado do homem com reten\u00e7\u00e3o de l\u00edquido (hidropisia). Jesus aproveita a presen\u00e7a dos convidados para instru\u00ed-los. Servindo-se da ocasi\u00e3o do banquete, realidade comum aos povos de todos os tempos, Jesus deixa-nos a li\u00e7\u00e3o da humildade. Denuncia o orgulho das pessoas que pretendem ocupar sempre os primeiros lugares, recordando que estes s\u00e3o reservados aos que se fazem humildes. Por conseguinte, por educa\u00e7\u00e3o, prud\u00eancia e humildade, conv\u00e9m ocupar o \u00faltimo lugar. Se a pessoa for convidada a vir \u201cmais para cima\u201d, valoriza\u00e7\u00e3o para ela. No Reino de Deus, Jesus o diz v\u00e1rias vezes, o maior \u00e9 o servidor de todos; o lugar de honra \u00e9 o \u00faltimo: quem se humilha ser\u00e1 elevado!<\/em><\/p>\n","protected":false},"excerpt":{"rendered":"<p>O Senhor firmou com ele uma alian\u00e7a de paz, fazendo-o chefe do seu povo e sacerdote para sempre (Eclo 45,30). Carlos nasceu em 1538 na It\u00e1lia e l\u00e1 faleceu em 1584. Arcebispo de&#8230;<\/p>\n","protected":false},"author":2,"featured_media":21429,"comment_status":"open","ping_status":"open","sticky":false,"template":"","format":"standard","meta":[],"categories":[7],"tags":[],"_links":{"self":[{"href":"https:\/\/www.salvatorianas.org.br\/blog\/wp-json\/wp\/v2\/posts\/21427"}],"collection":[{"href":"https:\/\/www.salvatorianas.org.br\/blog\/wp-json\/wp\/v2\/posts"}],"about":[{"href":"https:\/\/www.salvatorianas.org.br\/blog\/wp-json\/wp\/v2\/types\/post"}],"author":[{"embeddable":true,"href":"https:\/\/www.salvatorianas.org.br\/blog\/wp-json\/wp\/v2\/users\/2"}],"replies":[{"embeddable":true,"href":"https:\/\/www.salvatorianas.org.br\/blog\/wp-json\/wp\/v2\/comments?post=21427"}],"version-history":[{"count":1,"href":"https:\/\/www.salvatorianas.org.br\/blog\/wp-json\/wp\/v2\/posts\/21427\/revisions"}],"predecessor-version":[{"id":21430,"href":"https:\/\/www.salvatorianas.org.br\/blog\/wp-json\/wp\/v2\/posts\/21427\/revisions\/21430"}],"wp:featuredmedia":[{"embeddable":true,"href":"https:\/\/www.salvatorianas.org.br\/blog\/wp-json\/wp\/v2\/media\/21429"}],"wp:attachment":[{"href":"https:\/\/www.salvatorianas.org.br\/blog\/wp-json\/wp\/v2\/media?parent=21427"}],"wp:term":[{"taxonomy":"category","embeddable":true,"href":"https:\/\/www.salvatorianas.org.br\/blog\/wp-json\/wp\/v2\/categories?post=21427"},{"taxonomy":"post_tag","embeddable":true,"href":"https:\/\/www.salvatorianas.org.br\/blog\/wp-json\/wp\/v2\/tags?post=21427"}],"curies":[{"name":"wp","href":"https:\/\/api.w.org\/{rel}","templated":true}]}}