{"id":21422,"date":"2023-11-03T01:28:00","date_gmt":"2023-11-03T01:28:00","guid":{"rendered":"https:\/\/www.salvatorianas.org.br\/blog\/?p=21422"},"modified":"2023-11-01T19:29:36","modified_gmt":"2023-11-01T19:29:36","slug":"30a-semana-do-tempo-comum-ano-impar-i-4","status":"publish","type":"post","link":"https:\/\/www.salvatorianas.org.br\/blog\/30a-semana-do-tempo-comum-ano-impar-i-4\/","title":{"rendered":"30\u00aa Semana do Tempo Comum, Ano \u00cdmpar (I)"},"content":{"rendered":"\n<p>Exulte o cora\u00e7\u00e3o dos que buscam a Deus. Sim, buscai o Senhor e sua for\u00e7a, procurai sem cessar a sua face (Sl 104,3s).<\/p>\n\n\n\n<p><em>O aut\u00eantico pregador do Evangelho sente \u201cuma grande tristeza e uma dor cont\u00ednua\u201d por aqueles que se recusam a aceitar Jesus como Senhor. Somos convidados a seguir fielmente a Cristo, cultivando a coragem para superar oposi\u00e7\u00f5es, limita\u00e7\u00f5es e impedimentos que sufocam a caridade.<\/em><\/p>\n\n\n\n<p>Primeira Leitura:&nbsp;<strong>Romanos 9,1-5<\/strong><\/p>\n\n\n\n<p>Leitura da carta de S\u00e3o Paulo aos Romanos \u2013 Irm\u00e3os,&nbsp;<sup>1<\/sup>n\u00e3o estou mentindo, mas, em Cristo, digo a verdade, apoiado no testemunho do Esp\u00edrito Santo e da minha consci\u00eancia:&nbsp;<sup>2<\/sup>tenho no cora\u00e7\u00e3o uma grande tristeza e uma dor cont\u00ednua,&nbsp;<sup>3<\/sup>a ponto de desejar ser eu mesmo segregado por Cristo em favor de meus irm\u00e3os, os de minha ra\u00e7a.&nbsp;<sup>4<\/sup>Eles s\u00e3o israelitas. A eles pertencem a filia\u00e7\u00e3o adotiva, a gl\u00f3ria, as alian\u00e7as, as leis, o culto, as promessas&nbsp;<sup>5<\/sup>e tamb\u00e9m os patriarcas. Deles \u00e9 que descende, quanto \u00e0 sua humanidade, Cristo, o qual est\u00e1 acima de todos, Deus bendito para sempre! Am\u00e9m! \u2013 Palavra do Senhor.<\/p>\n\n\n\n<p>Salmo Responsorial:&nbsp;<strong>147(147B)<\/strong><\/p>\n\n\n\n<p><strong>&nbsp;Glorifica o Senhor, Jerusal\u00e9m!<\/strong><\/p>\n\n\n\n<p>1. Glorifica o Senhor, Jerusal\u00e9m!&nbsp;\/&nbsp;\u00d3 Si\u00e3o, canta louvores ao teu Deus!&nbsp;\/&nbsp;Pois refor\u00e7ou com seguran\u00e7a as tuas portas&nbsp;\/&nbsp;e os teus filhos em teu seio aben\u00e7oou.&nbsp;\u2013 R.<\/p>\n\n\n\n<p>2. A paz em teus limites garantiu&nbsp;\/&nbsp;e te d\u00e1 como alimento a flor do trigo.&nbsp;\/&nbsp;Ele envia suas ordens para a terra,&nbsp;\/&nbsp;e a palavra que ele diz corre veloz.&nbsp;\u2013 R.<\/p>\n\n\n\n<p>3. Anuncia a Jac\u00f3 sua palavra,&nbsp;\/&nbsp;seus preceitos, suas leis a Israel.&nbsp;\/&nbsp;Nenhum povo recebeu tanto carinho,&nbsp;\/&nbsp;a nenhum outro revelou os seus preceitos.&nbsp;\u2013 R.<\/p>\n\n\n\n<p>Evangelho:&nbsp;<strong>Lucas 14,1-6<\/strong><\/p>\n\n\n\n<p><strong><em>Aleluia<\/em><em>, aleluia, aleluia.<\/em><\/strong><\/p>\n\n\n\n<p><strong>Minhas ovelhas escutam minha voz,&nbsp;\/&nbsp;eu as conhe\u00e7o e elas me seguem (Jo 10,27).&nbsp;\u2013 R.<\/strong><\/p>\n\n\n\n<p>Proclama\u00e7\u00e3o do Evangelho de Jesus Cristo segundo Lucas \u2013&nbsp;<sup>1<\/sup>Aconteceu que, num dia de s\u00e1bado, Jesus foi comer na casa de um dos chefes dos fariseus. E eles o observavam.&nbsp;<sup>2<\/sup>Diante de Jesus, havia um hidr\u00f3pico.&nbsp;<sup>3<\/sup>Tomando a palavra, Jesus falou aos mestres da Lei e aos fariseus: \u201cA Lei permite curar em dia de s\u00e1bado ou n\u00e3o?\u201d&nbsp;<sup>4<\/sup>Mas eles ficaram em sil\u00eancio. Ent\u00e3o Jesus tomou o homem pela m\u00e3o, curou-o e despediu-o.&nbsp;<sup>5<\/sup>Depois lhes disse: \u201cSe algum de v\u00f3s tem um filho ou um boi que caiu num po\u00e7o, n\u00e3o o tira logo, mesmo em dia de s\u00e1bado?\u201d&nbsp;<sup>6<\/sup>E eles n\u00e3o foram capazes de responder a isso. \u2013 Palavra da salva\u00e7\u00e3o.<\/p>\n\n\n\n<p>Reflex\u00e3o:<\/p>\n\n\n\n<p><em>O homem hidr\u00f3pico (cheio de \u00e1gua) simboliza o povo inchado pelo ensinamento dos fariseus. A mulher encurvada (cf. Lc 13,11) e o homem hidr\u00f3pico s\u00e3o uma caricatura do povo oprimido. Ao contr\u00e1rio do ensinamento dos fariseus, o de Jesus restaura o ser humano e lhe restitui a capacidade de assimilar por si mesmo os conte\u00fados propostos. Apesar da severa proibi\u00e7\u00e3o contida no repouso sab\u00e1tico, \u00e9 nesse dia que Jesus liberta o doente da sua enfermidade (hidropisia). Toda institui\u00e7\u00e3o tende a subjugar as pessoas, impondo leis e mais leis. Para Jesus, no entanto, tudo tem de se p\u00f4r a servi\u00e7o da pessoa. A vida humana est\u00e1 acima de qualquer outra coisa, at\u00e9 mesmo da institui\u00e7\u00e3o mais sagrada, que \u00e9 o S\u00c1BADO. Os fariseus, por\u00e9m, mantinham as pessoas inchadas, isto \u00e9, doentes, com a desculpa de servirem a Deus.<\/em><\/p>\n","protected":false},"excerpt":{"rendered":"<p>Exulte o cora\u00e7\u00e3o dos que buscam a Deus. Sim, buscai o Senhor e sua for\u00e7a, procurai sem cessar a sua face (Sl 104,3s). O aut\u00eantico pregador do Evangelho sente \u201cuma grande tristeza e&#8230;<\/p>\n","protected":false},"author":2,"featured_media":21423,"comment_status":"open","ping_status":"open","sticky":false,"template":"","format":"standard","meta":[],"categories":[7],"tags":[],"_links":{"self":[{"href":"https:\/\/www.salvatorianas.org.br\/blog\/wp-json\/wp\/v2\/posts\/21422"}],"collection":[{"href":"https:\/\/www.salvatorianas.org.br\/blog\/wp-json\/wp\/v2\/posts"}],"about":[{"href":"https:\/\/www.salvatorianas.org.br\/blog\/wp-json\/wp\/v2\/types\/post"}],"author":[{"embeddable":true,"href":"https:\/\/www.salvatorianas.org.br\/blog\/wp-json\/wp\/v2\/users\/2"}],"replies":[{"embeddable":true,"href":"https:\/\/www.salvatorianas.org.br\/blog\/wp-json\/wp\/v2\/comments?post=21422"}],"version-history":[{"count":1,"href":"https:\/\/www.salvatorianas.org.br\/blog\/wp-json\/wp\/v2\/posts\/21422\/revisions"}],"predecessor-version":[{"id":21424,"href":"https:\/\/www.salvatorianas.org.br\/blog\/wp-json\/wp\/v2\/posts\/21422\/revisions\/21424"}],"wp:featuredmedia":[{"embeddable":true,"href":"https:\/\/www.salvatorianas.org.br\/blog\/wp-json\/wp\/v2\/media\/21423"}],"wp:attachment":[{"href":"https:\/\/www.salvatorianas.org.br\/blog\/wp-json\/wp\/v2\/media?parent=21422"}],"wp:term":[{"taxonomy":"category","embeddable":true,"href":"https:\/\/www.salvatorianas.org.br\/blog\/wp-json\/wp\/v2\/categories?post=21422"},{"taxonomy":"post_tag","embeddable":true,"href":"https:\/\/www.salvatorianas.org.br\/blog\/wp-json\/wp\/v2\/tags?post=21422"}],"curies":[{"name":"wp","href":"https:\/\/api.w.org\/{rel}","templated":true}]}}