{"id":21415,"date":"2023-11-01T01:35:00","date_gmt":"2023-11-01T01:35:00","guid":{"rendered":"https:\/\/www.salvatorianas.org.br\/blog\/?p=21415"},"modified":"2023-10-31T19:35:46","modified_gmt":"2023-10-31T19:35:46","slug":"30a-semana-do-tempo-comum-ano-impar-i-3","status":"publish","type":"post","link":"https:\/\/www.salvatorianas.org.br\/blog\/30a-semana-do-tempo-comum-ano-impar-i-3\/","title":{"rendered":"30\u00aa Semana do Tempo Comum, Ano \u00cdmpar (I)"},"content":{"rendered":"\n<p>Exulte o cora\u00e7\u00e3o dos que buscam a Deus. Sim, buscai o Senhor e sua for\u00e7a, procurai sem cessar a sua face (Sl 104,3s).<\/p>\n\n\n\n<p><em>O valor da ora\u00e7\u00e3o n\u00e3o reside na quantidade de palavras que proferimos nem no barulho que com elas fazemos. A verdadeira ora\u00e7\u00e3o crist\u00e3 \u00e9 inspirada pelo Esp\u00edrito, brota do nosso amor a Deus e leva-nos \u00e0 pr\u00e1tica da justi\u00e7a. Examinemo-nos sobre a qualidade de nossas ora\u00e7\u00f5es.<\/em><\/p>\n\n\n\n<p>Primeira Leitura:&nbsp;<strong>Romanos 8,26-30<\/strong><\/p>\n\n\n\n<p>Leitura da carta de S\u00e3o Paulo aos Romanos \u2013 Irm\u00e3os,&nbsp;<sup>26<\/sup>o Esp\u00edrito vem em socorro da nossa fraqueza. Pois n\u00f3s n\u00e3o sabemos o que pedir nem como pedir; \u00e9 o pr\u00f3prio Esp\u00edrito que intercede em nosso favor, com gemidos inef\u00e1veis.&nbsp;<sup>27<\/sup>E aquele que penetra o \u00edntimo dos cora\u00e7\u00f5es sabe qual \u00e9 a inten\u00e7\u00e3o do Esp\u00edrito. Pois \u00e9 sempre segundo Deus que o Esp\u00edrito intercede em favor dos santos.&nbsp;<sup>28<\/sup>Sabemos que tudo contribui para o bem daqueles que amam a Deus, daqueles que s\u00e3o chamados para a salva\u00e7\u00e3o, de acordo com o projeto de Deus.&nbsp;<sup>29<\/sup>Pois aqueles que Deus contemplou com seu amor desde sempre, a esses ele predestinou a serem conformes \u00e0 imagem de seu Filho, para que este seja o primog\u00eanito numa multid\u00e3o de irm\u00e3os.<sup>&nbsp;30<\/sup>E aqueles que Deus predestinou, tamb\u00e9m os chamou. E aos que chamou, tamb\u00e9m os tornou justos; e aos que tornou justos, tamb\u00e9m os glorificou. \u2013 Palavra do Senhor.<\/p>\n\n\n\n<p>Salmo Responsorial:&nbsp;<strong>12(13)<\/strong><\/p>\n\n\n\n<p><strong>Senhor, eu confiei na vossa gra\u00e7a!<\/strong><\/p>\n\n\n\n<p>1. Olhai, Senhor, meu Deus, e respondei-me!&nbsp;\u2020&nbsp;N\u00e3o deixeis que se me apague a luz dos olhos&nbsp;\/&nbsp;e se fechem, pela morte, adormecidos!&nbsp;\/&nbsp;Que o inimigo n\u00e3o me diga: \u201cEu triunfei!\u201d&nbsp;\/&nbsp;Nem exulte o opressor por minha queda.&nbsp;\u2013 R.<\/p>\n\n\n\n<p>2. Uma vez que confiei no vosso amor,&nbsp;\u2020&nbsp;meu cora\u00e7\u00e3o, por vosso aux\u00edlio, rejubile,&nbsp;\/&nbsp;e que eu vos cante pelo bem que me fizestes!&nbsp;\u2013 R.<\/p>\n\n\n\n<p>Evangelho:&nbsp;<strong>Lucas 13,22-30<\/strong><\/p>\n\n\n\n<p><strong><em>Aleluia, aleluia, aleluia.<\/em><\/strong><\/p>\n\n\n\n<p><strong>Pelo Evangelho o Pai nos chamou,&nbsp;\/&nbsp;a fim de alcan\u00e7armos a gl\u00f3ria&nbsp;\/&nbsp;de nosso Senhor Jesus Cristo (2Ts 2,14).&nbsp;\u2013 R.<\/strong><\/p>\n\n\n\n<p>Proclama\u00e7\u00e3o do Evangelho de Jesus Cristo segundo Lucas \u2013 Naquele tempo,&nbsp;<sup>22<\/sup>Jesus atravessava cidades e povoados, ensinando e prosseguindo o caminho para Jerusal\u00e9m.&nbsp;<sup>23<\/sup>Algu\u00e9m lhe perguntou: \u201cSenhor, \u00e9 verdade que s\u00e3o poucos os que se salvam?\u201d Jesus respondeu:&nbsp;<sup>24<\/sup>\u201cFazei todo esfor\u00e7o poss\u00edvel para entrar pela porta estreita. Porque eu vos digo que muitos tentar\u00e3o entrar e n\u00e3o conseguir\u00e3o.&nbsp;<sup>25<\/sup>Uma vez que o dono da casa se levantar e fechar a porta, v\u00f3s, do lado de fora, come\u00e7areis a bater, dizendo: \u2018Senhor, abre-nos a porta!\u2019 Ele responder\u00e1: \u2018N\u00e3o sei de onde sois\u2019.&nbsp;<sup>26<\/sup>Ent\u00e3o come\u00e7areis a dizer: \u2018N\u00f3s comemos e bebemos diante de ti, e tu ensinaste em nossas pra\u00e7as!\u2019&nbsp;<sup>27<\/sup>Ele, por\u00e9m, responder\u00e1: \u2018N\u00e3o sei de onde sois. Afastai-vos de mim todos v\u00f3s que praticais a injusti\u00e7a!\u2019&nbsp;<sup>28<\/sup>Ali haver\u00e1 choro e ranger de dentes, quando virdes Abra\u00e3o, Isaac e Jac\u00f3, junto com todos os profetas, no Reino de Deus e v\u00f3s, por\u00e9m, sendo lan\u00e7ados fora.<sup>&nbsp;29<\/sup>Vir\u00e3o homens do oriente e do ocidente, do norte e do sul, e tomar\u00e3o lugar \u00e0 mesa no Reino de Deus.&nbsp;<sup>30<\/sup>E assim h\u00e1 \u00faltimos que ser\u00e3o primeiros e primeiros que ser\u00e3o \u00faltimos\u201d. \u2013 Palavra da salva\u00e7\u00e3o.<\/p>\n\n\n\n<p>Reflex\u00e3o:<\/p>\n\n\n\n<p><em>S\u00e3o muitos os que se salvam? A pergunta nasce talvez de algu\u00e9m com a mentalidade de \u201ccolecionador\u201d de boas obras, como os fariseus. Estes acreditam garantir a pr\u00f3pria salva\u00e7\u00e3o \u00e0 for\u00e7a de acumular, no curr\u00edculo, bom n\u00famero de obras agrad\u00e1veis a Deus. Jesus tenta corrigir essa forma de pensar. Diz que muitos se apresentar\u00e3o com as credenciais de quem viu Jesus falar nas pra\u00e7as e at\u00e9 tomou refei\u00e7\u00e3o com ele, como bons amigos. Ningu\u00e9m se iluda. Esforcem-se para entrar. A porta \u00e9 pequena e dificultosa: um alerta para os crist\u00e3os que se fiam e gloriam de cumprir os preceitos da Igreja (missas, sacramentos, rezas), mas n\u00e3o conseguem viver em paz com a fam\u00edlia e arrastam \u00f3dios intermin\u00e1veis pela vida afora. Salvam-se os que praticam a justi\u00e7a e a caridade.<\/em><\/p>\n","protected":false},"excerpt":{"rendered":"<p>Exulte o cora\u00e7\u00e3o dos que buscam a Deus. Sim, buscai o Senhor e sua for\u00e7a, procurai sem cessar a sua face (Sl 104,3s). O valor da ora\u00e7\u00e3o n\u00e3o reside na quantidade de palavras&#8230;<\/p>\n","protected":false},"author":2,"featured_media":21416,"comment_status":"open","ping_status":"open","sticky":false,"template":"","format":"standard","meta":[],"categories":[7],"tags":[],"_links":{"self":[{"href":"https:\/\/www.salvatorianas.org.br\/blog\/wp-json\/wp\/v2\/posts\/21415"}],"collection":[{"href":"https:\/\/www.salvatorianas.org.br\/blog\/wp-json\/wp\/v2\/posts"}],"about":[{"href":"https:\/\/www.salvatorianas.org.br\/blog\/wp-json\/wp\/v2\/types\/post"}],"author":[{"embeddable":true,"href":"https:\/\/www.salvatorianas.org.br\/blog\/wp-json\/wp\/v2\/users\/2"}],"replies":[{"embeddable":true,"href":"https:\/\/www.salvatorianas.org.br\/blog\/wp-json\/wp\/v2\/comments?post=21415"}],"version-history":[{"count":1,"href":"https:\/\/www.salvatorianas.org.br\/blog\/wp-json\/wp\/v2\/posts\/21415\/revisions"}],"predecessor-version":[{"id":21417,"href":"https:\/\/www.salvatorianas.org.br\/blog\/wp-json\/wp\/v2\/posts\/21415\/revisions\/21417"}],"wp:featuredmedia":[{"embeddable":true,"href":"https:\/\/www.salvatorianas.org.br\/blog\/wp-json\/wp\/v2\/media\/21416"}],"wp:attachment":[{"href":"https:\/\/www.salvatorianas.org.br\/blog\/wp-json\/wp\/v2\/media?parent=21415"}],"wp:term":[{"taxonomy":"category","embeddable":true,"href":"https:\/\/www.salvatorianas.org.br\/blog\/wp-json\/wp\/v2\/categories?post=21415"},{"taxonomy":"post_tag","embeddable":true,"href":"https:\/\/www.salvatorianas.org.br\/blog\/wp-json\/wp\/v2\/tags?post=21415"}],"curies":[{"name":"wp","href":"https:\/\/api.w.org\/{rel}","templated":true}]}}