{"id":21406,"date":"2023-10-31T13:55:32","date_gmt":"2023-10-31T13:55:32","guid":{"rendered":"https:\/\/www.salvatorianas.org.br\/blog\/?p=21406"},"modified":"2023-10-31T13:55:33","modified_gmt":"2023-10-31T13:55:33","slug":"desdobramentos-do-documento-capitular","status":"publish","type":"post","link":"https:\/\/www.salvatorianas.org.br\/blog\/desdobramentos-do-documento-capitular\/","title":{"rendered":"Desdobramentos do Documento Capitular"},"content":{"rendered":"\n<p><\/p>\n\n\n\n<p> Neste momento hist\u00f3rico em que vivemos rodeadas\/os por in\u00fameras situa\u00e7\u00f5es de mortes, cat\u00e1strofes, guerras, mudan\u00e7as clim\u00e1ticas &#8230;. <strong>n\u00f3s queremos PAZ.<\/strong> Com essa motiva\u00e7\u00e3o todas as Irm\u00e3s e formandas da Prov\u00edncia Santa Catarina participaram tamb\u00e9m, no dia 31 de outubro, de uma reflex\u00e3o conjunta sobre a continuidade dos desdobramentos do Documento Capitular elaborado como corpo apost\u00f3lico em discernimento e aprovado em 2022, no qual individuamos QUATRO CEN\u00c1RIOS que queremos cuidar e intensificar em nossa viv\u00eancia e a\u00e7\u00e3o: <em>Rela\u00e7\u00f5es, Pobres e Vulner\u00e1veis, Colabora\u00e7\u00e3o e Sinodalidade; Casa Salvatoriana<\/em> e sobre os quais, somos chamadas\/os a agir para transformar no quadri\u00eanio 2023-2026. Escolhemos tamb\u00e9m QUATRO ENFOQUES: <em>Forma\u00e7\u00e3o para todas\/os; Vocacionaliza\u00e7\u00e3o mission\u00e1ria; Espiritualidade Salvatoriana; Humaniza\u00e7\u00e3o de todos os servi\u00e7os<\/em> a partir dos quais as iniciativas de transforma\u00e7\u00e3o ser\u00e3o concretizadas, pois eles s\u00e3o refer\u00eancias que brotam da Palavra de Deus, das fontes do carisma salvatoriano e do contexto eclesial expresso nos Documentos da Igreja.<\/p>\n\n\n\n<p>Esse momento foi coordenado pela Equipe de Coordena\u00e7\u00e3o Provincial com a facilita\u00e7\u00e3o da Ir. Dulcelene de F. Ceccato.<\/p>\n\n\n\n<figure class=\"wp-block-image size-large\"><img decoding=\"async\" loading=\"lazy\" width=\"1024\" height=\"392\" src=\"https:\/\/www.salvatorianas.org.br\/blog\/wp-content\/uploads\/2023\/10\/1-1-1024x392.jpg\" alt=\"\" class=\"wp-image-21408\" srcset=\"https:\/\/www.salvatorianas.org.br\/blog\/wp-content\/uploads\/2023\/10\/1-1-1024x392.jpg 1024w, https:\/\/www.salvatorianas.org.br\/blog\/wp-content\/uploads\/2023\/10\/1-1-300x115.jpg 300w, https:\/\/www.salvatorianas.org.br\/blog\/wp-content\/uploads\/2023\/10\/1-1-768x294.jpg 768w, https:\/\/www.salvatorianas.org.br\/blog\/wp-content\/uploads\/2023\/10\/1-1-1536x588.jpg 1536w, https:\/\/www.salvatorianas.org.br\/blog\/wp-content\/uploads\/2023\/10\/1-1-2048x784.jpg 2048w\" sizes=\"(max-width: 1024px) 100vw, 1024px\" \/><\/figure>\n\n\n\n<p><\/p>\n\n\n\n<figure class=\"wp-block-image size-large\"><img decoding=\"async\" loading=\"lazy\" width=\"1024\" height=\"334\" src=\"https:\/\/www.salvatorianas.org.br\/blog\/wp-content\/uploads\/2023\/10\/2-1-1024x334.jpg\" alt=\"\" class=\"wp-image-21409\" srcset=\"https:\/\/www.salvatorianas.org.br\/blog\/wp-content\/uploads\/2023\/10\/2-1-1024x334.jpg 1024w, https:\/\/www.salvatorianas.org.br\/blog\/wp-content\/uploads\/2023\/10\/2-1-300x98.jpg 300w, https:\/\/www.salvatorianas.org.br\/blog\/wp-content\/uploads\/2023\/10\/2-1-768x251.jpg 768w, https:\/\/www.salvatorianas.org.br\/blog\/wp-content\/uploads\/2023\/10\/2-1.jpg 1247w\" sizes=\"(max-width: 1024px) 100vw, 1024px\" \/><\/figure>\n\n\n\n<p><\/p>\n\n\n\n<figure class=\"wp-block-image size-large\"><img decoding=\"async\" loading=\"lazy\" width=\"1024\" height=\"344\" src=\"https:\/\/www.salvatorianas.org.br\/blog\/wp-content\/uploads\/2023\/10\/3-1-1024x344.jpg\" alt=\"\" class=\"wp-image-21410\" srcset=\"https:\/\/www.salvatorianas.org.br\/blog\/wp-content\/uploads\/2023\/10\/3-1-1024x344.jpg 1024w, https:\/\/www.salvatorianas.org.br\/blog\/wp-content\/uploads\/2023\/10\/3-1-300x101.jpg 300w, https:\/\/www.salvatorianas.org.br\/blog\/wp-content\/uploads\/2023\/10\/3-1-768x258.jpg 768w, https:\/\/www.salvatorianas.org.br\/blog\/wp-content\/uploads\/2023\/10\/3-1.jpg 1246w\" sizes=\"(max-width: 1024px) 100vw, 1024px\" \/><\/figure>\n\n\n\n<p><\/p>\n\n\n\n<figure class=\"wp-block-image size-large\"><img decoding=\"async\" loading=\"lazy\" width=\"1024\" height=\"336\" src=\"https:\/\/www.salvatorianas.org.br\/blog\/wp-content\/uploads\/2023\/10\/4-1-1024x336.jpg\" alt=\"\" class=\"wp-image-21412\" srcset=\"https:\/\/www.salvatorianas.org.br\/blog\/wp-content\/uploads\/2023\/10\/4-1-1024x336.jpg 1024w, https:\/\/www.salvatorianas.org.br\/blog\/wp-content\/uploads\/2023\/10\/4-1-300x99.jpg 300w, https:\/\/www.salvatorianas.org.br\/blog\/wp-content\/uploads\/2023\/10\/4-1-768x252.jpg 768w, https:\/\/www.salvatorianas.org.br\/blog\/wp-content\/uploads\/2023\/10\/4-1.jpg 1254w\" sizes=\"(max-width: 1024px) 100vw, 1024px\" \/><\/figure>\n","protected":false},"excerpt":{"rendered":"<p>Neste momento hist\u00f3rico em que vivemos rodeadas\/os por in\u00fameras situa\u00e7\u00f5es de mortes, cat\u00e1strofes, guerras, mudan\u00e7as clim\u00e1ticas &#8230;. n\u00f3s queremos PAZ. Com essa motiva\u00e7\u00e3o todas as Irm\u00e3s e formandas da Prov\u00edncia Santa Catarina participaram&#8230;<\/p>\n","protected":false},"author":2,"featured_media":21396,"comment_status":"open","ping_status":"open","sticky":false,"template":"","format":"standard","meta":[],"categories":[1],"tags":[],"_links":{"self":[{"href":"https:\/\/www.salvatorianas.org.br\/blog\/wp-json\/wp\/v2\/posts\/21406"}],"collection":[{"href":"https:\/\/www.salvatorianas.org.br\/blog\/wp-json\/wp\/v2\/posts"}],"about":[{"href":"https:\/\/www.salvatorianas.org.br\/blog\/wp-json\/wp\/v2\/types\/post"}],"author":[{"embeddable":true,"href":"https:\/\/www.salvatorianas.org.br\/blog\/wp-json\/wp\/v2\/users\/2"}],"replies":[{"embeddable":true,"href":"https:\/\/www.salvatorianas.org.br\/blog\/wp-json\/wp\/v2\/comments?post=21406"}],"version-history":[{"count":2,"href":"https:\/\/www.salvatorianas.org.br\/blog\/wp-json\/wp\/v2\/posts\/21406\/revisions"}],"predecessor-version":[{"id":21414,"href":"https:\/\/www.salvatorianas.org.br\/blog\/wp-json\/wp\/v2\/posts\/21406\/revisions\/21414"}],"wp:featuredmedia":[{"embeddable":true,"href":"https:\/\/www.salvatorianas.org.br\/blog\/wp-json\/wp\/v2\/media\/21396"}],"wp:attachment":[{"href":"https:\/\/www.salvatorianas.org.br\/blog\/wp-json\/wp\/v2\/media?parent=21406"}],"wp:term":[{"taxonomy":"category","embeddable":true,"href":"https:\/\/www.salvatorianas.org.br\/blog\/wp-json\/wp\/v2\/categories?post=21406"},{"taxonomy":"post_tag","embeddable":true,"href":"https:\/\/www.salvatorianas.org.br\/blog\/wp-json\/wp\/v2\/tags?post=21406"}],"curies":[{"name":"wp","href":"https:\/\/api.w.org\/{rel}","templated":true}]}}